{"id":411,"date":"2021-03-21T09:38:00","date_gmt":"2021-03-21T08:38:00","guid":{"rendered":"https:\/\/fpiesalmadraba.wordpress.com\/?p=10"},"modified":"2023-03-20T18:37:46","modified_gmt":"2023-03-20T18:37:46","slug":"example-post-3","status":"publish","type":"post","link":"https:\/\/blogsaverroes.juntadeandalucia.es\/fpiesalmadraba\/2021\/03\/21\/example-post-3\/","title":{"rendered":"Bienvenida al nuevo sitio web"},"content":{"rendered":"\r\n<p><em>Esta p\u00e1gina est\u00e1 destinada a que conozcas m\u00e1s la Formaci\u00f3n Profesional del IES Almadraba (Tarifa).<\/em><\/p>\r\n\r\n\r\n\r\n<p class=\"has-text-align-center\"><strong><span class=\"has-inline-color\" style=\"color: #9daac6\">\u00bfQu\u00e9 vas a encontrar? <\/span><\/strong><\/p>\r\n\r\n\r\n\r\n<ul>\r\n<li>Nuestra oferta formativa, con los m\u00f3dulos que se imparten en cada ciclo, las salidas profesionales, etc.<\/li>\r\n<li>El proceso de admisi\u00f3n para la FP, d\u00f3nde se realiza, los requisitos de acceso.<\/li>\r\n<li>La actualidad de nuestro centro, con las actividades realizadas, pr\u00f3ximos eventos y otra informaci\u00f3n para estar al tanto de qu\u00e9 sucede en \u00e9l.<\/li>\r\n<li>Otra informaci\u00f3n de inter\u00e9s: preguntas frecuentes, c\u00f3mo llegar al instituto, etc.<\/li>\r\n<\/ul>\r\n\r\n\r\n\r\n<p class=\"has-small-font-size\"><em>El fin \u00faltimo de esta web es que conozcas un poquito de nosotr@s y quiz\u00e1s te animes a unirte a nuestras aulas en el futuro.<\/em><\/p>\r\n\r\n\r\n\r\n<p>Si quieres enterarte de nuestras \u00faltimas noticias, suscr\u00edbete a nuestro blog.<\/p>\r\n","protected":false},"excerpt":{"rendered":"<p>Esta p\u00e1gina est\u00e1 destinada a que conozcas m\u00e1s la Formaci\u00f3n Profesional del IES Almadraba (Tarifa). \u00bfQu\u00e9 vas a encontrar? Nuestra oferta formativa, con los m\u00f3dulos&hellip;<\/p>\n","protected":false},"author":10364,"featured_media":694,"comment_status":"open","ping_status":"open","sticky":false,"template":"","format":"standard","meta":{"ngg_post_thumbnail":0,"footnotes":""},"categories":[1],"tags":[],"aioseo_notices":[],"_links":{"self":[{"href":"https:\/\/blogsaverroes.juntadeandalucia.es\/fpiesalmadraba\/wp-json\/wp\/v2\/posts\/411"}],"collection":[{"href":"https:\/\/blogsaverroes.juntadeandalucia.es\/fpiesalmadraba\/wp-json\/wp\/v2\/posts"}],"about":[{"href":"https:\/\/blogsaverroes.juntadeandalucia.es\/fpiesalmadraba\/wp-json\/wp\/v2\/types\/post"}],"author":[{"embeddable":true,"href":"https:\/\/blogsaverroes.juntadeandalucia.es\/fpiesalmadraba\/wp-json\/wp\/v2\/users\/10364"}],"replies":[{"embeddable":true,"href":"https:\/\/blogsaverroes.juntadeandalucia.es\/fpiesalmadraba\/wp-json\/wp\/v2\/comments?post=411"}],"version-history":[{"count":1,"href":"https:\/\/blogsaverroes.juntadeandalucia.es\/fpiesalmadraba\/wp-json\/wp\/v2\/posts\/411\/revisions"}],"predecessor-version":[{"id":695,"href":"https:\/\/blogsaverroes.juntadeandalucia.es\/fpiesalmadraba\/wp-json\/wp\/v2\/posts\/411\/revisions\/695"}],"wp:featuredmedia":[{"embeddable":true,"href":"https:\/\/blogsaverroes.juntadeandalucia.es\/fpiesalmadraba\/wp-json\/wp\/v2\/media\/694"}],"wp:attachment":[{"href":"https:\/\/blogsaverroes.juntadeandalucia.es\/fpiesalmadraba\/wp-json\/wp\/v2\/media?parent=411"}],"wp:term":[{"taxonomy":"category","embeddable":true,"href":"https:\/\/blogsaverroes.juntadeandalucia.es\/fpiesalmadraba\/wp-json\/wp\/v2\/categories?post=411"},{"taxonomy":"post_tag","embeddable":true,"href":"https:\/\/blogsaverroes.juntadeandalucia.es\/fpiesalmadraba\/wp-json\/wp\/v2\/tags?post=411"}],"curies":[{"name":"wp","href":"https:\/\/api.w.org\/{rel}","templated":true}]}}