{"id":527,"date":"2022-02-04T10:33:11","date_gmt":"2022-02-04T10:33:11","guid":{"rendered":"https:\/\/blogsaverroes.juntadeandalucia.es\/fpmalaga\/?p=527"},"modified":"2022-02-04T10:33:56","modified_gmt":"2022-02-04T10:33:56","slug":"orden-2-de-febrero-por-la-que-se-determinan-las-caracteristicas-diseno-y-contenido-de-la-evaluacion-de-bachillerato","status":"publish","type":"post","link":"https:\/\/blogsaverroes.juntadeandalucia.es\/fpmalaga\/2022\/02\/04\/orden-2-de-febrero-por-la-que-se-determinan-las-caracteristicas-diseno-y-contenido-de-la-evaluacion-de-bachillerato\/","title":{"rendered":"Orden 2 de Febrero, por la que se determinan, las caracter\u00edsticas, dise\u00f1o y contenido de la evaluaci\u00f3n de Bachillerato"},"content":{"rendered":"<p>Orden&nbsp; 2 de Febrero, por la que se determinan las caracter\u00edsticas, el dise\u00f1o y el contenido de la evaluaci\u00f3n de Bachillerato para el acceso a la Universidad, y las fechas m\u00e1ximas de realizaci\u00f3n y de resoluci\u00f3n de procedimientos de revisi\u00f3n de las calificaciones obtenidas en el curso 2021-2022.<\/p>\n<p>https:\/\/www.boe.es\/buscar\/doc.php?id=BOE-A-2022-1778<\/p>\n","protected":false},"excerpt":{"rendered":"<p>Orden&nbsp; 2 de Febrero, por la que se determinan las caracter\u00edsticas, el dise\u00f1o y el contenido de la evaluaci\u00f3n de Bachillerato para el acceso a la Universidad, y las fechas m\u00e1ximas de realizaci\u00f3n y&#46;&#46;&#46;<\/p>\n","protected":false},"author":12235,"featured_media":524,"comment_status":"open","ping_status":"open","sticky":false,"template":"","format":"standard","meta":{"ngg_post_thumbnail":0,"footnotes":""},"categories":[1],"tags":[],"aioseo_notices":[],"_links":{"self":[{"href":"https:\/\/blogsaverroes.juntadeandalucia.es\/fpmalaga\/wp-json\/wp\/v2\/posts\/527"}],"collection":[{"href":"https:\/\/blogsaverroes.juntadeandalucia.es\/fpmalaga\/wp-json\/wp\/v2\/posts"}],"about":[{"href":"https:\/\/blogsaverroes.juntadeandalucia.es\/fpmalaga\/wp-json\/wp\/v2\/types\/post"}],"author":[{"embeddable":true,"href":"https:\/\/blogsaverroes.juntadeandalucia.es\/fpmalaga\/wp-json\/wp\/v2\/users\/12235"}],"replies":[{"embeddable":true,"href":"https:\/\/blogsaverroes.juntadeandalucia.es\/fpmalaga\/wp-json\/wp\/v2\/comments?post=527"}],"version-history":[{"count":1,"href":"https:\/\/blogsaverroes.juntadeandalucia.es\/fpmalaga\/wp-json\/wp\/v2\/posts\/527\/revisions"}],"predecessor-version":[{"id":528,"href":"https:\/\/blogsaverroes.juntadeandalucia.es\/fpmalaga\/wp-json\/wp\/v2\/posts\/527\/revisions\/528"}],"wp:featuredmedia":[{"embeddable":true,"href":"https:\/\/blogsaverroes.juntadeandalucia.es\/fpmalaga\/wp-json\/wp\/v2\/media\/524"}],"wp:attachment":[{"href":"https:\/\/blogsaverroes.juntadeandalucia.es\/fpmalaga\/wp-json\/wp\/v2\/media?parent=527"}],"wp:term":[{"taxonomy":"category","embeddable":true,"href":"https:\/\/blogsaverroes.juntadeandalucia.es\/fpmalaga\/wp-json\/wp\/v2\/categories?post=527"},{"taxonomy":"post_tag","embeddable":true,"href":"https:\/\/blogsaverroes.juntadeandalucia.es\/fpmalaga\/wp-json\/wp\/v2\/tags?post=527"}],"curies":[{"name":"wp","href":"https:\/\/api.w.org\/{rel}","templated":true}]}}