{"id":568,"date":"2022-11-30T09:15:11","date_gmt":"2022-11-30T09:15:11","guid":{"rendered":"https:\/\/blogsaverroes.juntadeandalucia.es\/fpmalaga\/?p=568"},"modified":"2022-11-30T09:15:11","modified_gmt":"2022-11-30T09:15:11","slug":"resolucion-de-21-de-noviembre-de-2022-de-la-direccion-general-de-formacion-profesional-por-la-que-se-convocan-las-pruebas-de-acceso-a-los-ciclos-formativos-de-grado-medio-y-grado-superior-de-formaci","status":"publish","type":"post","link":"https:\/\/blogsaverroes.juntadeandalucia.es\/fpmalaga\/2022\/11\/30\/resolucion-de-21-de-noviembre-de-2022-de-la-direccion-general-de-formacion-profesional-por-la-que-se-convocan-las-pruebas-de-acceso-a-los-ciclos-formativos-de-grado-medio-y-grado-superior-de-formaci\/","title":{"rendered":"Resoluci\u00f3n de 21 de Noviembre de 2022, de la Direcci\u00f3n General de Formaci\u00f3n Profesional, por la que se convocan las pruebas de acceso a los Ciclos Formativos de Grado Medio y Grado Superior de Formaci\u00f3n Profesional en el curso escolar 2022\/2023"},"content":{"rendered":"<p><a href=\"https:\/\/blogsaverroes.juntadeandalucia.es\/fpmalaga\/files\/2022\/11\/PACF_2223-3.pdf\">PACF_2223 (3)<\/a><\/p>\n","protected":false},"excerpt":{"rendered":"<p>PACF_2223 (3)<\/p>\n","protected":false},"author":12235,"featured_media":572,"comment_status":"open","ping_status":"open","sticky":false,"template":"","format":"standard","meta":{"ngg_post_thumbnail":0,"footnotes":""},"categories":[1],"tags":[],"aioseo_notices":[],"_links":{"self":[{"href":"https:\/\/blogsaverroes.juntadeandalucia.es\/fpmalaga\/wp-json\/wp\/v2\/posts\/568"}],"collection":[{"href":"https:\/\/blogsaverroes.juntadeandalucia.es\/fpmalaga\/wp-json\/wp\/v2\/posts"}],"about":[{"href":"https:\/\/blogsaverroes.juntadeandalucia.es\/fpmalaga\/wp-json\/wp\/v2\/types\/post"}],"author":[{"embeddable":true,"href":"https:\/\/blogsaverroes.juntadeandalucia.es\/fpmalaga\/wp-json\/wp\/v2\/users\/12235"}],"replies":[{"embeddable":true,"href":"https:\/\/blogsaverroes.juntadeandalucia.es\/fpmalaga\/wp-json\/wp\/v2\/comments?post=568"}],"version-history":[{"count":2,"href":"https:\/\/blogsaverroes.juntadeandalucia.es\/fpmalaga\/wp-json\/wp\/v2\/posts\/568\/revisions"}],"predecessor-version":[{"id":571,"href":"https:\/\/blogsaverroes.juntadeandalucia.es\/fpmalaga\/wp-json\/wp\/v2\/posts\/568\/revisions\/571"}],"wp:featuredmedia":[{"embeddable":true,"href":"https:\/\/blogsaverroes.juntadeandalucia.es\/fpmalaga\/wp-json\/wp\/v2\/media\/572"}],"wp:attachment":[{"href":"https:\/\/blogsaverroes.juntadeandalucia.es\/fpmalaga\/wp-json\/wp\/v2\/media?parent=568"}],"wp:term":[{"taxonomy":"category","embeddable":true,"href":"https:\/\/blogsaverroes.juntadeandalucia.es\/fpmalaga\/wp-json\/wp\/v2\/categories?post=568"},{"taxonomy":"post_tag","embeddable":true,"href":"https:\/\/blogsaverroes.juntadeandalucia.es\/fpmalaga\/wp-json\/wp\/v2\/tags?post=568"}],"curies":[{"name":"wp","href":"https:\/\/api.w.org\/{rel}","templated":true}]}}