{"id":1147,"date":"2021-11-28T20:08:24","date_gmt":"2021-11-28T19:08:24","guid":{"rendered":"https:\/\/blogsaverroes.juntadeandalucia.es\/franciscoayala\/?p=1147"},"modified":"2022-01-30T08:51:27","modified_gmt":"2022-01-30T07:51:27","slug":"dia-contra-la-violencia-de-genero-25-de-noviembre","status":"publish","type":"post","link":"https:\/\/blogsaverroes.juntadeandalucia.es\/franciscoayala\/dia-contra-la-violencia-de-genero-25-de-noviembre\/","title":{"rendered":"D\u00eda Contra la Violencia de G\u00e9nero 25 de noviembre"},"content":{"rendered":"<p>[et_pb_section admin_label=&#8221;section&#8221;]<br \/>\n\t\t\t[et_pb_row admin_label=&#8221;row&#8221;]<br \/>\n\t\t\t\t[et_pb_column type=&#8221;4_4&#8243;][et_pb_text admin_label=&#8221;Text&#8221;]<img loading=\"lazy\" decoding=\"async\" class=\" wp-image-1150 aligncenter\" src=\"https:\/\/blogsaverroes.juntadeandalucia.es\/franciscoayala\/files\/2021\/11\/IMG-20211125-WA0021-300x183.jpg\" alt=\"\" width=\"426\" height=\"260\" srcset=\"https:\/\/blogsaverroes.juntadeandalucia.es\/franciscoayala\/files\/2021\/11\/IMG-20211125-WA0021-300x183.jpg 300w, https:\/\/blogsaverroes.juntadeandalucia.es\/franciscoayala\/files\/2021\/11\/IMG-20211125-WA0021.jpg 414w\" sizes=\"(max-width: 426px) 100vw, 426px\" \/><\/p>\n<p style=\"text-align: justify\">El d\u00eda 25 de noviembre es una fecha que los centros educativos no pueden ni deben olvidar. Es una fecha se\u00f1alada e importante en relaci\u00f3n con los derechos humanos en general y de las mujeres y ni\u00f1as en particular.&nbsp;<\/p>\n<p style=\"text-align: justify\">Tradicionalmente hemos trabajado durante esta jornada poniendo en com\u00fan una actividad grupal de todo el centro en el patio del colegio pero este curso hemos querido darle un giro que elimine la versi\u00f3n de &#8220;D\u00eda festivo&#8221; dot\u00e1ndole de una mayor importancia en cuanto a la formaci\u00f3n de nuestro alumnado en materia de igualdad de g\u00e9nero y diversidad.&nbsp;<\/p>\n<p style=\"text-align: justify\">En el apartado de planes y proyectos tienen disponible para su lectura el Plan de Igualdad de G\u00e9nero de&nbsp; nuestro Centro. Un plan que consideramos de especial inter\u00e9s dentro de nuestro Proyecto Educativo y que se basa en la importancia de la formaci\u00f3n de todos los miembros de la Comunidad Educativa en materia de prevenci\u00f3n ante todos los tipos de violencia de g\u00e9nero que existen y se dan en nuestra sociedad.&nbsp;<\/p>\n<p style=\"text-align: justify\">El alumnado de Segundo y Tercer Ciclo ha participado en sesiones de formaci\u00f3n impartidas por la empresa Ilusionarte y organizadas por el Ayuntamiento de Iznalloz.&nbsp;<\/p>\n<p>&nbsp;<img loading=\"lazy\" decoding=\"async\" class=\"wp-image-1149 aligncenter\" src=\"https:\/\/blogsaverroes.juntadeandalucia.es\/franciscoayala\/files\/2021\/11\/IMG-20211125-WA0008-300x224.jpg\" alt=\"\" width=\"413\" height=\"308\"><\/p>\n<p><img loading=\"lazy\" decoding=\"async\" class=\"wp-image-1151 aligncenter\" src=\"https:\/\/blogsaverroes.juntadeandalucia.es\/franciscoayala\/files\/2021\/11\/IMG-20211125-WA0045-300x135.jpg\" alt=\"\" width=\"542\" height=\"244\"><\/p>\n<p><img loading=\"lazy\" decoding=\"async\" class=\"wp-image-1152 aligncenter\" src=\"https:\/\/blogsaverroes.juntadeandalucia.es\/franciscoayala\/files\/2021\/11\/IMG-20211125-WA0046-300x135.jpg\" alt=\"\" width=\"409\" height=\"184\"><\/p>\n<p><img loading=\"lazy\" decoding=\"async\" class=\"alignnone size-medium wp-image-1148 aligncenter\" src=\"https:\/\/blogsaverroes.juntadeandalucia.es\/franciscoayala\/files\/2021\/11\/IMG-20211125-WA0007-224x300.jpg\" alt=\"\" width=\"224\" height=\"300\"><\/p>\n<p style=\"text-align: justify\">Por otra parte durante la semana previa a la fecha del 25 de noviembre se ha llevado a cabo una actividad de centro dirigida a potenciar las buenas relaciones en nuestro entorno m\u00e1s cercano llamada: TOC, TOC, BUENOS TRATOS.&nbsp;<\/p>\n<p style=\"text-align: justify\">A continuaci\u00f3n les dejamos algunas im\u00e1genes del proceso y del mural VIOLETA de nuestro centro donde se est\u00e1n exponiendo los trabajos del alumnado.&nbsp;<\/p>\n<p>&nbsp; &nbsp; &nbsp; &nbsp; &nbsp; &nbsp; <img loading=\"lazy\" decoding=\"async\" class=\"alignnone size-medium wp-image-1154\" src=\"https:\/\/blogsaverroes.juntadeandalucia.es\/franciscoayala\/files\/2021\/11\/IMG_20211126_093332_1-169x300.jpg\" alt=\"\" width=\"169\" height=\"300\"> <img loading=\"lazy\" decoding=\"async\" class=\"size-medium wp-image-1155 alignleft\" src=\"https:\/\/blogsaverroes.juntadeandalucia.es\/franciscoayala\/files\/2021\/11\/IMG_20211126_093340-169x300.jpg\" alt=\"\" width=\"169\" height=\"300\">&nbsp; &nbsp;<img loading=\"lazy\" decoding=\"async\" class=\"alignnone size-medium wp-image-1156\" src=\"https:\/\/blogsaverroes.juntadeandalucia.es\/franciscoayala\/files\/2021\/11\/IMG_20211126_093347-169x300.jpg\" alt=\"\" width=\"169\" height=\"300\">&nbsp; &nbsp; &nbsp;<img loading=\"lazy\" decoding=\"async\" class=\"alignnone size-medium wp-image-1153\" src=\"https:\/\/blogsaverroes.juntadeandalucia.es\/franciscoayala\/files\/2021\/11\/IMG_20211126_093324-300x169.jpg\" alt=\"\" width=\"300\" height=\"169\"><\/p>\n<p><img loading=\"lazy\" decoding=\"async\" class=\"size-medium wp-image-1157 alignleft\" src=\"https:\/\/blogsaverroes.juntadeandalucia.es\/franciscoayala\/files\/2021\/11\/IMG-20211125-WA0052-300x300.jpg\" alt=\"\" width=\"300\" height=\"300\"> <img loading=\"lazy\" decoding=\"async\" class=\"alignnone size-medium wp-image-1158\" src=\"https:\/\/blogsaverroes.juntadeandalucia.es\/franciscoayala\/files\/2021\/11\/IMG-20211125-WA0054-300x300.jpg\" alt=\"\" width=\"300\" height=\"300\"> <img loading=\"lazy\" decoding=\"async\" class=\"alignnone size-medium wp-image-1159\" src=\"https:\/\/blogsaverroes.juntadeandalucia.es\/franciscoayala\/files\/2021\/11\/IMG-20211125-WA0055-300x300.jpg\" alt=\"\" width=\"300\" height=\"300\"> <img loading=\"lazy\" decoding=\"async\" class=\"alignnone size-medium wp-image-1160\" src=\"https:\/\/blogsaverroes.juntadeandalucia.es\/franciscoayala\/files\/2021\/11\/IMG-20211126-WA0030-300x225.jpg\" alt=\"\" width=\"300\" height=\"225\"> <img loading=\"lazy\" decoding=\"async\" class=\"alignnone size-medium wp-image-1161\" src=\"https:\/\/blogsaverroes.juntadeandalucia.es\/franciscoayala\/files\/2021\/11\/IMG-20211126-WA0031-300x225.jpg\" alt=\"\" width=\"300\" height=\"225\"> <img loading=\"lazy\" decoding=\"async\" class=\"alignnone size-medium wp-image-1162\" src=\"https:\/\/blogsaverroes.juntadeandalucia.es\/franciscoayala\/files\/2021\/11\/IMG-20211126-WA0032-300x225.jpg\" alt=\"\" width=\"300\" height=\"225\"> <img loading=\"lazy\" decoding=\"async\" class=\"alignnone size-medium wp-image-1163\" src=\"https:\/\/blogsaverroes.juntadeandalucia.es\/franciscoayala\/files\/2021\/11\/IMG-20211126-WA0033-300x225.jpg\" alt=\"\" width=\"300\" height=\"225\"> <img loading=\"lazy\" decoding=\"async\" class=\"alignnone size-medium wp-image-1164\" src=\"https:\/\/blogsaverroes.juntadeandalucia.es\/franciscoayala\/files\/2021\/11\/IMG-20211126-WA0034-300x225.jpg\" alt=\"\" width=\"300\" height=\"225\"> <img loading=\"lazy\" decoding=\"async\" class=\"alignnone size-medium wp-image-1165\" src=\"https:\/\/blogsaverroes.juntadeandalucia.es\/franciscoayala\/files\/2021\/11\/IMG-20211126-WA0035-300x225.jpg\" alt=\"\" width=\"300\" height=\"225\">[\/et_pb_text][\/et_pb_column]<br \/>\n\t\t\t[\/et_pb_row]<br \/>\n\t\t[\/et_pb_section]<\/p>\n","protected":false},"excerpt":{"rendered":"<p>El d\u00eda 25 de noviembre es una fecha que los centros educativos no pueden ni deben olvidar. Es una fecha se\u00f1alada e importante en relaci\u00f3n con los derechos humanos en general y de las mujeres y ni\u00f1as en particular.&nbsp; Tradicionalmente hemos trabajado durante esta jornada poniendo en com\u00fan una actividad grupal de todo el centro [&hellip;]<\/p>\n","protected":false},"author":12238,"featured_media":0,"comment_status":"closed","ping_status":"open","sticky":false,"template":"","format":"standard","meta":{"_et_pb_use_builder":"on","_et_pb_old_content":"<img class=\" wp-image-1150 aligncenter\" src=\"https:\/\/blogsaverroes.juntadeandalucia.es\/franciscoayala\/files\/2021\/11\/IMG-20211125-WA0021-300x183.jpg\" alt=\"\" width=\"426\" height=\"260\">\r\n<p style=\"text-align: justify\">El d\u00eda 25 de noviembre es una fecha que los centros educativos no pueden ni deben olvidar. Es una fecha se\u00f1alada e importante en relaci\u00f3n con los derechos humanos en general y de las mujeres y ni\u00f1as en particular.&nbsp;<\/p>\r\n<p style=\"text-align: justify\">Tradicionalmente hemos trabajado durante esta jornada poniendo en com\u00fan una actividad grupal de todo el centro en el patio del colegio pero este curso hemos querido darle un giro que elimine la versi\u00f3n de \"D\u00eda festivo\" dot\u00e1ndole de una mayor importancia en cuanto a la formaci\u00f3n de nuestro alumnado en materia de igualdad de g\u00e9nero y diversidad.&nbsp;<\/p>\r\n<p style=\"text-align: justify\">En el apartado de planes y proyectos tienen disponible para su lectura el Plan de Igualdad de G\u00e9nero de&nbsp; nuestro Centro. Un plan que consideramos de especial inter\u00e9s dentro de nuestro Proyecto Educativo y que se basa en la importancia de la formaci\u00f3n de todos los miembros de la Comunidad Educativa en materia de prevenci\u00f3n ante todos los tipos de violencia de g\u00e9nero que existen y se dan en nuestra sociedad.&nbsp;<\/p>\r\n<p style=\"text-align: justify\">El alumnado de Segundo y Tercer Ciclo ha participado en sesiones de formaci\u00f3n impartidas por la empresa Ilusionarte y organizadas por el Ayuntamiento de Iznalloz.&nbsp;<\/p>\r\n&nbsp;<img class=\"wp-image-1149 aligncenter\" src=\"https:\/\/blogsaverroes.juntadeandalucia.es\/franciscoayala\/files\/2021\/11\/IMG-20211125-WA0008-300x224.jpg\" alt=\"\" width=\"413\" height=\"308\">\r\n\r\n<img class=\"wp-image-1151 aligncenter\" src=\"https:\/\/blogsaverroes.juntadeandalucia.es\/franciscoayala\/files\/2021\/11\/IMG-20211125-WA0045-300x135.jpg\" alt=\"\" width=\"542\" height=\"244\">\r\n\r\n<img class=\"wp-image-1152 aligncenter\" src=\"https:\/\/blogsaverroes.juntadeandalucia.es\/franciscoayala\/files\/2021\/11\/IMG-20211125-WA0046-300x135.jpg\" alt=\"\" width=\"409\" height=\"184\">\r\n\r\n<img class=\"alignnone size-medium wp-image-1148 aligncenter\" src=\"https:\/\/blogsaverroes.juntadeandalucia.es\/franciscoayala\/files\/2021\/11\/IMG-20211125-WA0007-224x300.jpg\" alt=\"\" width=\"224\" height=\"300\">\r\n<p style=\"text-align: justify\">Por otra parte durante la semana previa a la fecha del 25 de noviembre se ha llevado a cabo una actividad de centro dirigida a potenciar las buenas relaciones en nuestro entorno m\u00e1s cercano llamada: TOC, TOC, BUENOS TRATOS.&nbsp;<\/p>\r\n<p style=\"text-align: justify\">A continuaci\u00f3n les dejamos algunas im\u00e1genes del proceso y del mural VIOLETA de nuestro centro donde se est\u00e1n exponiendo los trabajos del alumnado.&nbsp;<\/p>\r\n&nbsp; &nbsp; &nbsp; &nbsp; &nbsp; &nbsp; <img class=\"alignnone size-medium wp-image-1154\" src=\"https:\/\/blogsaverroes.juntadeandalucia.es\/franciscoayala\/files\/2021\/11\/IMG_20211126_093332_1-169x300.jpg\" alt=\"\" width=\"169\" height=\"300\"> <img class=\"size-medium wp-image-1155 alignleft\" src=\"https:\/\/blogsaverroes.juntadeandalucia.es\/franciscoayala\/files\/2021\/11\/IMG_20211126_093340-169x300.jpg\" alt=\"\" width=\"169\" height=\"300\">&nbsp; &nbsp;<img class=\"alignnone size-medium wp-image-1156\" src=\"https:\/\/blogsaverroes.juntadeandalucia.es\/franciscoayala\/files\/2021\/11\/IMG_20211126_093347-169x300.jpg\" alt=\"\" width=\"169\" height=\"300\">&nbsp; &nbsp; &nbsp;<img class=\"alignnone size-medium wp-image-1153\" src=\"https:\/\/blogsaverroes.juntadeandalucia.es\/franciscoayala\/files\/2021\/11\/IMG_20211126_093324-300x169.jpg\" alt=\"\" width=\"300\" height=\"169\">\r\n\r\n<img class=\"size-medium wp-image-1157 alignleft\" src=\"https:\/\/blogsaverroes.juntadeandalucia.es\/franciscoayala\/files\/2021\/11\/IMG-20211125-WA0052-300x300.jpg\" alt=\"\" width=\"300\" height=\"300\"> <img class=\"alignnone size-medium wp-image-1158\" src=\"https:\/\/blogsaverroes.juntadeandalucia.es\/franciscoayala\/files\/2021\/11\/IMG-20211125-WA0054-300x300.jpg\" alt=\"\" width=\"300\" height=\"300\"> <img class=\"alignnone size-medium wp-image-1159\" src=\"https:\/\/blogsaverroes.juntadeandalucia.es\/franciscoayala\/files\/2021\/11\/IMG-20211125-WA0055-300x300.jpg\" alt=\"\" width=\"300\" height=\"300\"> <img class=\"alignnone size-medium wp-image-1160\" src=\"https:\/\/blogsaverroes.juntadeandalucia.es\/franciscoayala\/files\/2021\/11\/IMG-20211126-WA0030-300x225.jpg\" alt=\"\" width=\"300\" height=\"225\"> <img class=\"alignnone size-medium wp-image-1161\" src=\"https:\/\/blogsaverroes.juntadeandalucia.es\/franciscoayala\/files\/2021\/11\/IMG-20211126-WA0031-300x225.jpg\" alt=\"\" width=\"300\" height=\"225\"> <img class=\"alignnone size-medium wp-image-1162\" src=\"https:\/\/blogsaverroes.juntadeandalucia.es\/franciscoayala\/files\/2021\/11\/IMG-20211126-WA0032-300x225.jpg\" alt=\"\" width=\"300\" height=\"225\"> <img class=\"alignnone size-medium wp-image-1163\" src=\"https:\/\/blogsaverroes.juntadeandalucia.es\/franciscoayala\/files\/2021\/11\/IMG-20211126-WA0033-300x225.jpg\" alt=\"\" width=\"300\" height=\"225\"> <img class=\"alignnone size-medium wp-image-1164\" src=\"https:\/\/blogsaverroes.juntadeandalucia.es\/franciscoayala\/files\/2021\/11\/IMG-20211126-WA0034-300x225.jpg\" alt=\"\" width=\"300\" height=\"225\"> <img class=\"alignnone size-medium wp-image-1165\" src=\"https:\/\/blogsaverroes.juntadeandalucia.es\/franciscoayala\/files\/2021\/11\/IMG-20211126-WA0035-300x225.jpg\" alt=\"\" width=\"300\" height=\"225\">","_et_gb_content_width":"","ngg_post_thumbnail":0,"footnotes":""},"categories":[3],"tags":[],"aioseo_notices":[],"_links":{"self":[{"href":"https:\/\/blogsaverroes.juntadeandalucia.es\/franciscoayala\/wp-json\/wp\/v2\/posts\/1147"}],"collection":[{"href":"https:\/\/blogsaverroes.juntadeandalucia.es\/franciscoayala\/wp-json\/wp\/v2\/posts"}],"about":[{"href":"https:\/\/blogsaverroes.juntadeandalucia.es\/franciscoayala\/wp-json\/wp\/v2\/types\/post"}],"author":[{"embeddable":true,"href":"https:\/\/blogsaverroes.juntadeandalucia.es\/franciscoayala\/wp-json\/wp\/v2\/users\/12238"}],"replies":[{"embeddable":true,"href":"https:\/\/blogsaverroes.juntadeandalucia.es\/franciscoayala\/wp-json\/wp\/v2\/comments?post=1147"}],"version-history":[{"count":3,"href":"https:\/\/blogsaverroes.juntadeandalucia.es\/franciscoayala\/wp-json\/wp\/v2\/posts\/1147\/revisions"}],"predecessor-version":[{"id":1214,"href":"https:\/\/blogsaverroes.juntadeandalucia.es\/franciscoayala\/wp-json\/wp\/v2\/posts\/1147\/revisions\/1214"}],"wp:attachment":[{"href":"https:\/\/blogsaverroes.juntadeandalucia.es\/franciscoayala\/wp-json\/wp\/v2\/media?parent=1147"}],"wp:term":[{"taxonomy":"category","embeddable":true,"href":"https:\/\/blogsaverroes.juntadeandalucia.es\/franciscoayala\/wp-json\/wp\/v2\/categories?post=1147"},{"taxonomy":"post_tag","embeddable":true,"href":"https:\/\/blogsaverroes.juntadeandalucia.es\/franciscoayala\/wp-json\/wp\/v2\/tags?post=1147"}],"curies":[{"name":"wp","href":"https:\/\/api.w.org\/{rel}","templated":true}]}}