{"id":1655,"date":"2023-02-19T18:56:15","date_gmt":"2023-02-19T17:56:15","guid":{"rendered":"https:\/\/blogsaverroes.juntadeandalucia.es\/franciscoayala\/?p=1655"},"modified":"2023-02-19T18:56:15","modified_gmt":"2023-02-19T17:56:15","slug":"monstruosamente-creativos","status":"publish","type":"post","link":"https:\/\/blogsaverroes.juntadeandalucia.es\/franciscoayala\/monstruosamente-creativos\/","title":{"rendered":"Monstruosamente creativos"},"content":{"rendered":"<p><img loading=\"lazy\" decoding=\"async\" class=\"aligncenter size-full wp-image-1656\" src=\"https:\/\/blogsaverroes.juntadeandalucia.es\/franciscoayala\/files\/2023\/02\/WhatsApp-Image-2023-02-19-at-18.44.12.jpeg\" alt=\"\" width=\"1024\" height=\"768\" srcset=\"https:\/\/blogsaverroes.juntadeandalucia.es\/franciscoayala\/files\/2023\/02\/WhatsApp-Image-2023-02-19-at-18.44.12.jpeg 1024w, https:\/\/blogsaverroes.juntadeandalucia.es\/franciscoayala\/files\/2023\/02\/WhatsApp-Image-2023-02-19-at-18.44.12-980x735.jpeg 980w, https:\/\/blogsaverroes.juntadeandalucia.es\/franciscoayala\/files\/2023\/02\/WhatsApp-Image-2023-02-19-at-18.44.12-480x360.jpeg 480w\" sizes=\"(min-width: 0px) and (max-width: 480px) 480px, (min-width: 481px) and (max-width: 980px) 980px, (min-width: 981px) 1024px, 100vw\" \/><\/p>\n<p style=\"text-align: justify\">Las chicas y&nbsp; chicos de tercero de primaria son muy creativos. Les encanta la expresi\u00f3n pl\u00e1stica en todas sus formas y su maestra Maite lo sabe y conoce sus aficiones y cualidades. Y&#8230; \u00bfsab\u00e9is que ha hecho? A pedido a Esperanza, nuestra especialista en nuevas metodolog\u00edas del Programa PROA+ Transf\u00f3rmate, que le ayude a preparar una monstruosa sorpresa para toda la clase.&nbsp;<\/p>\n<p style=\"text-align: justify\">Existen m\u00faltiples definiciones del concepto de creatividad. Entre las m\u00e1s populares se encuentra la de&nbsp;<strong>Guilford (1967),<\/strong>&nbsp;quien afirm\u00f3 que \u201c<em>la creatividad, en sentido limitado, se refiere a las aptitudes que son caracter\u00edsticas de los individuos creadores, como la fluidez, la flexibilidad, la originalidad y el pensamiento divergente\u201d.<\/em><\/p>\n<p style=\"text-align: justify\">El fomento de la creatividad desde la primera infancia es esencial para el desarrollo de la personalidad y como herramienta para solucionar problemas. Para estimular la capacidad creativa se requiere de un contexto en el que se fomente.<\/p>\n<p>A continuaci\u00f3n os dejamos con el precioso v\u00eddeo que ha preparado Maite con el resumen de la actividad que tanto gusto a todos.&nbsp;<\/p>\n<div style=\"width: 1080px;\" class=\"wp-video\"><!--[if lt IE 9]><script>document.createElement('video');<\/script><![endif]-->\n<video class=\"wp-video-shortcode\" id=\"video-1655-1\" width=\"1080\" height=\"608\" preload=\"metadata\" controls=\"controls\"><source type=\"video\/mp4\" src=\"https:\/\/blogsaverroes.juntadeandalucia.es\/franciscoayala\/files\/2023\/02\/La_clase_de_3\u00ba_del_cole_Francisco_Ayala_Iznalloz.mp4?_=1\" \/><a href=\"https:\/\/blogsaverroes.juntadeandalucia.es\/franciscoayala\/files\/2023\/02\/La_clase_de_3\u00ba_del_cole_Francisco_Ayala_Iznalloz.mp4\">https:\/\/blogsaverroes.juntadeandalucia.es\/franciscoayala\/files\/2023\/02\/La_clase_de_3\u00ba_del_cole_Francisco_Ayala_Iznalloz.mp4<\/a><\/video><\/div>\n<p><img loading=\"lazy\" decoding=\"async\" class=\"aligncenter size-full wp-image-1657\" src=\"https:\/\/blogsaverroes.juntadeandalucia.es\/franciscoayala\/files\/2023\/02\/WhatsApp-Image-2023-02-19-at-18.44.22.jpeg\" alt=\"\" width=\"1024\" height=\"768\" srcset=\"https:\/\/blogsaverroes.juntadeandalucia.es\/franciscoayala\/files\/2023\/02\/WhatsApp-Image-2023-02-19-at-18.44.22.jpeg 1024w, https:\/\/blogsaverroes.juntadeandalucia.es\/franciscoayala\/files\/2023\/02\/WhatsApp-Image-2023-02-19-at-18.44.22-980x735.jpeg 980w, https:\/\/blogsaverroes.juntadeandalucia.es\/franciscoayala\/files\/2023\/02\/WhatsApp-Image-2023-02-19-at-18.44.22-480x360.jpeg 480w\" sizes=\"(min-width: 0px) and (max-width: 480px) 480px, (min-width: 481px) and (max-width: 980px) 980px, (min-width: 981px) 1024px, 100vw\" \/><\/p>\n","protected":false},"excerpt":{"rendered":"<p>Las chicas y&nbsp; chicos de tercero de primaria son muy creativos. Les encanta la expresi\u00f3n pl\u00e1stica en todas sus formas y su maestra Maite lo sabe y conoce sus aficiones y cualidades. Y&#8230; \u00bfsab\u00e9is que ha hecho? A pedido a Esperanza, nuestra especialista en nuevas metodolog\u00edas del Programa PROA+ Transf\u00f3rmate, que le ayude a preparar [&hellip;]<\/p>\n","protected":false},"author":12238,"featured_media":0,"comment_status":"closed","ping_status":"open","sticky":false,"template":"","format":"standard","meta":{"_et_pb_use_builder":"","_et_pb_old_content":"","_et_gb_content_width":"","ngg_post_thumbnail":0,"footnotes":""},"categories":[3],"tags":[],"aioseo_notices":[],"_links":{"self":[{"href":"https:\/\/blogsaverroes.juntadeandalucia.es\/franciscoayala\/wp-json\/wp\/v2\/posts\/1655"}],"collection":[{"href":"https:\/\/blogsaverroes.juntadeandalucia.es\/franciscoayala\/wp-json\/wp\/v2\/posts"}],"about":[{"href":"https:\/\/blogsaverroes.juntadeandalucia.es\/franciscoayala\/wp-json\/wp\/v2\/types\/post"}],"author":[{"embeddable":true,"href":"https:\/\/blogsaverroes.juntadeandalucia.es\/franciscoayala\/wp-json\/wp\/v2\/users\/12238"}],"replies":[{"embeddable":true,"href":"https:\/\/blogsaverroes.juntadeandalucia.es\/franciscoayala\/wp-json\/wp\/v2\/comments?post=1655"}],"version-history":[{"count":1,"href":"https:\/\/blogsaverroes.juntadeandalucia.es\/franciscoayala\/wp-json\/wp\/v2\/posts\/1655\/revisions"}],"predecessor-version":[{"id":1659,"href":"https:\/\/blogsaverroes.juntadeandalucia.es\/franciscoayala\/wp-json\/wp\/v2\/posts\/1655\/revisions\/1659"}],"wp:attachment":[{"href":"https:\/\/blogsaverroes.juntadeandalucia.es\/franciscoayala\/wp-json\/wp\/v2\/media?parent=1655"}],"wp:term":[{"taxonomy":"category","embeddable":true,"href":"https:\/\/blogsaverroes.juntadeandalucia.es\/franciscoayala\/wp-json\/wp\/v2\/categories?post=1655"},{"taxonomy":"post_tag","embeddable":true,"href":"https:\/\/blogsaverroes.juntadeandalucia.es\/franciscoayala\/wp-json\/wp\/v2\/tags?post=1655"}],"curies":[{"name":"wp","href":"https:\/\/api.w.org\/{rel}","templated":true}]}}