{"id":1333,"date":"2023-11-07T18:16:51","date_gmt":"2023-11-07T17:16:51","guid":{"rendered":"https:\/\/blogsaverroes.juntadeandalucia.es\/franmdibujotecnico\/?p=1333"},"modified":"2023-11-07T18:16:51","modified_gmt":"2023-11-07T17:16:51","slug":"activistas-atacan-la-venus-del-espejo-de-velazquez","status":"publish","type":"post","link":"https:\/\/blogsaverroes.juntadeandalucia.es\/franmdibujotecnico\/activistas-atacan-la-venus-del-espejo-de-velazquez\/","title":{"rendered":"ACTIVISTAS ATACAN \u00abLA VENUS DEL ESPEJO\u00bb DE VEL\u00c1ZQUEZ"},"content":{"rendered":"<p><a href=\"https:\/\/www.bbc.com\/mundo\/articles\/ce9pzr314dqo\">https:\/\/www.bbc.com\/mundo\/articles\/ce9pzr314dqo<\/a><\/p>\n<div class=\"bbc-1151pbn ebmt73l0\" dir=\"ltr\">\n<h1 id=\"content\" class=\"bbc-14gqcmb e1p3vdyi0\">Activistas atacan a martillazos \u201cLa Venus del Espejo\u201d de Vel\u00e1zquez en la National Gallery de Londres<\/h1>\n<\/div>\n<figure class=\"bbc-1qn0xuy\">\n<div class=\"bbc-sni631\"><img loading=\"lazy\" decoding=\"async\" class=\"bbc-1uwua2r\" src=\"https:\/\/ichef.bbci.co.uk\/news\/640\/cpsprodpb\/47c9\/live\/b3f2bb00-7cb8-11ee-8139-61b1db4c8e2f.jpg\" alt=\"Venus del Espejo\" width=\"976\" height=\"549\"><\/p>\n<p class=\"bbc-kaivkm\" role=\"text\"><span class=\"bbc-m04vo2\">Fuente de la imagen, <\/span><span lang=\"en-GB\">Getty Images<\/span><\/p>\n<\/div><figcaption class=\"bbc-847f6b e6i104o0\" dir=\"ltr\"><span role=\"text\"><span class=\"bbc-m04vo2\">Pie de foto, <\/span><\/span>Es el segundo ataque que sufre \u00abLa Venus del Espejo\u00bb de Vel\u00e1zquez.<\/p>\n<\/figcaption><\/figure>\n<section class=\"bbc-1vjaf6b\" role=\"region\" aria-labelledby=\"article-byline\">\n<ul class=\"bbc-1rvtlej\" role=\"list\">\n<li class=\"bbc-v8pmqw\">\n<div class=\"bbc-19j92fr ebmt73l0\" dir=\"ltr\">6 noviembre 2023<\/div>\n<\/li>\n<\/ul>\n<\/section>\n<div class=\"bbc-19j92fr ebmt73l0\" dir=\"ltr\">\n<p class=\"bbc-hhl7in e17g058b0\" dir=\"ltr\"><b>Dos activistas de la organizaci\u00f3n ecologista Just Stop Oil atacaron con martillos el ic\u00f3nico cuadro \u201cLa Venus del Espejo\u201d, de Diego Vel\u00e1zquez.<\/b><\/p>\n<\/div>\n<div class=\"bbc-19j92fr ebmt73l0\" dir=\"ltr\">\n<p class=\"bbc-hhl7in e17g058b0\" dir=\"ltr\">Los atacantes rompieron el cristal protector que cubr\u00eda el lienzo del pintor espa\u00f1ol en la National Gallery de Londres.<\/p>\n<\/div>\n<div class=\"bbc-19j92fr ebmt73l0\" dir=\"ltr\">\n<p class=\"bbc-hhl7in e17g058b0\" dir=\"ltr\">Como indic\u00f3 la galer\u00eda en un tuit, los sujetos utilizaron \u201clo que parec\u00edan ser martillos de emergencia\u201d.<\/p>\n<\/div>\n<div class=\"bbc-19j92fr ebmt73l0\" dir=\"ltr\">\n<p class=\"bbc-hhl7in e17g058b0\" dir=\"ltr\">\u201cLa pintura fue retirada para que pueda ser examinada por los conservadores\u201d, se\u00f1al\u00f3 la National Gallery.<\/p>\n<\/div>\n<section class=\"bbc-geybui\" role=\"region\" aria-label=\"Publicidad 2\" aria-hidden=\"true\"><\/section>\n<div class=\"bbc-19j92fr ebmt73l0\" dir=\"ltr\">\n<p class=\"bbc-hhl7in e17g058b0\" dir=\"ltr\">La Polic\u00eda Metropolitana de Londres dijo que los dos activistas hab\u00edan sido <b>arrestados bajo sospecha de causar da\u00f1os criminales.<\/b><\/p>\n<\/div>\n","protected":false},"excerpt":{"rendered":"<p>https:\/\/www.bbc.com\/mundo\/articles\/ce9pzr314dqo Activistas atacan a martillazos \u201cLa Venus del Espejo\u201d de Vel\u00e1zquez en la National Gallery de Londres Fuente de la imagen, Getty Images Pie de foto, Es el segundo ataque que sufre \u00abLa Venus del Espejo\u00bb de Vel\u00e1zquez. 6 noviembre 2023 Dos activistas de la organizaci\u00f3n ecologista Just Stop Oil atacaron con martillos el ic\u00f3nico &hellip; <\/p>\n<p class=\"link-more\"><a href=\"https:\/\/blogsaverroes.juntadeandalucia.es\/franmdibujotecnico\/activistas-atacan-la-venus-del-espejo-de-velazquez\/\" class=\"more-link\">Continuar leyendo<span class=\"screen-reader-text\"> \u00abACTIVISTAS ATACAN \u00abLA VENUS DEL ESPEJO\u00bb DE VEL\u00c1ZQUEZ\u00bb<\/span><\/a><\/p>\n","protected":false},"author":8096,"featured_media":0,"comment_status":"open","ping_status":"open","sticky":false,"template":"","format":"standard","meta":{"ngg_post_thumbnail":0,"footnotes":""},"categories":[11909],"tags":[],"aioseo_notices":[],"_links":{"self":[{"href":"https:\/\/blogsaverroes.juntadeandalucia.es\/franmdibujotecnico\/wp-json\/wp\/v2\/posts\/1333"}],"collection":[{"href":"https:\/\/blogsaverroes.juntadeandalucia.es\/franmdibujotecnico\/wp-json\/wp\/v2\/posts"}],"about":[{"href":"https:\/\/blogsaverroes.juntadeandalucia.es\/franmdibujotecnico\/wp-json\/wp\/v2\/types\/post"}],"author":[{"embeddable":true,"href":"https:\/\/blogsaverroes.juntadeandalucia.es\/franmdibujotecnico\/wp-json\/wp\/v2\/users\/8096"}],"replies":[{"embeddable":true,"href":"https:\/\/blogsaverroes.juntadeandalucia.es\/franmdibujotecnico\/wp-json\/wp\/v2\/comments?post=1333"}],"version-history":[{"count":1,"href":"https:\/\/blogsaverroes.juntadeandalucia.es\/franmdibujotecnico\/wp-json\/wp\/v2\/posts\/1333\/revisions"}],"predecessor-version":[{"id":1334,"href":"https:\/\/blogsaverroes.juntadeandalucia.es\/franmdibujotecnico\/wp-json\/wp\/v2\/posts\/1333\/revisions\/1334"}],"wp:attachment":[{"href":"https:\/\/blogsaverroes.juntadeandalucia.es\/franmdibujotecnico\/wp-json\/wp\/v2\/media?parent=1333"}],"wp:term":[{"taxonomy":"category","embeddable":true,"href":"https:\/\/blogsaverroes.juntadeandalucia.es\/franmdibujotecnico\/wp-json\/wp\/v2\/categories?post=1333"},{"taxonomy":"post_tag","embeddable":true,"href":"https:\/\/blogsaverroes.juntadeandalucia.es\/franmdibujotecnico\/wp-json\/wp\/v2\/tags?post=1333"}],"curies":[{"name":"wp","href":"https:\/\/api.w.org\/{rel}","templated":true}]}}