{"id":638,"date":"2020-05-18T12:15:57","date_gmt":"2020-05-18T10:15:57","guid":{"rendered":"https:\/\/blogsaverroes.juntadeandalucia.es\/franmdibujotecnico\/?p=638"},"modified":"2020-05-18T12:37:23","modified_gmt":"2020-05-18T10:37:23","slug":"dia-internacional-de-los-museos","status":"publish","type":"post","link":"https:\/\/blogsaverroes.juntadeandalucia.es\/franmdibujotecnico\/dia-internacional-de-los-museos\/","title":{"rendered":"QUE HACER EL D\u00cdA INTERNACIONAL DE LOS MUSEOS CON LOS NI\u00d1OS"},"content":{"rendered":"<div class=\"detail__header\">\n<header class=\"d-title\">\n<h1 class=\"d-title__txt\">\u00bfQu\u00e9 hacemos hoy lunes? Un ba\u00f1o de arte en el d\u00eda internacional de los museos<\/h1>\n<\/header>\n<div class=\"d-subtitle u-mb20\">\n<div class=\"d-subtitle__list\">\n<h2 class=\"d-subtitle__txt\">Una amplia selecci\u00f3n cultural de todo lo que los chavales pueden hacer hoy en casa<\/h2>\n<\/div>\n<\/div>\n<div class=\"detail__img u-mb20\">\n<figure class=\"story-leaf-figure\" data-component=\"image\"><img decoding=\"async\" class=\"img-responsive\" src=\"https:\/\/www.lavanguardia.com\/r\/GODO\/LV\/p7\/Vivir\/2020\/05\/16\/Recortada\/img_ajusticia_20200330-220701_imagenes_lv_otras_fuentes_que-hacer-hoy-con-ninos-1200x675-2-ok-kUHI-U481187805546RUC-992x558@LaVanguardia-Web.jpg\" alt=\"\u00bfQu\u00e9 hacemos hoy lunes? Un ba\u00f1o de arte en el d\u00eda internacional de los museos\"><figcaption class=\"img-figcaption\">Agenda cultural para ni\u00f1os de hoy lunes (LV Disseny)<\/figcaption><\/figure>\n<\/div>\n<\/div>\n<div class=\"detail__article\">\n<div class=\"detail__story u-w66--md\">\n<div class=\"d-signature\">&nbsp;<\/div>\n<div class=\"story-leaf-txt-p\" data-gtm-element-container=\"modulo-texto-link\">\n<p>Los&nbsp;<b>museos<\/b>&nbsp;llevan desde hace d\u00edas&nbsp;<b>contribuyendo<\/b>&nbsp;de forma activa a hacer m\u00e1s llevadero este confinamiento para grandes y peque\u00f1os. Pero estos \u00faltimos d\u00edas han incrementado las propuestas para celebrar e<a href=\"http:\/\/patrimoni.gencat.cat\/ca\/dim2020\/mesdim\" target=\"_blank\" rel=\"nofollow noopener noreferrer\" data-gtm-element=\"container-child-link\">l<b>&nbsp;D\u00eda Internacional de los Museos<\/b>&nbsp;<\/a>, que tiene lugar hoy. De ah\u00ed que nuestra propuesta se centre en hacer un repaso a las principales&nbsp;<b>actividades<\/b>&nbsp;que los museos ofrecen a los chavales, aunque seguro que hay much\u00edsimas m\u00e1s.<\/p>\n<h2 class=\"despiece-story-epigraph\">Ex-libris en el Museu del Disseny<\/h2>\n<figure><img decoding=\"async\" class=\"img-responsive\" src=\"https:\/\/www.lavanguardia.com\/r\/GODO\/LV\/p7\/Vivir\/2020\/05\/16\/Recortada\/img_ajusticia_20200517-174757_imagenes_lv_otras_fuentes_agenda_1-kIoB--656x483@LaVanguardia-Web.JPG\" alt=\"Los sellos del Museu del Disseny\" data-src=\"https:\/\/www.lavanguardia.com\/r\/GODO\/LV\/p7\/Vivir\/2020\/05\/16\/Recortada\/img_ajusticia_20200517-174757_imagenes_lv_otras_fuentes_agenda_1-kIoB--656x483@LaVanguardia-Web.JPG\"><figcaption class=\"img-figcaption\">Los sellos del Museu del Disseny (A. J.)<\/figcaption><\/figure>\n<p>Entre las propuestas del Museu del Disseny de Barcelona destaca para los m\u00e1s peque\u00f1os confeccionar nuestro propio ex-libris mediante diferentes opciones como goma eva, patatas o porexpan. Una manera divertida y art\u00edstica de personalizar nuestros libros.<\/p>\n<div id=\"wmass~9593354999960866\">\n<div id=\"jw-6086660866\" class=\"jwplayer jw-reset jw-state-idle jw-stretch-uniform jw-flag-aspect-mode jw-flag-controls-hidden jw-flag-outstream jw-flag-outstream-pending jw-breakpoint-3\" role=\"application\" aria-label=\"Reproductor de Video\">\n<div class=\"afs_ads\">&nbsp;<\/div>\n<\/div>\n<div class=\"seedtag-gohan seedtag-adunit st-in-video\">\n<div class=\"st-container\">&nbsp;<\/div>\n<\/div>\n<\/div>\n<p>En:&nbsp;<a title=\"ajuntament.barcelona.cat\" href=\"https:\/\/ajuntament.barcelona.cat\/museudeldisseny\/es\/actividad\/de-quien-es-este-libro-como-hacer-un-ex-libris-en-casa\" target=\"_blank\" rel=\"nofollow noopener noreferrer\" data-gtm-element=\"container-child-link\">https:\/\/ajuntament.barcelona.cat\/museudeldisseny\/es\/actividad\/de-quien-es-este-libro-como-hacer-un-ex-libris-en-casa<\/a><\/p>\n<h2>&nbsp;<\/h2>\n<h2 class=\"despiece-story-epigraph\">Puzzles y coloreables en el MNAC<\/h2>\n<figure><img decoding=\"async\" class=\"img-responsive\" src=\"https:\/\/www.lavanguardia.com\/r\/GODO\/LV\/p7\/Vivir\/2020\/05\/16\/Recortada\/img_ajusticia_20200517-174758_imagenes_lv_otras_fuentes_agenda_2-kIoB--656x538@LaVanguardia-Web.JPG\" alt=\"Propuestas del MNAC\" data-src=\"https:\/\/www.lavanguardia.com\/r\/GODO\/LV\/p7\/Vivir\/2020\/05\/16\/Recortada\/img_ajusticia_20200517-174758_imagenes_lv_otras_fuentes_agenda_2-kIoB--656x538@LaVanguardia-Web.JPG\"><figcaption class=\"img-figcaption\">Propuestas del MNAC (A. J.)<\/figcaption>&nbsp;<\/figure>\n<p>El Museu Nacional d\u2019Art de Catalunya ofrece a los ni\u00f1os varias actividades relacionadas con su patrimonio. Una de las m\u00e1s curiosas es el dossier descargable sobre el bestiario que se oculta entre las obras rom\u00e1nicas como dinteles o retablos, y su significado. Tambi\u00e9n nos invita a colorear l\u00e1minas de dibujos del ilustrador modernista Xavier Gos\u00e9 y realizar rompecabezas con ocho de las obras de su colecci\u00f3n.<\/p>\n<p>En:&nbsp;<a title=\"www.museunacional.cat\" href=\"https:\/\/www.museunacional.cat\/es\/actividades\/dia-internacional-de-los-museos-2020\" target=\"_blank\" rel=\"nofollow noopener noreferrer\" data-gtm-element=\"container-child-link\">https:\/\/www.museunacional.cat\/es\/actividades\/dia-internacional-de-los-museos-2020<\/a><\/p>\n<h2>&nbsp;<\/h2>\n<h2 class=\"despiece-story-epigraph\">Juego de memoria y teatrillo en el Museo Picasso<\/h2>\n<figure><img decoding=\"async\" class=\"img-responsive\" src=\"https:\/\/www.lavanguardia.com\/r\/GODO\/LV\/p7\/Vivir\/2020\/05\/16\/Recortada\/img_ajusticia_20200517-183525_imagenes_lv_otras_fuentes_picaso-kIoB--656x530@LaVanguardia-Web.JPG\" alt=\"Un puzle sobre el cuadro 'Playa de la Barceloneta' de Picasso\" data-src=\"https:\/\/www.lavanguardia.com\/r\/GODO\/LV\/p7\/Vivir\/2020\/05\/16\/Recortada\/img_ajusticia_20200517-183525_imagenes_lv_otras_fuentes_picaso-kIoB--656x530@LaVanguardia-Web.JPG\"><\/p>\n<div class=\"seedtag-gohan seedtag-adunit st-in-image\">\n<div class=\"st-container\"><span style=\"font-size: 1rem\">Un puzzle sobre el cuadro &#8216;Playa de la Barceloneta&#8217; de Picasso (A. J.)<\/span><\/div>\n<div>&nbsp;<\/div>\n<\/div>\n<\/figure>\n<p>&nbsp;<\/p>\n<p>&nbsp;<\/p>\n<p><b>En Barcelona<\/b><\/p>\n<p>El Museo Picasso de Barcelona nos propone un art\u00edstico juego de memoria de varios niveles y dos rompecabezas con los magn\u00edficos cuadros Las Meninas y Playa de la Barceloneta de Picasso.<\/p>\n<p>En:&nbsp;<a title=\"www.bcn.cat\" href=\"http:\/\/www.bcn.cat\/museupicasso\/es\/participa\/juega.html\" target=\"_blank\" rel=\"nofollow noopener noreferrer\" data-gtm-element=\"container-child-link\">http:\/\/www.bcn.cat\/museupicasso\/es\/participa\/juega.html<\/a><\/p>\n<p><b>En M\u00e1laga<\/b><\/p>\n<p>El Museo Picasso de M\u00e1laga, por su parte, nos propone todo un abanico de actividades entorno a la obra de Picasso, como realizar m\u00e1scaras, esculturas y, lo \u00faltimo, un teatrillo con sus personajes incluidos. Tambi\u00e9n a lanzado propuestas divertidas entorno a las obras de Jackson Pollock, Joaqu\u00edn Torres-Garc\u00eda y Louise Bourgeois. Las edades de los ni\u00f1os a los que van dirigidas son variadas pero abundan para los mayores de 7 a\u00f1os.<\/p>\n<p>En:&nbsp;<a title=\"www.museopicassomalaga.org\" href=\"https:\/\/www.museopicassomalaga.org\/programa-cultural\/picasso-en-casa-ninos\" target=\"_blank\" rel=\"nofollow noopener noreferrer\" data-gtm-element=\"container-child-link\">https:\/\/www.museopicassomalaga.org\/programa-cultural\/picasso-en-casa-ninos<\/a><\/p>\n<figure><img decoding=\"async\" class=\"img-responsive\" src=\"https:\/\/www.lavanguardia.com\/r\/GODO\/LV\/p7\/Vivir\/2020\/05\/16\/Recortada\/img_ajusticia_20200517-174758_imagenes_lv_otras_fuentes_agenda_3-kIoB--656x546@LaVanguardia-Web.JPG\" alt=\"Las divertidas propuestas del Museo Picasso de M\u00e1laga\" data-src=\"https:\/\/www.lavanguardia.com\/r\/GODO\/LV\/p7\/Vivir\/2020\/05\/16\/Recortada\/img_ajusticia_20200517-174758_imagenes_lv_otras_fuentes_agenda_3-kIoB--656x546@LaVanguardia-Web.JPG\"><figcaption class=\"img-figcaption\">Las divertidas propuestas del Museo Picasso de M\u00e1laga (A. J.)<\/figcaption>&nbsp;<\/figure>\n<p><b>En Madrid<\/b><\/p>\n<p>Varios ni\u00f1os y ni\u00f1as ponen voz a \u2018<i>&nbsp;<b>El barbero de Picasso<\/b>&nbsp;<\/i>\u2019, un cuento que narra la bonita amistad que surgi\u00f3 entre Pablo Picasso y su barbero Eugenio Arias, y c\u00f3mo gracias a ella naci\u00f3 el Museo Picasso de Buitrago del Lozoya. Sus autoras son Susana Dur\u00e1n (conservadora del museo) y Lotta Hansson (artista y restauradora). Descarga el cuento&nbsp;<a href=\"http:\/\/www.madrid.org\/bvirtual\/BVCM019514.pdf\" target=\"_blank\" rel=\"nofollow noopener noreferrer\" data-gtm-element=\"container-child-link\">aqu<\/a>\u00ed.<\/p>\n<div class=\"st-ad-slot st-swap-ad-slot st-invideo-youtube-player\">&nbsp;<\/div>\n<p><span class=\"block-element\" data-video-owner=\"other\"><span class=\"img-aspect u-wide-15 u-mb20 st-swap-parent st-swap--active\"><iframe src=\"https:\/\/www.youtube.com\/embed\/CFlSSIy2wz8?enablejsapi=1\" width=\"100%\" frameborder=\"0\"><\/iframe><\/span><\/span><\/p>\n<div class=\"seedtag-gohan seedtag-adunit st-in-video\">\n<div class=\"st-container\">&nbsp;<\/div>\n<\/div>\n<h2 class=\"despiece-story-epigraph\">Una sopa misteriosa en el Museo Mir\u00f3<\/h2>\n<h3 class=\"despiece-story-title-text\">&nbsp;<\/h3>\n<figure><img decoding=\"async\" class=\"img-responsive\" src=\"https:\/\/www.lavanguardia.com\/r\/GODO\/LV\/p7\/Vivir\/2020\/05\/16\/Recortada\/img_ajusticia_20200517-174758_imagenes_lv_otras_fuentes_agenda_4-kIoB--656x526@LaVanguardia-Web.JPG\" alt=\"Propuestas del Museo Mir\u00f3\" data-src=\"https:\/\/www.lavanguardia.com\/r\/GODO\/LV\/p7\/Vivir\/2020\/05\/16\/Recortada\/img_ajusticia_20200517-174758_imagenes_lv_otras_fuentes_agenda_4-kIoB--656x526@LaVanguardia-Web.JPG\"><figcaption class=\"img-figcaption\">Propuestas del Museo Mir\u00f3 (A. J.)<\/figcaption><\/figure>\n<p>El Museo Mir\u00f3 nos propone&nbsp;<i>Mir\u00f3 en juego<\/i>, una serie de recursos educativos para conocer diferentes aspectos sobre Joan Mir\u00f3: su vida, su obra o sus procesos de trabajo. Entre los juegos encontramos una sopa misteriosa y un juego para relacionar im\u00e1genes con la vida del pintor realmente interesantes.<\/p>\n<p>En:&nbsp;<a title=\"www.fmirobcn.org\" href=\"https:\/\/www.fmirobcn.org\/es\/actividades\/familias\/\" target=\"_blank\" rel=\"nofollow noopener noreferrer\" data-gtm-element=\"container-child-link\">https:\/\/www.fmirobcn.org\/es\/actividades\/familias\/<\/a><\/p>\n<h2 class=\"despiece-story-epigraph\">Trenes y recortables en el Museo del Ferrocarril<\/h2>\n<p>El museo del Ferrocarril de Vilanova i la Geltr\u00fa ha colgado una serie de actividades para poder hacer nuestro particular parque de trenes, tanto de los m\u00e1s modernos como delos m\u00e1s antiguos, que har\u00e1 las delicias de los amantes de este medio de transporte. La dificultad no es excesiva en ninguno de los casos.<\/p>\n<p>En:&nbsp;<a title=\"www.museudelferrocarril.org\" href=\"https:\/\/www.museudelferrocarril.org\/ca\/descobreix\/jocs\" target=\"_blank\" rel=\"nofollow noopener noreferrer\" data-gtm-element=\"container-child-link\">https:\/\/www.museudelferrocarril.org\/ca\/descobreix\/jocs<\/a><\/p>\n<figure><img decoding=\"async\" class=\"img-responsive\" src=\"https:\/\/www.lavanguardia.com\/r\/GODO\/LV\/p7\/Vivir\/2020\/05\/16\/Recortada\/img_ajusticia_20200517-174758_imagenes_lv_otras_fuentes_agenda_5-kIoB--656x491@LaVanguardia-Web.JPG\" alt=\"Propuestas del Museo del Ferrocarril\" data-src=\"https:\/\/www.lavanguardia.com\/r\/GODO\/LV\/p7\/Vivir\/2020\/05\/16\/Recortada\/img_ajusticia_20200517-174758_imagenes_lv_otras_fuentes_agenda_5-kIoB--656x491@LaVanguardia-Web.JPG\"><figcaption class=\"img-figcaption\">Propuestas del Museo del Ferrocarril (A. J.)<\/figcaption>&nbsp;<\/figure>\n<\/div>\n<\/div>\n<div class=\"detail__col-right u-w33--md\">\n<div class=\"detail__sidebar\">\n<div class=\"sticky-col\">\n<div class=\"lv-publi-box u-mb20 visible-md\">\n<div class=\"lv-publi-box lv-publi-roba hidden-xs hidden-sm marginb20 text-center\">\n<p>&nbsp;<\/p>\n<div id=\"google_ads_iframe_\/55964524\/lv_w\/cultura\/n_7__container__\">&nbsp;<\/div>\n<p>&nbsp;<\/p>\n<\/div>\n<\/div>\n<\/div>\n<div class=\"latest-news\">\n<div class=\"latest-news__title\">&nbsp;<\/div>\n<div class=\"latest-news__article\">&nbsp;<\/div>\n<div class=\"latest-news__article\">&nbsp;<\/div>\n<\/div>\n<div class=\"sticky-col\">\n<div class=\"lv-publi-box u-mb20 visible-md\">&nbsp;<\/div>\n<\/div>\n<\/div>\n<\/div>\n<\/div>\n","protected":false},"excerpt":{"rendered":"<p>\u00bfQu\u00e9 hacemos hoy lunes? Un ba\u00f1o de arte en el d\u00eda internacional de los museos Una amplia selecci\u00f3n cultural de todo lo que los chavales pueden hacer hoy en casa Agenda cultural para ni\u00f1os de hoy lunes (LV Disseny) &nbsp; Los&nbsp;museos&nbsp;llevan desde hace d\u00edas&nbsp;contribuyendo&nbsp;de forma activa a hacer m\u00e1s llevadero este confinamiento para grandes y &hellip; <\/p>\n<p class=\"link-more\"><a href=\"https:\/\/blogsaverroes.juntadeandalucia.es\/franmdibujotecnico\/dia-internacional-de-los-museos\/\" class=\"more-link\">Continuar leyendo<span class=\"screen-reader-text\"> \u00abQUE HACER EL D\u00cdA INTERNACIONAL DE LOS MUSEOS CON LOS NI\u00d1OS\u00bb<\/span><\/a><\/p>\n","protected":false},"author":8096,"featured_media":0,"comment_status":"open","ping_status":"open","sticky":false,"template":"","format":"standard","meta":{"ngg_post_thumbnail":0,"footnotes":""},"categories":[11909],"tags":[],"aioseo_notices":[],"_links":{"self":[{"href":"https:\/\/blogsaverroes.juntadeandalucia.es\/franmdibujotecnico\/wp-json\/wp\/v2\/posts\/638"}],"collection":[{"href":"https:\/\/blogsaverroes.juntadeandalucia.es\/franmdibujotecnico\/wp-json\/wp\/v2\/posts"}],"about":[{"href":"https:\/\/blogsaverroes.juntadeandalucia.es\/franmdibujotecnico\/wp-json\/wp\/v2\/types\/post"}],"author":[{"embeddable":true,"href":"https:\/\/blogsaverroes.juntadeandalucia.es\/franmdibujotecnico\/wp-json\/wp\/v2\/users\/8096"}],"replies":[{"embeddable":true,"href":"https:\/\/blogsaverroes.juntadeandalucia.es\/franmdibujotecnico\/wp-json\/wp\/v2\/comments?post=638"}],"version-history":[{"count":5,"href":"https:\/\/blogsaverroes.juntadeandalucia.es\/franmdibujotecnico\/wp-json\/wp\/v2\/posts\/638\/revisions"}],"predecessor-version":[{"id":643,"href":"https:\/\/blogsaverroes.juntadeandalucia.es\/franmdibujotecnico\/wp-json\/wp\/v2\/posts\/638\/revisions\/643"}],"wp:attachment":[{"href":"https:\/\/blogsaverroes.juntadeandalucia.es\/franmdibujotecnico\/wp-json\/wp\/v2\/media?parent=638"}],"wp:term":[{"taxonomy":"category","embeddable":true,"href":"https:\/\/blogsaverroes.juntadeandalucia.es\/franmdibujotecnico\/wp-json\/wp\/v2\/categories?post=638"},{"taxonomy":"post_tag","embeddable":true,"href":"https:\/\/blogsaverroes.juntadeandalucia.es\/franmdibujotecnico\/wp-json\/wp\/v2\/tags?post=638"}],"curies":[{"name":"wp","href":"https:\/\/api.w.org\/{rel}","templated":true}]}}