{"id":536,"date":"2023-03-23T12:51:53","date_gmt":"2023-03-23T11:51:53","guid":{"rendered":"https:\/\/blogsaverroes.juntadeandalucia.es\/frantejada\/?p=536"},"modified":"2023-03-23T13:05:19","modified_gmt":"2023-03-23T12:05:19","slug":"info_andared_corporativo","status":"publish","type":"post","link":"https:\/\/blogsaverroes.juntadeandalucia.es\/frantejada\/info_andared_corporativo\/","title":{"rendered":"Informaci\u00f3n Andared_Corporativo"},"content":{"rendered":"<p>Seg\u00fan nos han comunicado desde la Consejer\u00eda de Desarrollo Educativo y Formaci\u00f3n Profesional, a partir de hoy d\u00eda 23 de marzo de 2023 dejaremos de tener operativa la red \u00abAndared\u00bb en el IES Al \u00c1ndalus. <strong>Desde este momento, la red corporativa sobre la que trabajaremos desde las instalaciones del centro es Andared_Corporativo.<\/strong><\/p>\n<p>Se recuerda que se puede acceder con las credenciales IdEA a trav\u00e9s de vuestros dispositivos personales (profesorado hasta 3 dispositivos, alumnado 1 dispositivo)<br \/>\nLos equipos de las aulas y ordenadores port\u00e1tiles de los Carros TDE usan usuario y contrase\u00f1a especiales creados desde la Coordinaci\u00f3n TDE. No acced\u00e1is con credenciales personales en estos dispositivos.<\/p>\n<p>Desde principio de curso han existido numerosos problemas con esta nueva red que han dado lugar a controles diarios y gesti\u00f3n de incidencias de forma remota a trav\u00e9s de CAUCE y SAR y la intervenci\u00f3n de t\u00e9cnicos de forma presencial sobre las instalaciones de red. Durante esta semana, se ha estabilizado el servicio y se est\u00e1 funcionando con normalidad.<\/p>\n<p>Podemos ampliar la informaci\u00f3n en <a href=\"https:\/\/blogsaverroes.juntadeandalucia.es\/frantejada\/andared_corporativo\/\" target=\"_blank\" rel=\"noopener noreferrer\">ESTE ENLACE<\/a>.<\/p>\n","protected":false},"excerpt":{"rendered":"<p>Seg\u00fan nos han comunicado desde la Consejer\u00eda de Desarrollo Educativo y Formaci\u00f3n Profesional, a partir de hoy d\u00eda 23 de marzo de 2023 dejaremos de&hellip;<\/p>\n","protected":false},"author":12697,"featured_media":191,"comment_status":"open","ping_status":"open","sticky":false,"template":"","format":"standard","meta":{"_exactmetrics_skip_tracking":false,"_exactmetrics_sitenote_active":false,"_exactmetrics_sitenote_note":"","_exactmetrics_sitenote_category":0,"ngg_post_thumbnail":0,"footnotes":""},"categories":[12],"tags":[],"aioseo_notices":[],"_links":{"self":[{"href":"https:\/\/blogsaverroes.juntadeandalucia.es\/frantejada\/wp-json\/wp\/v2\/posts\/536"}],"collection":[{"href":"https:\/\/blogsaverroes.juntadeandalucia.es\/frantejada\/wp-json\/wp\/v2\/posts"}],"about":[{"href":"https:\/\/blogsaverroes.juntadeandalucia.es\/frantejada\/wp-json\/wp\/v2\/types\/post"}],"author":[{"embeddable":true,"href":"https:\/\/blogsaverroes.juntadeandalucia.es\/frantejada\/wp-json\/wp\/v2\/users\/12697"}],"replies":[{"embeddable":true,"href":"https:\/\/blogsaverroes.juntadeandalucia.es\/frantejada\/wp-json\/wp\/v2\/comments?post=536"}],"version-history":[{"count":5,"href":"https:\/\/blogsaverroes.juntadeandalucia.es\/frantejada\/wp-json\/wp\/v2\/posts\/536\/revisions"}],"predecessor-version":[{"id":541,"href":"https:\/\/blogsaverroes.juntadeandalucia.es\/frantejada\/wp-json\/wp\/v2\/posts\/536\/revisions\/541"}],"wp:featuredmedia":[{"embeddable":true,"href":"https:\/\/blogsaverroes.juntadeandalucia.es\/frantejada\/wp-json\/wp\/v2\/media\/191"}],"wp:attachment":[{"href":"https:\/\/blogsaverroes.juntadeandalucia.es\/frantejada\/wp-json\/wp\/v2\/media?parent=536"}],"wp:term":[{"taxonomy":"category","embeddable":true,"href":"https:\/\/blogsaverroes.juntadeandalucia.es\/frantejada\/wp-json\/wp\/v2\/categories?post=536"},{"taxonomy":"post_tag","embeddable":true,"href":"https:\/\/blogsaverroes.juntadeandalucia.es\/frantejada\/wp-json\/wp\/v2\/tags?post=536"}],"curies":[{"name":"wp","href":"https:\/\/api.w.org\/{rel}","templated":true}]}}