{"id":575,"date":"2023-09-06T18:55:24","date_gmt":"2023-09-06T16:55:24","guid":{"rendered":"https:\/\/blogsaverroes.juntadeandalucia.es\/frantejada\/?p=575"},"modified":"2023-09-08T08:43:24","modified_gmt":"2023-09-08T06:43:24","slug":"comienzo-de-curso-2023-2024","status":"publish","type":"post","link":"https:\/\/blogsaverroes.juntadeandalucia.es\/frantejada\/comienzo-de-curso-2023-2024\/","title":{"rendered":"Comienzo de curso 2023\/2024"},"content":{"rendered":"<p>Desde el d\u00eda 6 de septiembre de 2023 est\u00e1 disponible <a href=\"https:\/\/educacionadistancia.juntadeandalucia.es\/centros\/almeria\/\">MOODLE CENTROS 2023\/2024<\/a><\/p>\n<p>Llega el momento de crear nuestras Aulas Virtuales en Moodle Centros para comenzar a trabajar de cara al curso 2023\/2024.<\/p>\n<p><strong>COPIAS DE SEGURIDAD DEL CURSO 22\/23<\/strong><\/p>\n<p>Antes de empezar con el nuevo espacio de Moodle Centros, es recomendable que hagamos copias de seguridad de todos los cursos\/aulas que hemos utilizado durante el curso 2022\/2023 (lo podremos hacer, al menos, durante el mes de septiembre). Para ello, accedemos a <a href=\"https:\/\/educacionadistancia.juntadeandalucia.es\/centros\/almeria22\/\">MOODLE CENTROS 2022\/2023<\/a> y podemos utilizar el siguiente manual: <a href=\"https:\/\/edea.juntadeandalucia.es\/bancorecursos\/file\/c45ea16a-740d-4f4d-84ca-3f4cc4966e21\/1\/Guia_MoodleCentros.RolDocente.zip\/6_realizar_copia_de_seguridad_del_curso.html\">CREAR COPIAS SEGURIDAD CURSOS<\/a><\/p>\n<p><strong>RESTAURAR COPIAS EN CURSO 23\/24<\/strong><\/p>\n<p>Una vez que tengamos creadas las copias de seguridad, las podemos restaurar en las correspondientes aulas virtuales del curso 2023\/2024.<br \/>\nEn los pr\u00f3ximos d\u00edas se ofrecer\u00e1 m\u00e1s informaci\u00f3n sobre este proceso.<\/p>\n<p><strong><span style=\"color: #ff0000\">Se recomienda no crear los cursos en MOODLE 2023\/2024 hasta que los horarios individuales est\u00e9n introducidos en S\u00e9neca para evitar problemas en la matriculaci\u00f3n del alumnado en cada curso y materia. NO MATRICULAR AL ALUMNADO DE FORMA MANUAL, ESPERAR QUE SE CARGUE EL ALUMNADO DE S\u00c9NECA AUTOM\u00c1TICAMENTE (puede tardar 24 horas desde que se crea el aula en Moodle Centros)<\/span><\/strong><\/p>\n","protected":false},"excerpt":{"rendered":"<p>Desde el d\u00eda 6 de septiembre de 2023 est\u00e1 disponible MOODLE CENTROS 2023\/2024 Llega el momento de crear nuestras Aulas Virtuales en Moodle Centros para&hellip;<\/p>\n","protected":false},"author":12697,"featured_media":582,"comment_status":"open","ping_status":"open","sticky":false,"template":"","format":"standard","meta":{"_exactmetrics_skip_tracking":false,"_exactmetrics_sitenote_active":false,"_exactmetrics_sitenote_note":"","_exactmetrics_sitenote_category":0,"ngg_post_thumbnail":0,"footnotes":""},"categories":[11],"tags":[],"aioseo_notices":[],"_links":{"self":[{"href":"https:\/\/blogsaverroes.juntadeandalucia.es\/frantejada\/wp-json\/wp\/v2\/posts\/575"}],"collection":[{"href":"https:\/\/blogsaverroes.juntadeandalucia.es\/frantejada\/wp-json\/wp\/v2\/posts"}],"about":[{"href":"https:\/\/blogsaverroes.juntadeandalucia.es\/frantejada\/wp-json\/wp\/v2\/types\/post"}],"author":[{"embeddable":true,"href":"https:\/\/blogsaverroes.juntadeandalucia.es\/frantejada\/wp-json\/wp\/v2\/users\/12697"}],"replies":[{"embeddable":true,"href":"https:\/\/blogsaverroes.juntadeandalucia.es\/frantejada\/wp-json\/wp\/v2\/comments?post=575"}],"version-history":[{"count":6,"href":"https:\/\/blogsaverroes.juntadeandalucia.es\/frantejada\/wp-json\/wp\/v2\/posts\/575\/revisions"}],"predecessor-version":[{"id":586,"href":"https:\/\/blogsaverroes.juntadeandalucia.es\/frantejada\/wp-json\/wp\/v2\/posts\/575\/revisions\/586"}],"wp:featuredmedia":[{"embeddable":true,"href":"https:\/\/blogsaverroes.juntadeandalucia.es\/frantejada\/wp-json\/wp\/v2\/media\/582"}],"wp:attachment":[{"href":"https:\/\/blogsaverroes.juntadeandalucia.es\/frantejada\/wp-json\/wp\/v2\/media?parent=575"}],"wp:term":[{"taxonomy":"category","embeddable":true,"href":"https:\/\/blogsaverroes.juntadeandalucia.es\/frantejada\/wp-json\/wp\/v2\/categories?post=575"},{"taxonomy":"post_tag","embeddable":true,"href":"https:\/\/blogsaverroes.juntadeandalucia.es\/frantejada\/wp-json\/wp\/v2\/tags?post=575"}],"curies":[{"name":"wp","href":"https:\/\/api.w.org\/{rel}","templated":true}]}}