{"id":12565,"date":"2024-01-10T11:39:12","date_gmt":"2024-01-10T10:39:12","guid":{"rendered":"https:\/\/blogsaverroes.juntadeandalucia.es\/gbellasartesmalaga\/?p=12565"},"modified":"2024-04-11T14:03:14","modified_gmt":"2024-04-11T12:03:14","slug":"convocado-el-vii-concurso-de-ilustracion-literaria-dedicado-a-cecilia-bohl-de-faber","status":"publish","type":"post","link":"https:\/\/blogsaverroes.juntadeandalucia.es\/gbellasartesmalaga\/2024\/01\/10\/convocado-el-vii-concurso-de-ilustracion-literaria-dedicado-a-cecilia-bohl-de-faber\/","title":{"rendered":"Convocado el VII Concurso de Ilustraci\u00f3n Literaria, dedicado a Cecilia B\u00f6hl de Faber"},"content":{"rendered":"<p><img loading=\"lazy\" decoding=\"async\" class=\"size-large wp-image-12566 aligncenter\" src=\"https:\/\/blogsaverroes.juntadeandalucia.es\/gbellasartesmalaga\/files\/2024\/01\/Fern\u00e1n-Caballero-Cecilia-Bolh-de-Faber-724x1024.png\" alt=\"\" width=\"724\" height=\"1024\" srcset=\"https:\/\/blogsaverroes.juntadeandalucia.es\/gbellasartesmalaga\/files\/2024\/01\/Fern\u00e1n-Caballero-Cecilia-Bolh-de-Faber-724x1024.png 724w, https:\/\/blogsaverroes.juntadeandalucia.es\/gbellasartesmalaga\/files\/2024\/01\/Fern\u00e1n-Caballero-Cecilia-Bolh-de-Faber-212x300.png 212w, https:\/\/blogsaverroes.juntadeandalucia.es\/gbellasartesmalaga\/files\/2024\/01\/Fern\u00e1n-Caballero-Cecilia-Bolh-de-Faber-106x150.png 106w, https:\/\/blogsaverroes.juntadeandalucia.es\/gbellasartesmalaga\/files\/2024\/01\/Fern\u00e1n-Caballero-Cecilia-Bolh-de-Faber-768x1086.png 768w, https:\/\/blogsaverroes.juntadeandalucia.es\/gbellasartesmalaga\/files\/2024\/01\/Fern\u00e1n-Caballero-Cecilia-Bolh-de-Faber-1086x1536.png 1086w, https:\/\/blogsaverroes.juntadeandalucia.es\/gbellasartesmalaga\/files\/2024\/01\/Fern\u00e1n-Caballero-Cecilia-Bolh-de-Faber-1448x2048.png 1448w\" sizes=\"(max-width: 724px) 100vw, 724px\" \/><\/p>\n<p align=\"justify\"><span style=\"color: #000000\"><span style=\"font-family: Ebrima\"><span style=\"font-size: small\">La Delegaci\u00f3n Territorial de Educaci\u00f3n y Deporte en M\u00e1laga convoca una nueva edici\u00f3n del <b>VII<\/b><b> Concurso de Ilustraci\u00f3n Literaria.<\/b><\/span><\/span><\/span><\/p>\n<p align=\"justify\"><span style=\"color: #000000\"><span style=\"font-family: Ebrima\"><span style=\"font-size: small\">El tema del concurso <\/span><\/span><\/span><span style=\"color: #000000\"><span style=\"font-family: Ebrima\"><span style=\"font-size: small\">de este a\u00f1o ser\u00e1 la vida y obra de<\/span><\/span><\/span><b> <\/b><em><span style=\"font-family: Ebrima\"><span style=\"font-size: small\"><b>Fern\u00e1n Caballero,<\/b><\/span><\/span><\/em><b> <\/b><span style=\"font-family: Ebrima\"><span style=\"font-size: small\">seud\u00f3nimo utilizado por la escritora espa\u00f1ola Cecilia B\u00f6hl de Faber y Ru<\/span><\/span><span style=\"font-family: Ebrima\"><span style=\"font-size: small\">iz<\/span><\/span><span style=\"font-family: Ebrima\"><span style=\"font-size: small\"> de Larrea, <\/span><\/span><span style=\"font-family: Ebrima\"><span style=\"font-size: small\">aunque tambi\u00e9n intent\u00f3 ocultar su rostro del conocimiento del p\u00fablico. Su obra conecta con su vida de modo muy vigoroso. En sus ficciones defender\u00e1 las ideas tradicionales: <\/span><\/span><span style=\"font-family: Ebrima\"><span style=\"font-size: small\">en<\/span><\/span><span style=\"font-family: Ebrima\"><span style=\"font-size: small\"> su labor creativa como la de un investigador del folclore dedicado a rastrear costumbres llamadas a desaparecer por el empuje del progreso y de las ideas llegadas del exterior. <\/span><\/span><\/p>\n<p align=\"justify\"><span style=\"color: #000000\"><span style=\"font-family: Ebrima\"><span style=\"font-size: small\"><b>1. Objetivos:<\/b><\/span><\/span><\/span><\/p>\n<p align=\"justify\"><span style=\"font-family: Ebrima\"><span style=\"font-size: small\">&#8211; Fomentar la creatividad art\u00edstica del alumnado.<\/span><\/span><\/p>\n<p align=\"justify\"><span style=\"font-family: Ebrima\"><span style=\"font-size: small\">&#8211; Desarrollar la competencia en conciencia y expresiones culturales.<\/span><\/span><\/p>\n<p align=\"justify\"><span style=\"font-family: Ebrima\"><span style=\"font-size: small\">&#8211; Fomentar la investigaci\u00f3n sobre la vida y obra de Cecilia F\u00f6hl de Faber\/Fern\u00e1n Caballero.<\/span><\/span><\/p>\n<p align=\"justify\"><span style=\"font-family: Ebrima\"><span style=\"font-size: small\">&#8211; Incentivar la lectura comprensiva y la plasmaci\u00f3n visual de la misma.<\/span><\/span><\/p>\n<p align=\"justify\"><span style=\"font-family: Ebrima\"><span style=\"font-size: small\">&#8211; Favorecer el desarrollo intelectual y las destrezas b\u00e1sicas.<\/span><\/span><\/p>\n<p align=\"justify\"><span style=\"font-family: Ebrima\"><span style=\"font-size: small\"><b>2. Participaci\u00f3n:<\/b><\/span><\/span><\/p>\n<p align=\"justify\"><span style=\"font-family: Ebrima\"><span style=\"font-size: small\">Este concurso va dirigido a todo el alumnado y profesorado de los centros docentes sostenidos con fondos p\u00fablicos de la provincia de M\u00e1laga.<\/span><\/span><\/p>\n<p align=\"justify\"><span style=\"font-family: Ebrima\"><span style=\"font-size: small\"><b>3. Formato:<\/b><\/span><\/span><\/p>\n<p align=\"justify\"><span style=\"font-family: Ebrima\"><span style=\"font-size: small\">Los trabajos podr\u00e1n ser ejecutados mediante cualquier t\u00e9cnica o procedimiento art\u00edstico en un formato m\u00e1ximo A3. Se presentar\u00e1n en formato digital en una imagen (png o jpg ) de calidad suficiente para poder valorar la obra. <\/span><\/span><\/p>\n<p align=\"justify\"><span style=\"font-family: Ebrima\"><span style=\"font-size: small\">Los trabajos presentados han de ser in\u00e9ditos y no se admitir\u00e1n obras de dudosa autor\u00eda. Tampoco pueden suponer, en todo o parte, plagio de obras publicadas o de otros artistas. <\/span><\/span><\/p>\n<p align=\"justify\"><span style=\"font-family: Ebrima\"><span style=\"font-size: small\"><b>4. Presentaci\u00f3n:<\/b><\/span><\/span><\/p>\n<p align=\"justify\"><span style=\"font-family: Ebrima\"><span style=\"font-size: small\">Las obras se enviar\u00e1n en una copia en formato JPG <\/span><\/span><span style=\"font-family: Ebrima\"><span style=\"font-size: small\">o PDF <\/span><\/span><span style=\"font-family: Ebrima\"><span style=\"font-size: small\">al correo del Gabinete Pedag\u00f3gico de Bellas Artes de M\u00e1laga junto con el Anexo I debidamente cumplimentado <\/span><\/span><a href=\"mailto:soe.gbellasartes@gmail.com\"><span style=\"color: #b00000\"><span style=\"font-family: Euphemia, sans-serif\"><span style=\"font-size: small\"><b>s<\/b><\/span><\/span><\/span><span style=\"color: #b00000\"><span style=\"font-family: Euphemia, sans-serif\"><span style=\"font-size: small\"><b>oe.gbellasartes@gmail.com<\/b><\/span><\/span><\/span><\/a> <span style=\"color: #000000\"><span style=\"font-family: Ebrima\"><span style=\"font-size: small\">poniendo en el <\/span><\/span><\/span><span style=\"color: #000000\"><span style=\"font-family: Ebrima\"><span style=\"font-size: small\"><b>asunto del <\/b><\/span><\/span><\/span><span style=\"color: #000000\"><span style=\"font-family: Ebrima\"><span style=\"font-size: small\"><b>correo electr\u00f3nico<\/b><\/span><\/span><\/span><span style=\"color: #000000\"><span style=\"font-family: Ebrima\"><span style=\"font-size: small\"> el nombre completo del autor y centro por el que se participa.<\/span><\/span><\/span><\/p>\n<p align=\"justify\"><span style=\"color: #000000\"><span style=\"font-family: Ebrima\"><span style=\"font-size: small\">Las obras se podr\u00e1n pedir posteriormente en caso de que llegara a hacerse una exposici\u00f3n con las obras originales. <\/span><\/span><\/span><\/p>\n<p align=\"justify\"><span style=\"color: #000000\"><span style=\"font-family: Ebrima\"><span style=\"font-size: small\"><b>5. Plazo de presentaci\u00f3n:<\/b><\/span><\/span><\/span><\/p>\n<p align=\"justify\"><span style=\"color: #000000\"><span style=\"font-family: Ebrima\"><span style=\"font-size: small\">Los trabajos se podr\u00e1n presentar hasta las 23:59 horas del <b>lunes<\/b><b> <\/b><b>1<\/b><b> de <\/b><b>abril<\/b><b> 2024.<\/b><\/span><\/span><\/span><\/p>\n<p align=\"justify\"><span style=\"font-family: Ebrima\"><span style=\"font-size: small\"><span style=\"color: #000000\">Cualquier duda acerca del desarrollo del Concurso se puede realizar a trav\u00e9s del corre<\/span><span style=\"color: #000000\">o<\/span><span style=\"color: #000000\"> electr\u00f3nico <\/span><span style=\"color: #b00000\"><span style=\"font-family: Arial, sans-serif\"><b>s<\/b><\/span><\/span><span style=\"color: #b00000\"><span style=\"font-family: Arial, sans-serif\"><b>oe.gbellasartes@gmail.com<\/b><\/span><\/span><\/span><\/span><\/p>\n<p align=\"justify\"><span style=\"font-family: Ebrima\"><span style=\"font-size: small\"><b>6. Categor\u00edas y premios:<\/b><\/span><\/span><\/p>\n<p align=\"justify\"><span style=\"font-family: Ebrima\"><span style=\"font-size: small\">Se establecen cuatro categor\u00edas de participaci\u00f3n:<\/span><\/span><\/p>\n<p style=\"padding-left: 120px\" align=\"justify\"><span style=\"color: #b00000\"><span style=\"font-family: Ebrima\"><span style=\"font-size: small\"><b>1\u00aa Educaci\u00f3n infantil<\/b><\/span><\/span><\/span><\/p>\n<p style=\"padding-left: 120px\" align=\"justify\"><span style=\"color: #b00000\"><span style=\"font-family: Ebrima\"><span style=\"font-size: small\"><b>2\u00ba Educaci\u00f3n Primaria<\/b><\/span><\/span><\/span><\/p>\n<p style=\"padding-left: 120px\" align=\"justify\"><span style=\"color: #b00000\"><span style=\"font-family: Ebrima\"><span style=\"font-size: small\"><b>3\u00aa Educaci\u00f3n Secundaria Obligatoria<\/b><\/span><\/span><\/span><\/p>\n<p style=\"padding-left: 120px\" align=\"justify\"><span style=\"color: #b00000\"><span style=\"font-family: Ebrima\"><span style=\"font-size: small\"><b>4\u00aa Bachillerato, Ciclos Formativos, Educaci\u00f3n Permanente y Ense\u00f1anza de R\u00e9gimen Especial<\/b><\/span><\/span><\/span><\/p>\n<p style=\"padding-left: 120px\" align=\"justify\"><span style=\"color: #b00000\"><span style=\"font-family: Ebrima\"><span style=\"font-size: small\"><b>5\u00ba Profesorado<\/b><\/span><\/span><\/span><\/p>\n<p align=\"justify\"><span style=\"font-family: Ebrima\"><span style=\"font-size: small\">Los trabajos participantes y ganadores <b>ser\u00e1n publicados <\/b>el<b> <\/b><b>10<\/b><b> de abril<\/b><b> <\/b>en la p\u00e1gina web del <b>Gabinete de Bellas Artes. <\/b>As\u00ed mismo se enviar\u00e1 comunicaci\u00f3n a los centros educativos para informarles del alumnado que ha sido premiado. <\/span><\/span><\/p>\n<h2 class=\"western\" align=\"center\"><span style=\"color: #b00000\"><span style=\"font-family: Ebrima\"><span style=\"font-size: small\"><b>https:\/\/blogsaverroes.juntadeandalucia.es\/gbellasartesmalaga\/<\/b><\/span><\/span><\/span><\/h2>\n<p align=\"justify\"><span style=\"font-family: Ebrima\"><span style=\"font-size: small\">Adem\u00e1s de estos premios se podr\u00e1n establecer, a criterio del jurado, una o varias menciones especiales.<\/span><\/span><\/p>\n<p align=\"justify\"><span style=\"font-family: Ebrima\"><span style=\"font-size: small\">La organizaci\u00f3n puede declarar alguna categor\u00eda desierta en caso de no recibir propuestas o que las mismas no tengan suficiente calidad. <\/span><\/span><\/p>\n<p align=\"justify\"><span style=\"font-family: Ebrima\"><span style=\"font-size: small\">El premio ser\u00e1 entregado a la persona que figure como autora de la ilustraci\u00f3n en un acto que se organizar\u00e1 al efecto, al cu\u00e1l ser\u00e1n citados previamente previsto para finales de abril de 2024. <\/span><\/span><span style=\"font-family: Ebrima\"><span style=\"font-size: small\">La asistencia a dicho acto ser\u00e1 imprescindible para recibir el premio.<\/span><\/span><\/p>\n<h2><span style=\"font-family: Ebrima\"><span style=\"font-size: small\">BASES DEL CONCURSO<br \/>\n<\/span><\/span><\/h2>\n<p><a href=\"https:\/\/blogsaverroes.juntadeandalucia.es\/gbellasartesmalaga\/files\/2024\/01\/BASES-CONCURSO-FERNAN-CABALLERO-2024.pdf\">BASES CONCURSO FERNAN CABALLERO 2024<\/a><\/p>\n","protected":false},"excerpt":{"rendered":"<p>La Delegaci\u00f3n Territorial de Educaci\u00f3n y Deporte en M\u00e1laga convoca una nueva edici\u00f3n del VII Concurso de Ilustraci\u00f3n Literaria. El tema del concurso de este a\u00f1o ser\u00e1 la vida y obra de Fern\u00e1n Caballero,&#46;&#46;&#46;<\/p>\n","protected":false},"author":8061,"featured_media":12567,"comment_status":"open","ping_status":"open","sticky":false,"template":"","format":"standard","meta":{"ngg_post_thumbnail":0,"footnotes":""},"categories":[308,356],"tags":[],"aioseo_notices":[],"_links":{"self":[{"href":"https:\/\/blogsaverroes.juntadeandalucia.es\/gbellasartesmalaga\/wp-json\/wp\/v2\/posts\/12565"}],"collection":[{"href":"https:\/\/blogsaverroes.juntadeandalucia.es\/gbellasartesmalaga\/wp-json\/wp\/v2\/posts"}],"about":[{"href":"https:\/\/blogsaverroes.juntadeandalucia.es\/gbellasartesmalaga\/wp-json\/wp\/v2\/types\/post"}],"author":[{"embeddable":true,"href":"https:\/\/blogsaverroes.juntadeandalucia.es\/gbellasartesmalaga\/wp-json\/wp\/v2\/users\/8061"}],"replies":[{"embeddable":true,"href":"https:\/\/blogsaverroes.juntadeandalucia.es\/gbellasartesmalaga\/wp-json\/wp\/v2\/comments?post=12565"}],"version-history":[{"count":2,"href":"https:\/\/blogsaverroes.juntadeandalucia.es\/gbellasartesmalaga\/wp-json\/wp\/v2\/posts\/12565\/revisions"}],"predecessor-version":[{"id":12570,"href":"https:\/\/blogsaverroes.juntadeandalucia.es\/gbellasartesmalaga\/wp-json\/wp\/v2\/posts\/12565\/revisions\/12570"}],"wp:featuredmedia":[{"embeddable":true,"href":"https:\/\/blogsaverroes.juntadeandalucia.es\/gbellasartesmalaga\/wp-json\/wp\/v2\/media\/12567"}],"wp:attachment":[{"href":"https:\/\/blogsaverroes.juntadeandalucia.es\/gbellasartesmalaga\/wp-json\/wp\/v2\/media?parent=12565"}],"wp:term":[{"taxonomy":"category","embeddable":true,"href":"https:\/\/blogsaverroes.juntadeandalucia.es\/gbellasartesmalaga\/wp-json\/wp\/v2\/categories?post=12565"},{"taxonomy":"post_tag","embeddable":true,"href":"https:\/\/blogsaverroes.juntadeandalucia.es\/gbellasartesmalaga\/wp-json\/wp\/v2\/tags?post=12565"}],"curies":[{"name":"wp","href":"https:\/\/api.w.org\/{rel}","templated":true}]}}