{"id":12852,"date":"2024-03-18T13:10:36","date_gmt":"2024-03-18T12:10:36","guid":{"rendered":"https:\/\/blogsaverroes.juntadeandalucia.es\/gbellasartesmalaga\/?p=12852"},"modified":"2024-03-18T13:10:36","modified_gmt":"2024-03-18T12:10:36","slug":"6-a-edicion-del-concurso-internet-pone-la-educacion-por-las-nubes","status":"publish","type":"post","link":"https:\/\/blogsaverroes.juntadeandalucia.es\/gbellasartesmalaga\/2024\/03\/18\/6-a-edicion-del-concurso-internet-pone-la-educacion-por-las-nubes\/","title":{"rendered":"6.\u00aa edici\u00f3n del concurso \u00abInternet pone la Educaci\u00f3n por \u201clas nubes\u201d\u00bb"},"content":{"rendered":"<p>&nbsp;<\/p>\n<div class=\"entry-content\">\n<p><img loading=\"lazy\" decoding=\"async\" class=\"size-large wp-image-12853 aligncenter\" src=\"https:\/\/blogsaverroes.juntadeandalucia.es\/gbellasartesmalaga\/files\/2024\/03\/Concurso_Dia_de_Internet_2024-1024x380.jpg\" alt=\"\" width=\"1024\" height=\"380\" srcset=\"https:\/\/blogsaverroes.juntadeandalucia.es\/gbellasartesmalaga\/files\/2024\/03\/Concurso_Dia_de_Internet_2024-1024x380.jpg 1024w, https:\/\/blogsaverroes.juntadeandalucia.es\/gbellasartesmalaga\/files\/2024\/03\/Concurso_Dia_de_Internet_2024-300x111.jpg 300w, https:\/\/blogsaverroes.juntadeandalucia.es\/gbellasartesmalaga\/files\/2024\/03\/Concurso_Dia_de_Internet_2024-150x56.jpg 150w, https:\/\/blogsaverroes.juntadeandalucia.es\/gbellasartesmalaga\/files\/2024\/03\/Concurso_Dia_de_Internet_2024-768x285.jpg 768w, https:\/\/blogsaverroes.juntadeandalucia.es\/gbellasartesmalaga\/files\/2024\/03\/Concurso_Dia_de_Internet_2024-1536x570.jpg 1536w, https:\/\/blogsaverroes.juntadeandalucia.es\/gbellasartesmalaga\/files\/2024\/03\/Concurso_Dia_de_Internet_2024-2048x760.jpg 2048w\" sizes=\"(max-width: 1024px) 100vw, 1024px\" \/><\/p>\n<p>El <a href=\"https:\/\/intef.es\/\" target=\"_blank\" rel=\"noopener noreferrer\">Instituto Nacional de Tecnolog\u00edas Educativas y de Formaci\u00f3n del Profesorado (INTEF)<\/a>, en colaboraci\u00f3n con la <a href=\"https:\/\/www.aui.es\/\" target=\"_blank\" rel=\"noopener noreferrer\">Asociaci\u00f3n de Usuarios de Internet (AUI)<\/a>, convoca el concurso <strong>Internet pone la Educaci\u00f3n por \u201clas nubes\u201d<\/strong> con motivo de la celebraci\u00f3n, el d\u00eda 17 de mayo de 2024, del <strong>D\u00eda Mundial de Internet 2024<\/strong>.<\/p>\n<p>Este a\u00f1o, el D\u00eda Mundial de Internet 2024 aborda la tem\u00e1tica&nbsp;<strong>\u201cPor una Inteligencia Artificial comprometida con los derechos digitales\u201d. <\/strong>Por ello, la 6\u00aa edici\u00f3n del concurso busca visibilizar y premiar experiencias educativas que se basen en el uso adecuado y responsable de la Inteligencia Artificial en el \u00e1mbito educativo de una manera did\u00e1ctica y pedag\u00f3gica, comprometida con los derechos digitales y su facilidad para ser replicable en otros contextos.<\/p>\n<p>De esta manera, se busca reconocer<strong> buenas pr\u00e1cticas que se est\u00e9n desarrollando en el actual curso 2023-2024. <\/strong>Estas pr\u00e1cticas deben mostrar c\u00f3mo desde los centros educativos se trabaja para que el profesorado y el alumnado sean capaces de poner en marcha proyectos en los que la IA se use desde un conocimiento adecuado y preciso, con especial relevancia en los derechos digitales.<\/p>\n<p>Es necesario que dichas pr\u00e1cticas fomenten valores fundamentales (transparencia, privacidad y equidad), favorezcan y promuevan el debate as\u00ed como la reflexi\u00f3n sobre los dilemas surgidos en torno al uso de la IA en el \u00e1mbito educativo.<\/p>\n<p>Por tanto, los docentes que quieran participar <strong>deber\u00e1n presentar un v\u00eddeo resumen<\/strong> seg\u00fan se indica a continuaci\u00f3n.<\/p>\n<h2>RESUMEN DE LAS BASES DEL CONCURSO<\/h2>\n<h3><strong>\u00bfQui\u00e9nes pueden participar?<\/strong><\/h3>\n<p>Podr\u00e1n participar en el concurso todos los <strong>docentes en activo que realicen su actividad en centros educativos establecidos en Espa\u00f1a en cualquiera de los niveles previos a la Universidad.<br \/>\n<\/strong><\/p>\n<h3><strong>Crea un v\u00eddeo mostrando tu experiencia<\/strong><\/h3>\n<p>Cada participante deber\u00e1 crear un v\u00eddeo (de una duraci\u00f3n entre 1 y 3 minutos m\u00e1ximo), en el que se resuma la experiencia y en el que aparezcan reflejados estos aspectos:<\/p>\n<ul>\n<li>Descripci\u00f3n de la experiencia, mostrando el contexto donde se lleva a cabo y se especifique la incorporaci\u00f3n de la IA al \u00e1mbito educativo, su implementaci\u00f3n y los resultados obtenidos.<\/li>\n<li>Detalle de la propuesta desarrollada que muestre el trabajo realizado por el alumnado.<\/li>\n<li>El papel del uso de la tecnolog\u00eda en los procesos de ense\u00f1anza-aprendizaje y, en este caso, m\u00e1s concretamente, el de la IA.<\/li>\n<li>La reflexi\u00f3n sobre el uso de la IA en la escuela y su relaci\u00f3n con los derechos digitales (tanto en el profesorado como en el alumnado).<\/li>\n<li>C\u00f3mo ha favorecido el uso de la IA el trabajo de valores fundamentales como la privacidad, la transparencia y el derecho de las personas en el mundo digital, desde el \u00e1mbito escolar.<\/li>\n<\/ul>\n<p>Para los detalles completos de los requisitos t\u00e9cnicos y de las caracter\u00edsticas que debe cumplir el v\u00eddeo, consulta <strong><a href=\"https:\/\/intef.es\/wp-content\/uploads\/2024\/03\/Bases-concurso-Intef-Dia-Internet-2024.pdf\" target=\"_blank\" rel=\"noopener noreferrer\">el texto completo de las bases del concurso<\/a><\/strong>.<\/p>\n<h3><strong>\u00bfC\u00f3mo me presento al concurso?<\/strong><\/h3>\n<p>Para participar en el concurso, debes completar el siguiente formulario de inscripci\u00f3n:<\/p>\n<p><a href=\"https:\/\/intef.es\/formulario\/recursos-educativos\/premios-dia-de-internet-intef-2024\/\" target=\"_blank\" rel=\"noopener noreferrer\">Formulario de inscripci\u00f3n al concurso Internet pone la educaci\u00f3n por \u201clas nubes\u201d<\/a><\/p>\n<p><strong>Se podr\u00e1 participar \u00fanicamente con un v\u00eddeo por participante<\/strong>. En el caso de que un participante presente m\u00e1s de un v\u00eddeo, solo se considerar\u00e1 v\u00e1lido el \u00faltimo que haya enviado al concurso.<\/p>\n<h3><strong>\u00bfHasta cu\u00e1ndo est\u00e1 abierto el plazo?<\/strong><\/h3>\n<p>La fecha l\u00edmite para completar el formulario y presentarse al concurso es el<strong> 15 abril de 2024 a las 23:59 horas (horario peninsular).<\/strong><\/p>\n<h3><strong>\u00bfHay premio?<\/strong><\/h3>\n<p>Este a\u00f1o tendremos hasta 3 premios finales.<\/p>\n<p>Los ganadores del concurso se dar\u00e1n a conocer en la web&nbsp;(<a href=\"https:\/\/intef.es\/\" target=\"_blank\" rel=\"noopener noreferrer\">https:\/\/intef.es<\/a>) y en las redes sociales de INTEF (<a href=\"https:\/\/twitter.com\/educaINTEF\" target=\"_blank\" rel=\"noopener noreferrer\">@educaINTEF<\/a>) a partir del d\u00eda <strong>24 de abril de 2024.<\/strong><\/p>\n<p>El jurado puede considerar dejar desierto alguno de los 3 premios finales si las propuestas no se ajustan a las caracter\u00edsticas exigidas en las bases del concurso.<\/p>\n<p>Los premios ser\u00e1n entregados en el acto que tendr\u00e1 lugar el <strong>17 de mayo de 2024 con motivo del D\u00eda Mundial de Internet<\/strong>. Los ganadores recibir\u00e1n material electr\u00f3nico para el trabajo educativo.<\/p>\n<p>Os animamos a compartir vuestros v\u00eddeos candidatos y a seguir la evoluci\u00f3n del concurso en las redes sociales a trav\u00e9s de los <em>hashtags<\/em>:<\/p>\n<ul class=\"listado_generico\">\n<li><a href=\"https:\/\/twitter.com\/search?q=%23diadeinternet&amp;src=typed_query\" target=\"_blank\" rel=\"noopener noreferrer\"><strong> #diadeinternet<\/strong><\/a><\/li>\n<li><a href=\"https:\/\/twitter.com\/search?q=%23EducacionporlasNubes&amp;src=typed_query&amp;f=top\" target=\"_blank\" rel=\"noopener noreferrer\"><strong> #EducacionporlasNubes <\/strong><\/a><\/li>\n<li><a href=\"https:\/\/twitter.com\/search?q=%23ddi2023&amp;src=typed_query&amp;f=top\" target=\"_blank\" rel=\"noopener noreferrer\"><strong>#ddi2024<\/strong><\/a><\/li>\n<\/ul>\n<p>Para cualquier duda o cuesti\u00f3n, puedes ponerte en contacto con nosotros a trav\u00e9s de la direcci\u00f3n de correo: <a href=\"http:\/\/recursos.educativos@educacion.gob.es.\" target=\"_blank\" rel=\"noopener noreferrer\">recursos.educativos@educacion.gob.es.<\/a><\/p>\n<\/div>\n","protected":false},"excerpt":{"rendered":"<p>&nbsp; El Instituto Nacional de Tecnolog\u00edas Educativas y de Formaci\u00f3n del Profesorado (INTEF), en colaboraci\u00f3n con la Asociaci\u00f3n de Usuarios de Internet (AUI), convoca el concurso Internet pone la Educaci\u00f3n por \u201clas nubes\u201d con&#46;&#46;&#46;<\/p>\n","protected":false},"author":8061,"featured_media":12853,"comment_status":"open","ping_status":"open","sticky":false,"template":"","format":"standard","meta":{"ngg_post_thumbnail":0,"footnotes":""},"categories":[356,364,365],"tags":[],"aioseo_notices":[],"_links":{"self":[{"href":"https:\/\/blogsaverroes.juntadeandalucia.es\/gbellasartesmalaga\/wp-json\/wp\/v2\/posts\/12852"}],"collection":[{"href":"https:\/\/blogsaverroes.juntadeandalucia.es\/gbellasartesmalaga\/wp-json\/wp\/v2\/posts"}],"about":[{"href":"https:\/\/blogsaverroes.juntadeandalucia.es\/gbellasartesmalaga\/wp-json\/wp\/v2\/types\/post"}],"author":[{"embeddable":true,"href":"https:\/\/blogsaverroes.juntadeandalucia.es\/gbellasartesmalaga\/wp-json\/wp\/v2\/users\/8061"}],"replies":[{"embeddable":true,"href":"https:\/\/blogsaverroes.juntadeandalucia.es\/gbellasartesmalaga\/wp-json\/wp\/v2\/comments?post=12852"}],"version-history":[{"count":1,"href":"https:\/\/blogsaverroes.juntadeandalucia.es\/gbellasartesmalaga\/wp-json\/wp\/v2\/posts\/12852\/revisions"}],"predecessor-version":[{"id":12854,"href":"https:\/\/blogsaverroes.juntadeandalucia.es\/gbellasartesmalaga\/wp-json\/wp\/v2\/posts\/12852\/revisions\/12854"}],"wp:featuredmedia":[{"embeddable":true,"href":"https:\/\/blogsaverroes.juntadeandalucia.es\/gbellasartesmalaga\/wp-json\/wp\/v2\/media\/12853"}],"wp:attachment":[{"href":"https:\/\/blogsaverroes.juntadeandalucia.es\/gbellasartesmalaga\/wp-json\/wp\/v2\/media?parent=12852"}],"wp:term":[{"taxonomy":"category","embeddable":true,"href":"https:\/\/blogsaverroes.juntadeandalucia.es\/gbellasartesmalaga\/wp-json\/wp\/v2\/categories?post=12852"},{"taxonomy":"post_tag","embeddable":true,"href":"https:\/\/blogsaverroes.juntadeandalucia.es\/gbellasartesmalaga\/wp-json\/wp\/v2\/tags?post=12852"}],"curies":[{"name":"wp","href":"https:\/\/api.w.org\/{rel}","templated":true}]}}