{"id":12893,"date":"2024-04-05T08:23:43","date_gmt":"2024-04-05T06:23:43","guid":{"rendered":"https:\/\/blogsaverroes.juntadeandalucia.es\/gbellasartesmalaga\/?p=12893"},"modified":"2024-04-05T08:25:45","modified_gmt":"2024-04-05T06:25:45","slug":"premios-extraordinarios-en-las-ensenanzas-artisticas-superiores-2024","status":"publish","type":"post","link":"https:\/\/blogsaverroes.juntadeandalucia.es\/gbellasartesmalaga\/2024\/04\/05\/premios-extraordinarios-en-las-ensenanzas-artisticas-superiores-2024\/","title":{"rendered":"Premios Extraordinarios en las Ense\u00f1anzas Art\u00edsticas Superiores. Normativa."},"content":{"rendered":"<div>\n<div class=\"flex flex-grow flex-col max-w-full\">\n<div class=\"min-h-[20px] text-message flex flex-col items-start gap-3 whitespace-pre-wrap break-words [.text-message+&amp;]:mt-5 overflow-x-auto\" data-message-author-role=\"assistant\" data-message-id=\"7cc895a1-b55c-4b9d-976c-d9d0525d168d\">\n<div class=\"markdown prose w-full break-words dark:prose-invert light\">\n<p><img loading=\"lazy\" decoding=\"async\" class=\"size-large wp-image-12894 aligncenter\" src=\"https:\/\/blogsaverroes.juntadeandalucia.es\/gbellasartesmalaga\/files\/2024\/04\/IM\u00c1GENES-PARA-INSTAGRAM12-1024x1024.png\" alt=\"\" width=\"1024\" height=\"1024\" srcset=\"https:\/\/blogsaverroes.juntadeandalucia.es\/gbellasartesmalaga\/files\/2024\/04\/IM\u00c1GENES-PARA-INSTAGRAM12-1024x1024.png 1024w, https:\/\/blogsaverroes.juntadeandalucia.es\/gbellasartesmalaga\/files\/2024\/04\/IM\u00c1GENES-PARA-INSTAGRAM12-300x300.png 300w, https:\/\/blogsaverroes.juntadeandalucia.es\/gbellasartesmalaga\/files\/2024\/04\/IM\u00c1GENES-PARA-INSTAGRAM12-150x150.png 150w, https:\/\/blogsaverroes.juntadeandalucia.es\/gbellasartesmalaga\/files\/2024\/04\/IM\u00c1GENES-PARA-INSTAGRAM12-768x768.png 768w, https:\/\/blogsaverroes.juntadeandalucia.es\/gbellasartesmalaga\/files\/2024\/04\/IM\u00c1GENES-PARA-INSTAGRAM12-1536x1536.png 1536w, https:\/\/blogsaverroes.juntadeandalucia.es\/gbellasartesmalaga\/files\/2024\/04\/IM\u00c1GENES-PARA-INSTAGRAM12-2048x2048.png 2048w, https:\/\/blogsaverroes.juntadeandalucia.es\/gbellasartesmalaga\/files\/2024\/04\/IM\u00c1GENES-PARA-INSTAGRAM12-80x80.png 80w, https:\/\/blogsaverroes.juntadeandalucia.es\/gbellasartesmalaga\/files\/2024\/04\/IM\u00c1GENES-PARA-INSTAGRAM12-320x320.png 320w\" sizes=\"(max-width: 1024px) 100vw, 1024px\" \/><\/p>\n<p>La <strong>Consejer\u00eda de Desarrollo Educativo y Formaci\u00f3n Profesional<\/strong> de la Comunidad Aut\u00f3noma de Andaluc\u00eda ha anunciado la regulaci\u00f3n de los <strong>Premios Extraordinarios en las Ense\u00f1anzas Art\u00edsticas Superiores<\/strong>. Esta medida, que busca reconocer oficialmente la excelencia acad\u00e9mica, se enfoca en destacar el trabajo, el esfuerzo y la dedicaci\u00f3n del alumnado que completa sus estudios en este \u00e1mbito.<\/p>\n<p>La normativa responde a la competencia exclusiva que ostenta Andaluc\u00eda en materia de ense\u00f1anza no universitaria, incluyendo las ense\u00f1anzas art\u00edsticas superiores, como establece el art\u00edculo 52.1 del Estatuto de Autonom\u00eda. Adem\u00e1s, se hace referencia a la definici\u00f3n de estas ense\u00f1anzas seg\u00fan la Ley Org\u00e1nica de Educaci\u00f3n, que abarca disciplinas como m\u00fasica, danza, arte dram\u00e1tico, conservaci\u00f3n y restauraci\u00f3n de bienes culturales, dise\u00f1o, entre otras.<\/p>\n<p>Entre los objetivos de esta regulaci\u00f3n, se destaca el est\u00edmulo al inter\u00e9s y compromiso del alumnado con sus estudios, as\u00ed como el fomento de la investigaci\u00f3n y la innovaci\u00f3n en el \u00e1mbito art\u00edstico. Los Premios Extraordinarios se consideran como una forma de reconocer el esfuerzo del estudiantado, valorando su contribuci\u00f3n al conocimiento y la excelencia en el \u00e1mbito de las artes.<\/p>\n<p>Esta medida se enmarca dentro del compromiso de la Consejer\u00eda por asegurar una formaci\u00f3n completa, actualizada y de calidad en las ense\u00f1anzas art\u00edsticas superiores. La convocatoria de estos premios busca no solo destacar el rendimiento acad\u00e9mico sobresaliente, sino tambi\u00e9n promover el desarrollo profesional y la excelencia en el \u00e1mbito art\u00edstico en la regi\u00f3n.<\/p>\n<\/div>\n<\/div>\n<\/div>\n<\/div>\n<div>\n<div class=\"flex flex-grow flex-col max-w-full\">\n<div class=\"min-h-[20px] text-message flex flex-col items-start gap-3 whitespace-pre-wrap break-words [.text-message+&amp;]:mt-5 overflow-x-auto\" data-message-author-role=\"assistant\" data-message-id=\"a2c9597e-6d38-4316-aa8d-584eb87a0b8c\">\n<div class=\"markdown prose w-full break-words dark:prose-invert light\">\n<h3><strong>Art\u00edculo 1. Objeto y regulaci\u00f3n.<\/strong><\/h3>\n<ol>\n<li>La presente orden tiene por objeto regular los Premios Extraordinarios a los Trabajos Fin de Grado (en adelante TFG) en las Ense\u00f1anzas Art\u00edsticas Superiores que se imparten en los Conservatorios Superiores de M\u00fasica y Danza, en las Escuelas Superiores de Arte Dram\u00e1tico y en las Escuelas de Arte y Superiores de Dise\u00f1o de titularidad p\u00fablica de la Comunidad Aut\u00f3noma de Andaluc\u00eda.<\/li>\n<\/ol>\n<h3><strong>Art\u00edculo 2. Convocatoria y tramitaci\u00f3n.<\/strong><\/h3>\n<ol>\n<li>La convocatoria de los Premios Extraordinarios en las Ense\u00f1anzas Art\u00edsticas Superiores se regir\u00e1 por lo dispuesto en esta orden y se efectuar\u00e1, preferentemente con periodicidad anual, mediante la publicaci\u00f3n de una resoluci\u00f3n de la Direcci\u00f3n General competente en materia de Ense\u00f1anzas Art\u00edsticas en el Bolet\u00edn Oficial de la Junta de Andaluc\u00eda.<\/li>\n<li>Corresponde a la Direcci\u00f3n General competente en materia de Ense\u00f1anzas Art\u00edsticas la instrucci\u00f3n del procedimiento de concesi\u00f3n de los Premios Extraordinarios en las Ense\u00f1anzas Art\u00edsticas Superiores, incluida la convocatoria del Jurado a que se refiere el art\u00edculo 9.<\/li>\n<\/ol>\n<h3>Art\u00edculo 3. Premios.<\/h3>\n<ol>\n<li>Los Premios Extraordinarios tendr\u00e1n una dotaci\u00f3n econ\u00f3mica, cuya cuant\u00eda individualizada se fijar\u00e1 en la correspondiente resoluci\u00f3n de convocatoria anual.<\/li>\n<li>El alumnado premiado recibir\u00e1 un diploma acreditativo y la menci\u00f3n al premio ser\u00e1 anotada en su expediente acad\u00e9mico.<\/li>\n<li>Podr\u00e1n concederse un m\u00e1ximo de dos Premios Extraordinarios por cada una de las ense\u00f1anzas convocadas, uno por cada modalidad a las que se refiere el art\u00edculo 4.<\/li>\n<li>Los Premios podr\u00e1n concederse a dos o m\u00e1s alumnos o alumnas cuando el TFG sea realizado de forma grupal. En este caso, la dotaci\u00f3n econ\u00f3mica ser\u00e1 \u00fanica y su importe se distribuir\u00e1 equitativamente entre los alumnos y alumnas autores del TFG, debiendo constar la cuant\u00eda correspondiente a cada uno de ellos en la propuesta de concesi\u00f3n del premio a que se refiere el art\u00edculo 10.1.<\/li>\n<\/ol>\n<\/div>\n<\/div>\n<\/div>\n<div class=\"mt-1 flex justify-start gap-3 empty:hidden\">\n<div class=\"text-gray-400 flex self-end lg:self-center items-center justify-center lg:justify-start mt-0 -ml-1 h-7 gap-[2px] visible\">\n<div class=\"flex flex-grow flex-col max-w-full\">\n<div class=\"min-h-[20px] text-message flex flex-col items-start gap-3 whitespace-pre-wrap break-words [.text-message+&amp;]:mt-5 overflow-x-auto\" data-message-author-role=\"assistant\" data-message-id=\"0efe1cc2-f841-4a58-8a8a-2d5cddaaf0a1\">\n<div class=\"markdown prose w-full break-words dark:prose-invert light\">\n<h3>Art\u00edculo 4. Modalidades.<\/h3>\n<p style=\"padding-left: 40px\">Los Premios Extraordinarios se conceder\u00e1n en las siguientes modalidades: a) Premio extraordinario a la innovaci\u00f3n. Por el que se reconoce al TFG premiado su contribuci\u00f3n a la investigaci\u00f3n y la innovaci\u00f3n, seg\u00fan criterios que contemplen la incorporaci\u00f3n de nuevos conceptos y desarrollos estil\u00edsticos, la aportaci\u00f3n de soluciones novedosas y sostenibles, el car\u00e1cter emprendedor del proyecto y su singularidad y originalidad, de acuerdo con el perfil profesional de la ense\u00f1anza y especialidad art\u00edstica cursada. b) Premio extraordinario a la calidad art\u00edstica. Por el que se reconoce al TFG premiado su contribuci\u00f3n a la creaci\u00f3n y la interpretaci\u00f3n art\u00edstica seg\u00fan criterios que contemplen la creatividad en la propuesta, la originalidad en el dise\u00f1o, el dominio de la t\u00e9cnica y el estilo propio, de acuerdo con el perfil profesional de la ense\u00f1anza y especialidad art\u00edstica cursada.<\/p>\n<h3>Art\u00edculo 5. Propuesta.<\/h3>\n<ol>\n<li>La propuesta para la concesi\u00f3n de estos Premios corresponder\u00e1, de oficio, a las Comisiones que se formen en cada Conservatorio Superior o Escuela Superior, de acuerdo con lo previsto en el art\u00edculo 7.<\/li>\n<li>Las personas que ejerzan la presidencia de las Comisiones publicar\u00e1n en el tabl\u00f3n de anuncios del centro la relaci\u00f3n de alumnas y alumnos propuestos.<\/li>\n<li>El alumnado propuesto dispondr\u00e1 de 3 d\u00edas h\u00e1biles a contar a partir del d\u00eda siguiente al de la publicaci\u00f3n para manifestar su consentimiento expreso de participaci\u00f3n en la convocatoria, seg\u00fan modelo que se incluye como anexo. En la publicaci\u00f3n de la relaci\u00f3n de alumnos y alumnas propuestos se har\u00e1 indicaci\u00f3n de este plazo.<\/li>\n<\/ol>\n<h3>Art\u00edculo 6. Requisitos de los candidatos.<\/h3>\n<p style=\"padding-left: 40px\">Podr\u00e1n optar a los premios regulados en esta Orden los alumnos y alumnas que hayan finalizado los estudios de Ense\u00f1anzas Art\u00edsticas Superiores que cumplan los siguientes requisitos:<\/p>\n<p style=\"padding-left: 120px\">a) Haber finalizado los estudios correspondientes a una de las ense\u00f1anzas art\u00edsticas superiores en centros docentes de titularidad p\u00fablica de la Comunidad Aut\u00f3noma de Andaluc\u00eda, siempre que, al menos, un 75% de los cr\u00e9ditos hayan sido superados en un centro docente de titularidad p\u00fablica de la Comunidad Aut\u00f3noma de Andaluc\u00eda.<\/p>\n<p style=\"padding-left: 120px\">b) Haber defendido el TFG en el a\u00f1o en que se realiza la convocatoria<\/p>\n<p style=\"padding-left: 120px\">. c) Haber obtenido una calificaci\u00f3n m\u00ednima de 8,5 puntos en el mencionado TFG.<\/p>\n<p>&nbsp;<\/p>\n<\/div>\n<h2>M\u00c1S INFORMACI\u00d3N EN EL BOJA:&nbsp; <a href=\"https:\/\/juntadeandalucia.es\/boja\/2024\/66\/BOJA24-066-00007-42657-01_00299605.pdf\">https:\/\/juntadeandalucia.es\/boja\/2024\/66\/BOJA24-066-00007-42657-01_00299605.pdf<\/a><\/h2>\n<\/div>\n<\/div>\n<div class=\"mt-1 flex justify-start gap-3 empty:hidden\" style=\"padding-left: 80px\">\n<div class=\"text-gray-400 flex self-end lg:self-center items-center justify-center lg:justify-start mt-0 -ml-1 h-7 gap-[2px] visible\" style=\"padding-left: 80px\">&nbsp;<\/div>\n<\/div>\n<div class=\"flex\">&nbsp;<\/div>\n<\/div>\n<\/div>\n<div class=\"flex\">&nbsp;<\/div>\n<\/div>\n","protected":false},"excerpt":{"rendered":"<p>La Consejer\u00eda de Desarrollo Educativo y Formaci\u00f3n Profesional de la Comunidad Aut\u00f3noma de Andaluc\u00eda ha anunciado la regulaci\u00f3n de los Premios Extraordinarios en las Ense\u00f1anzas Art\u00edsticas Superiores. Esta medida, que busca reconocer oficialmente la&#46;&#46;&#46;<\/p>\n","protected":false},"author":8061,"featured_media":12894,"comment_status":"open","ping_status":"open","sticky":false,"template":"","format":"standard","meta":{"ngg_post_thumbnail":0,"footnotes":""},"categories":[368,356,5,6,10],"tags":[],"aioseo_notices":[],"_links":{"self":[{"href":"https:\/\/blogsaverroes.juntadeandalucia.es\/gbellasartesmalaga\/wp-json\/wp\/v2\/posts\/12893"}],"collection":[{"href":"https:\/\/blogsaverroes.juntadeandalucia.es\/gbellasartesmalaga\/wp-json\/wp\/v2\/posts"}],"about":[{"href":"https:\/\/blogsaverroes.juntadeandalucia.es\/gbellasartesmalaga\/wp-json\/wp\/v2\/types\/post"}],"author":[{"embeddable":true,"href":"https:\/\/blogsaverroes.juntadeandalucia.es\/gbellasartesmalaga\/wp-json\/wp\/v2\/users\/8061"}],"replies":[{"embeddable":true,"href":"https:\/\/blogsaverroes.juntadeandalucia.es\/gbellasartesmalaga\/wp-json\/wp\/v2\/comments?post=12893"}],"version-history":[{"count":3,"href":"https:\/\/blogsaverroes.juntadeandalucia.es\/gbellasartesmalaga\/wp-json\/wp\/v2\/posts\/12893\/revisions"}],"predecessor-version":[{"id":12897,"href":"https:\/\/blogsaverroes.juntadeandalucia.es\/gbellasartesmalaga\/wp-json\/wp\/v2\/posts\/12893\/revisions\/12897"}],"wp:featuredmedia":[{"embeddable":true,"href":"https:\/\/blogsaverroes.juntadeandalucia.es\/gbellasartesmalaga\/wp-json\/wp\/v2\/media\/12894"}],"wp:attachment":[{"href":"https:\/\/blogsaverroes.juntadeandalucia.es\/gbellasartesmalaga\/wp-json\/wp\/v2\/media?parent=12893"}],"wp:term":[{"taxonomy":"category","embeddable":true,"href":"https:\/\/blogsaverroes.juntadeandalucia.es\/gbellasartesmalaga\/wp-json\/wp\/v2\/categories?post=12893"},{"taxonomy":"post_tag","embeddable":true,"href":"https:\/\/blogsaverroes.juntadeandalucia.es\/gbellasartesmalaga\/wp-json\/wp\/v2\/tags?post=12893"}],"curies":[{"name":"wp","href":"https:\/\/api.w.org\/{rel}","templated":true}]}}