{"id":13331,"date":"2024-09-18T08:20:30","date_gmt":"2024-09-18T06:20:30","guid":{"rendered":"https:\/\/blogsaverroes.juntadeandalucia.es\/gbellasartesmalaga\/?p=13331"},"modified":"2024-09-18T08:20:30","modified_gmt":"2024-09-18T06:20:30","slug":"plan-de-accion-de-la-estrategia-integral-de-emprendimiento-educativo-para-el-curso-2024-25","status":"publish","type":"post","link":"https:\/\/blogsaverroes.juntadeandalucia.es\/gbellasartesmalaga\/2024\/09\/18\/plan-de-accion-de-la-estrategia-integral-de-emprendimiento-educativo-para-el-curso-2024-25\/","title":{"rendered":"Plan de Acci\u00f3n de la Estrategia Integral de Emprendimiento Educativo, para el curso 2024\/25"},"content":{"rendered":"<p><img loading=\"lazy\" decoding=\"async\" class=\" wp-image-13332 aligncenter\" src=\"https:\/\/blogsaverroes.juntadeandalucia.es\/gbellasartesmalaga\/files\/2024\/09\/yhthtyht.png\" alt=\"\" width=\"903\" height=\"404\" srcset=\"https:\/\/blogsaverroes.juntadeandalucia.es\/gbellasartesmalaga\/files\/2024\/09\/yhthtyht.png 619w, https:\/\/blogsaverroes.juntadeandalucia.es\/gbellasartesmalaga\/files\/2024\/09\/yhthtyht-300x134.png 300w, https:\/\/blogsaverroes.juntadeandalucia.es\/gbellasartesmalaga\/files\/2024\/09\/yhthtyht-150x67.png 150w\" sizes=\"(max-width: 903px) 100vw, 903px\" \/><\/p>\n<p>Un a\u00f1o m\u00e1s, la Consejer\u00eda de Desarrollo Educativo y Formaci\u00f3n Profesional y&nbsp; Andaluc\u00eda Emprende, est\u00e1n trabajando conjuntamente para promover el emprendimiento a trav\u00e9s del programa CIMA.&nbsp;<\/p>\n<p>El <strong>Plan de Acci\u00f3n de la Estrategia Integral de Emprendimiento Educativo<\/strong>, para el curso 2024\/25,&nbsp; ha sido dise\u00f1ado por Andaluc\u00eda Emprende para concretar la misi\u00f3n, visi\u00f3n y valores del Fomento de la Cultura Emprendedora y ofrecer un mejor servicio a los centros educativos andaluces, teniendo como principales objetivos desarrollar competencias emprendedoras en el alumnado, sensibilizar y difundir una perspectiva amplia del emprendimiento, as\u00ed como propiciar un acercamiento entre el ecosistema emprendedor y el sistema educativo.<\/p>\n<p>Dispon\u00e9is de toda la informaci\u00f3n detallada en el documento Plan de acci\u00f3n Estrategia Integral de Emprendimiento Educativo que se os adjunta, donde se oferta una bater\u00eda de actividades para todos los niveles educativos a partir de 5\u00ba de primaria, as\u00ed como los enlaces a las gu\u00edas de los diferentes programas.<\/p>\n<p>Los centros educativos podr\u00e1n solicitar estas iniciativas del 16\/09\/2024 y hasta el 31\/10\/20234a trav\u00e9s del formulario <u><a href=\"https:\/\/forms.gle\/76H2rGZsEKPEhFXB9\">https:\/\/forms.gle\/76H2rGZsEKPEhFXB9<\/a><\/u><\/p>\n<p>Para cualquier aclaraci\u00f3n al respecto deb\u00e9is poneros en contacto con los CADE\u00b4s de vuestra localidad o zona de actuaci\u00f3n por lo que os remitimos enlace de su web <u><a href=\"https:\/\/www.andaluciaemprende.es\/\">https:\/\/www.andaluciaemprende.es\/<\/a>.<\/u><\/p>\n<h1><span style=\"color: #ed829f\"><strong>Hackaton Andaluc\u00eda Emprende 2024 <\/strong><\/span><\/h1>\n<p>El <strong>Hackathon Andaluc\u00eda Emprende 2024 <\/strong>es un evento de 6 horas non-stop dirigido a alumnado de Bachillerato y CCFF donde la innovaci\u00f3n, el trabajo en equipo y la creatividad son los aut\u00e9nticos protagonistas. Un evento digital donde<strong> 100 alumnos<\/strong> competir\u00e1n en 20 equipos -que no se conocer\u00e1n hasta el inicio de la competici\u00f3n- y deber\u00e1n trabajar para dar soluci\u00f3n a retos con ideas innovadoras.<\/p>\n<p style=\"padding-left: 120px\">\ud83d\udcddInscripciones al \ud835\udddb\ud835\uddee\ud835\uddf0\ud835\uddf8\ud835\uddee\ud835\ude01\ud835\uddf5\ud835\uddfc\ud835\uddfb Andaluc\u00eda Emprende \ud83d\udd17 <a href=\"https:\/\/eur02.safelinks.protection.outlook.com\/?url=https%3A%2F%2Fforms.gle%2Ft3TDZbT3t8EvSNR86&amp;data=05%7C02%7Cmjesus.vera%40juntadeandalucia.es%7Cd4fe1161901441f764c308dcd622fa3e%7C6f790c0b1f114877a4dff835ab8e7e1f%7C0%7C0%7C638620692965288384%7CUnknown%7CTWFpbGZsb3d8eyJWIjoiMC4wLjAwMDAiLCJQIjoiV2luMzIiLCJBTiI6Ik1haWwiLCJXVCI6Mn0%3D%7C0%7C%7C%7C&amp;sdata=uHzF6DhLnZInYc8NJQQmmjD0UaR512kGpyz1emn8XBo%3D&amp;reserved=0\">https:\/\/forms.gle\/t3TDZbT3t8EvSNR86<\/a>&nbsp;<\/p>\n<p style=\"padding-left: 120px\">\ud83d\uddd3 Fecha y lugar de celebraci\u00f3n: <strong>01 Octubre, <\/strong>de 08:30 a 14:35 h, \ud83d\udccdLa Noria M\u00e1laga<\/p>\n<p><strong>Objetivo: <\/strong>despertar el lado m\u00e1s emprendedor. E impulsa la capacidad innovadora y creativa de los estudiantes.<\/p>\n<p><strong>\u00bfQui\u00e9n puede participar? <\/strong>Todos los estudiantes de <strong>Formaci\u00f3n Profesional<\/strong> de ciclo medio y\/o superior y <strong>Bachillerato<\/strong>.<\/p>\n","protected":false},"excerpt":{"rendered":"<p>Un a\u00f1o m\u00e1s, la Consejer\u00eda de Desarrollo Educativo y Formaci\u00f3n Profesional y&nbsp; Andaluc\u00eda Emprende, est\u00e1n trabajando conjuntamente para promover el emprendimiento a trav\u00e9s del programa CIMA.&nbsp; El Plan de Acci\u00f3n de la Estrategia Integral&#46;&#46;&#46;<\/p>\n","protected":false},"author":8061,"featured_media":13332,"comment_status":"open","ping_status":"open","sticky":false,"template":"","format":"standard","meta":{"ngg_post_thumbnail":0,"footnotes":""},"categories":[5,348,7,378],"tags":[],"aioseo_notices":[],"_links":{"self":[{"href":"https:\/\/blogsaverroes.juntadeandalucia.es\/gbellasartesmalaga\/wp-json\/wp\/v2\/posts\/13331"}],"collection":[{"href":"https:\/\/blogsaverroes.juntadeandalucia.es\/gbellasartesmalaga\/wp-json\/wp\/v2\/posts"}],"about":[{"href":"https:\/\/blogsaverroes.juntadeandalucia.es\/gbellasartesmalaga\/wp-json\/wp\/v2\/types\/post"}],"author":[{"embeddable":true,"href":"https:\/\/blogsaverroes.juntadeandalucia.es\/gbellasartesmalaga\/wp-json\/wp\/v2\/users\/8061"}],"replies":[{"embeddable":true,"href":"https:\/\/blogsaverroes.juntadeandalucia.es\/gbellasartesmalaga\/wp-json\/wp\/v2\/comments?post=13331"}],"version-history":[{"count":1,"href":"https:\/\/blogsaverroes.juntadeandalucia.es\/gbellasartesmalaga\/wp-json\/wp\/v2\/posts\/13331\/revisions"}],"predecessor-version":[{"id":13333,"href":"https:\/\/blogsaverroes.juntadeandalucia.es\/gbellasartesmalaga\/wp-json\/wp\/v2\/posts\/13331\/revisions\/13333"}],"wp:featuredmedia":[{"embeddable":true,"href":"https:\/\/blogsaverroes.juntadeandalucia.es\/gbellasartesmalaga\/wp-json\/wp\/v2\/media\/13332"}],"wp:attachment":[{"href":"https:\/\/blogsaverroes.juntadeandalucia.es\/gbellasartesmalaga\/wp-json\/wp\/v2\/media?parent=13331"}],"wp:term":[{"taxonomy":"category","embeddable":true,"href":"https:\/\/blogsaverroes.juntadeandalucia.es\/gbellasartesmalaga\/wp-json\/wp\/v2\/categories?post=13331"},{"taxonomy":"post_tag","embeddable":true,"href":"https:\/\/blogsaverroes.juntadeandalucia.es\/gbellasartesmalaga\/wp-json\/wp\/v2\/tags?post=13331"}],"curies":[{"name":"wp","href":"https:\/\/api.w.org\/{rel}","templated":true}]}}