{"id":13718,"date":"2025-01-22T08:04:35","date_gmt":"2025-01-22T07:04:35","guid":{"rendered":"https:\/\/blogsaverroes.juntadeandalucia.es\/gbellasartesmalaga\/?p=13718"},"modified":"2025-01-22T08:04:35","modified_gmt":"2025-01-22T07:04:35","slug":"programas-formativos-gratuitos-de-contenidos-digitales-incyde-polo-digital-malaga","status":"publish","type":"post","link":"https:\/\/blogsaverroes.juntadeandalucia.es\/gbellasartesmalaga\/2025\/01\/22\/programas-formativos-gratuitos-de-contenidos-digitales-incyde-polo-digital-malaga\/","title":{"rendered":"PROGRAMAS FORMATIVOS GRATUITOS DE CONTENIDOS DIGITALES INCYDE &#8211; POLO DIGITAL M\u00c1LAGA"},"content":{"rendered":"<p><img loading=\"lazy\" decoding=\"async\" class=\"size-large wp-image-13719 aligncenter\" src=\"https:\/\/blogsaverroes.juntadeandalucia.es\/gbellasartesmalaga\/files\/2025\/01\/IMAGENES-PARA-INSTAGRAM5-1024x1024.png\" alt=\"\" width=\"1024\" height=\"1024\" srcset=\"https:\/\/blogsaverroes.juntadeandalucia.es\/gbellasartesmalaga\/files\/2025\/01\/IMAGENES-PARA-INSTAGRAM5-1024x1024.png 1024w, https:\/\/blogsaverroes.juntadeandalucia.es\/gbellasartesmalaga\/files\/2025\/01\/IMAGENES-PARA-INSTAGRAM5-300x300.png 300w, https:\/\/blogsaverroes.juntadeandalucia.es\/gbellasartesmalaga\/files\/2025\/01\/IMAGENES-PARA-INSTAGRAM5-150x150.png 150w, https:\/\/blogsaverroes.juntadeandalucia.es\/gbellasartesmalaga\/files\/2025\/01\/IMAGENES-PARA-INSTAGRAM5-768x768.png 768w, https:\/\/blogsaverroes.juntadeandalucia.es\/gbellasartesmalaga\/files\/2025\/01\/IMAGENES-PARA-INSTAGRAM5-1536x1536.png 1536w, https:\/\/blogsaverroes.juntadeandalucia.es\/gbellasartesmalaga\/files\/2025\/01\/IMAGENES-PARA-INSTAGRAM5-2048x2048.png 2048w, https:\/\/blogsaverroes.juntadeandalucia.es\/gbellasartesmalaga\/files\/2025\/01\/IMAGENES-PARA-INSTAGRAM5-80x80.png 80w, https:\/\/blogsaverroes.juntadeandalucia.es\/gbellasartesmalaga\/files\/2025\/01\/IMAGENES-PARA-INSTAGRAM5-320x320.png 320w\" sizes=\"(max-width: 1024px) 100vw, 1024px\" \/><\/p>\n<p>INCYDE lanza una nueva oferta de cursos gratuitos para la provincia de M\u00e1laga. El objeto de dichos programas es fortalecimiento del tejido productivo del pa\u00eds a trav\u00e9s de programas formativos de creaci\u00f3n y consolidaci\u00f3n empresarial.<\/p>\n<p>Los programas que son totalmente gratuitos constan de 7 semanas de formaci\u00f3n en los que se aporta tanto conocimientos pr\u00e1cticos como te\u00f3ricos sobre emprendimiento y el mundo digital que mejora el desarrollo profesional de los participantes.<\/p>\n<p>El primero de los cursos previstos para este 2025 para nuestra provincia dar\u00e1 comienzo el pr\u00f3ximo 27 de enero.<\/p>\n<p>Todos estos programas cuentan con la colaboraci\u00f3n con el FSE+, Programa de Empleo, Educaci\u00f3n, Formaci\u00f3n y Econom\u00eda Social (EFESO) y con Ayuntamiento de M\u00e1laga por medio del Polo de Contenidos Digitales en M\u00e1laga.<\/p>\n<h2>RELACI\u00d3N DE CURSOS:<\/h2>\n<ul>\n<li class=\"elementor-heading-title elementor-size-default\"><strong>27 DE ENERO:<\/strong>&nbsp; Emprende y Avanza: Programa de Creaci\u00f3n y Consolidaci\u00f3n Empresarial con Herramientas de IA aplicadas al Negocio. M\u00e1laga.<\/li>\n<li><strong>3 DE FEBRERO:<\/strong> Reactiva Tu Futuro: Emprendimiento en Marketing de Contenidos Digitales y Branding. M\u00e1laga<\/li>\n<li><strong>3 DE FEBRERO: <\/strong>Emprende y Avanza: Programa de Creaci\u00f3n y Consolidaci\u00f3n empresarial en Edici\u00f3n de videos y Efectos visuales. M\u00e1laga<\/li>\n<li><strong>17 DE FEBRERO:<\/strong> Emprende y Avanza: Programa de Creaci\u00f3n y Consolidaci\u00f3n empresarial en Dise\u00f1o y Modelado 3D. M\u00e1laga<\/li>\n<\/ul>\n<h2>M\u00c1S INFORMACI\u00d3N:<\/h2>\n<p><a href=\"https:\/\/incyde.org\/programas-formativos\/programas\/region\/andalucia\/\">Programas &#8211; Fundaci\u00f3n INCYDE<\/a><\/p>\n<p>&nbsp;<\/p>\n<p>&nbsp;<\/p>\n<p>&nbsp;<\/p>\n","protected":false},"excerpt":{"rendered":"<p>INCYDE lanza una nueva oferta de cursos gratuitos para la provincia de M\u00e1laga. El objeto de dichos programas es fortalecimiento del tejido productivo del pa\u00eds a trav\u00e9s de programas formativos de creaci\u00f3n y consolidaci\u00f3n&#46;&#46;&#46;<\/p>\n","protected":false},"author":8061,"featured_media":13719,"comment_status":"open","ping_status":"open","sticky":false,"template":"","format":"standard","meta":{"ngg_post_thumbnail":0,"footnotes":""},"categories":[348,8,378,1,364],"tags":[89,382],"aioseo_notices":[],"_links":{"self":[{"href":"https:\/\/blogsaverroes.juntadeandalucia.es\/gbellasartesmalaga\/wp-json\/wp\/v2\/posts\/13718"}],"collection":[{"href":"https:\/\/blogsaverroes.juntadeandalucia.es\/gbellasartesmalaga\/wp-json\/wp\/v2\/posts"}],"about":[{"href":"https:\/\/blogsaverroes.juntadeandalucia.es\/gbellasartesmalaga\/wp-json\/wp\/v2\/types\/post"}],"author":[{"embeddable":true,"href":"https:\/\/blogsaverroes.juntadeandalucia.es\/gbellasartesmalaga\/wp-json\/wp\/v2\/users\/8061"}],"replies":[{"embeddable":true,"href":"https:\/\/blogsaverroes.juntadeandalucia.es\/gbellasartesmalaga\/wp-json\/wp\/v2\/comments?post=13718"}],"version-history":[{"count":2,"href":"https:\/\/blogsaverroes.juntadeandalucia.es\/gbellasartesmalaga\/wp-json\/wp\/v2\/posts\/13718\/revisions"}],"predecessor-version":[{"id":13721,"href":"https:\/\/blogsaverroes.juntadeandalucia.es\/gbellasartesmalaga\/wp-json\/wp\/v2\/posts\/13718\/revisions\/13721"}],"wp:featuredmedia":[{"embeddable":true,"href":"https:\/\/blogsaverroes.juntadeandalucia.es\/gbellasartesmalaga\/wp-json\/wp\/v2\/media\/13719"}],"wp:attachment":[{"href":"https:\/\/blogsaverroes.juntadeandalucia.es\/gbellasartesmalaga\/wp-json\/wp\/v2\/media?parent=13718"}],"wp:term":[{"taxonomy":"category","embeddable":true,"href":"https:\/\/blogsaverroes.juntadeandalucia.es\/gbellasartesmalaga\/wp-json\/wp\/v2\/categories?post=13718"},{"taxonomy":"post_tag","embeddable":true,"href":"https:\/\/blogsaverroes.juntadeandalucia.es\/gbellasartesmalaga\/wp-json\/wp\/v2\/tags?post=13718"}],"curies":[{"name":"wp","href":"https:\/\/api.w.org\/{rel}","templated":true}]}}