{"id":13751,"date":"2025-02-04T08:17:30","date_gmt":"2025-02-04T07:17:30","guid":{"rendered":"https:\/\/blogsaverroes.juntadeandalucia.es\/gbellasartesmalaga\/?p=13751"},"modified":"2025-06-02T09:03:10","modified_gmt":"2025-06-02T07:03:10","slug":"13751","status":"publish","type":"post","link":"https:\/\/blogsaverroes.juntadeandalucia.es\/gbellasartesmalaga\/2025\/02\/04\/13751\/","title":{"rendered":"Convocados los XI Premios Flamenco en el Aula 2025"},"content":{"rendered":"<p><img loading=\"lazy\" decoding=\"async\" class=\"size-large wp-image-13752 aligncenter\" src=\"https:\/\/blogsaverroes.juntadeandalucia.es\/gbellasartesmalaga\/files\/2025\/02\/IMAGENES-PARA-INSTAGRAM15-1024x1024.png\" alt=\"\" width=\"1024\" height=\"1024\" srcset=\"https:\/\/blogsaverroes.juntadeandalucia.es\/gbellasartesmalaga\/files\/2025\/02\/IMAGENES-PARA-INSTAGRAM15-1024x1024.png 1024w, https:\/\/blogsaverroes.juntadeandalucia.es\/gbellasartesmalaga\/files\/2025\/02\/IMAGENES-PARA-INSTAGRAM15-300x300.png 300w, https:\/\/blogsaverroes.juntadeandalucia.es\/gbellasartesmalaga\/files\/2025\/02\/IMAGENES-PARA-INSTAGRAM15-150x150.png 150w, https:\/\/blogsaverroes.juntadeandalucia.es\/gbellasartesmalaga\/files\/2025\/02\/IMAGENES-PARA-INSTAGRAM15-768x768.png 768w, https:\/\/blogsaverroes.juntadeandalucia.es\/gbellasartesmalaga\/files\/2025\/02\/IMAGENES-PARA-INSTAGRAM15-1536x1536.png 1536w, https:\/\/blogsaverroes.juntadeandalucia.es\/gbellasartesmalaga\/files\/2025\/02\/IMAGENES-PARA-INSTAGRAM15-2048x2048.png 2048w, https:\/\/blogsaverroes.juntadeandalucia.es\/gbellasartesmalaga\/files\/2025\/02\/IMAGENES-PARA-INSTAGRAM15-80x80.png 80w, https:\/\/blogsaverroes.juntadeandalucia.es\/gbellasartesmalaga\/files\/2025\/02\/IMAGENES-PARA-INSTAGRAM15-320x320.png 320w\" sizes=\"(max-width: 1024px) 100vw, 1024px\" \/><\/p>\n<div class=\"detalleContenidoWeb\">\n<div class=\"container\">\n<div class=\"content\">\n<p>Ya est\u00e1 disponible la inscripci\u00f3n en los <strong>XI Premios &#8216;Flamenco en el Aula&#8217;<\/strong>. Con el fin de dar p\u00fablico testimonio de admiraci\u00f3n y reconocimiento a aquellas personas, docentes, alumnado o cualquier colectivo que, formando parte de la comunidad educativa, hayan destacado en su compromiso con el fomento del Flamenco en el sistema educativo andaluz, la Consejer\u00eda de Desarrollo Educativo y Formaci\u00f3n Profesional ha decidido convocar los XI Premios &#8216;Flamenco en el Aula&#8217; en consonancia con los objetivos de la Ley 4\/2023, de 18 de abril, Andaluza del Flamenco y la Orden de 7 de mayo de 2014, por la que se establecen medidas para la inclusi\u00f3n del Flamenco en el sistema educativo andaluz.<\/p>\n<p>Se convocan las siguientes modalidades:<\/p>\n<ol>\n<li>XI Premios &#8216;Flamenco en el Aula&#8217; a la elaboraci\u00f3n de materiales curriculares y recursos did\u00e1cticos.<\/li>\n<li>XI Premios &#8216;Flamenco en el Aula&#8217; al reconocimiento de experiencias y buenas pr\u00e1cticas docentes.<\/li>\n<\/ol>\n<p>Cada modalidad de los Premios &#8220;Flamenco en el Aula&#8221; estar\u00e1 dotada con:<\/p>\n<ol>\n<li>Un primer premio consistente en trofeo y diploma.<\/li>\n<li>Un segundo premio consistente en trofeo y diploma.<\/li>\n<li>Un tercer premio consistente en trofeo y diploma.<\/li>\n<\/ol>\n<p>Estos premios se entregar\u00e1n en una ceremonia a celebrar en una fecha cercana al 16 de noviembre de 2025, D\u00eda del Flamenco, en el lugar que oportunamente se anunciar\u00e1.<\/p>\n<p><strong>El plazo de presentaci\u00f3n de candidaturas estar\u00e1 abierto hasta el 31 de mayo de 2025<\/strong> en el siguiente enlace:<\/p>\n<ul>\n<li><a href=\"https:\/\/juntadeandalucia.es\/servicios\/sede\/tramites\/procedimientos.html\" target=\"_blank\" rel=\"noopener\">Cat\u00e1logo de Procedimientos y Servicios<\/a><\/li>\n<\/ul>\n<\/div>\n<\/div>\n<\/div>\n<div class=\"contenido_relacionado container related-content__container\">\n<h2>Documentos relacionados<\/h2>\n<div class=\" documentos-entries related-content__docs\">\n<div class=\"documento-entry no-content-folder \">\n<div class=\"documento-entry__preview pdf\">\n<p><a title=\"Ver documento Anexo II Experiencias\" href=\"https:\/\/portales.ced.junta-andalucia.es\/educacion\/portales\/documents\/20123\/1643627\/Anexo II Experiencias.pdf\/a125d327-c002-4988-c8ce-0c2bb03d2386?version=1.0\" target=\"_blank\" rel=\"noopener\"> <span class=\"sr-only\">Ver documento Anexo II Experiencias<\/span><\/a><\/p>\n<div class=\"documento-entry__preview--icon font-icomoon icon-ico-pdf\">&nbsp;<\/div>\n<p><a title=\"Ver documento Anexo II Experiencias\" href=\"https:\/\/portales.ced.junta-andalucia.es\/educacion\/portales\/documents\/20123\/1643627\/Anexo II Experiencias.pdf\/a125d327-c002-4988-c8ce-0c2bb03d2386?version=1.0\" target=\"_blank\" rel=\"noopener\"><img decoding=\"async\" id=\"the-canvas-1719904\" class=\"documento-entry__preview--canvas\" src=\"https:\/\/portales.ced.junta-andalucia.es\/educacion\/portales\/documents\/20123\/1643627\/Anexo II Experiencias.pdf\/a125d327-c002-4988-c8ce-0c2bb03d2386?version=1.0&amp;documentThumbnail=1\"> <\/a><\/p>\n<\/div>\n<div class=\"documento-entry__datos font-weight-bold\"><a class=\"documento-entry__datos--titulo\" title=\"Ver documento Anexo II Experiencias\" href=\"https:\/\/portales.ced.junta-andalucia.es\/educacion\/portales\/documents\/20123\/1643627\/Anexo II Experiencias.pdf\/a125d327-c002-4988-c8ce-0c2bb03d2386?version=1.0\" target=\"_blank\" rel=\"noopener\"> Anexo II Experiencias <\/a><\/div>\n<div class=\"documento-entry__info\"><a title=\"Descargar documento\" href=\"https:\/\/portales.ced.junta-andalucia.es\/educacion\/portales\/documents\/20123\/1643627\/Anexo II Experiencias.pdf\/a125d327-c002-4988-c8ce-0c2bb03d2386?version=1.0\" target=\"_blank\" rel=\"noopener\"> Descargar pdf <span class=\"text-nowrap\"> (214,45 Kb) <\/span> <\/a><\/div>\n<\/div>\n<div class=\"documento-entry no-content-folder \">\n<div class=\"documento-entry__preview pdf\">\n<p><a title=\"Ver documento Anexo I Materiales\" href=\"https:\/\/portales.ced.junta-andalucia.es\/educacion\/portales\/documents\/20123\/1643627\/Anexo I Materiales.pdf\/98c7dfba-ef9b-b8f6-b3f8-ea5529b300e9?version=1.0\" target=\"_blank\" rel=\"noopener\"> <span class=\"sr-only\">Ver documento Anexo I Materiales<\/span><\/a><\/p>\n<div class=\"documento-entry__preview--icon font-icomoon icon-ico-pdf\">&nbsp;<\/div>\n<p><a title=\"Ver documento Anexo I Materiales\" href=\"https:\/\/portales.ced.junta-andalucia.es\/educacion\/portales\/documents\/20123\/1643627\/Anexo I Materiales.pdf\/98c7dfba-ef9b-b8f6-b3f8-ea5529b300e9?version=1.0\" target=\"_blank\" rel=\"noopener\"><img decoding=\"async\" id=\"the-canvas-1719917\" class=\"documento-entry__preview--canvas\" src=\"https:\/\/portales.ced.junta-andalucia.es\/educacion\/portales\/documents\/20123\/1643627\/Anexo I Materiales.pdf\/98c7dfba-ef9b-b8f6-b3f8-ea5529b300e9?version=1.0&amp;documentThumbnail=1\"> <\/a><\/p>\n<\/div>\n<div class=\"documento-entry__datos font-weight-bold\"><a class=\"documento-entry__datos--titulo\" title=\"Ver documento Anexo I Materiales\" href=\"https:\/\/portales.ced.junta-andalucia.es\/educacion\/portales\/documents\/20123\/1643627\/Anexo I Materiales.pdf\/98c7dfba-ef9b-b8f6-b3f8-ea5529b300e9?version=1.0\" target=\"_blank\" rel=\"noopener\"> Anexo I Materiales <\/a><\/div>\n<div class=\"documento-entry__info\"><a title=\"Descargar documento\" href=\"https:\/\/portales.ced.junta-andalucia.es\/educacion\/portales\/documents\/20123\/1643627\/Anexo I Materiales.pdf\/98c7dfba-ef9b-b8f6-b3f8-ea5529b300e9?version=1.0\" target=\"_blank\" rel=\"noopener\"> Descargar pdf <span class=\"text-nowrap\"> (214,71 Kb) <\/span> <\/a><\/div>\n<\/div>\n<\/div>\n<h3>Contenidos relacionados<\/h3>\n<\/div>\n<div class=\"NormativaEntry\"><a href=\"https:\/\/portales.ced.junta-andalucia.es\/educacion\/portales\/web\/educacion\/w\/resolucion-de-26-de-enero-de-2025-de-la-direccion-general-de-innovacion-y-formacion-del-profesorado-por-la-que-se-convocan-los-xi-premios-flamenco-en-el-aula-a-la-elaboracion-de-materiales-curriculares-y-recursos-didacticos-y-al-reconocimiento-de-experien?redirect=\/educacion\/portales\/web\/educacion\/w\/xi-premios-flamenco-en-el-aula?redirect=%2Feducacion%2Fportales%2Fweb%2Feducacion\" target=\"_blank\" rel=\"noopener\">Resoluci\u00f3n de 26 de enero de 2025, de la Direcci\u00f3n General de Innovaci\u00f3n y Formaci\u00f3n del Profesorado, por la que se convocan los XI Premios Flamenco en el Aula a la elaboraci\u00f3n de materiales curriculares y recursos did\u00e1cticos, y al reconocimiento de experiencias y buenas pr\u00e1cticas docentes, correspondientes al curso acad\u00e9mico 2024\/2025<\/a><\/div>\n<p><a href=\"https:\/\/portales.ced.junta-andalucia.es\/educacion\/portales\/web\/educacion\/w\/correccion-de-errores-de-la-resolucion-de-26-de-enero-de-2025-de-la-direccion-general-de-innovacion-y-formacion-del-profesorado-por-la-que-se-convocan-los-xi-premios-flamenco-en-el-aula-a-la-elaboracion-de-materiales-curriculares-y-recursos-didacticos-y-a?redirect=\/educacion\/portales\/web\/educacion\/w\/xi-premios-flamenco-en-el-aula?redirect=%2Feducacion%2Fportales%2Fweb%2Feducacion\" target=\"_blank\" rel=\"noopener\">Correcci\u00f3n de errores de la Resoluci\u00f3n de 26 de enero de 2025, de la Direcci\u00f3n General de Innovaci\u00f3n y Formaci\u00f3n del Profesorado, por la que se convocan los XI Premios Flamenco en el Aula a la elaboraci\u00f3n de materiales curriculares y recursos did\u00e1cticos, y al reconocimiento de experiencias y buenas pr\u00e1cticas docentes, correspondientes al curso acad\u00e9mico 2024\/2025 (BOJA n\u00fam. 23, de 4.2.2025)<\/a><\/p>\n<p>&nbsp;<\/p>\n","protected":false},"excerpt":{"rendered":"<p>Ya est\u00e1 disponible la inscripci\u00f3n en los XI Premios &#8216;Flamenco en el Aula&#8217;. Con el fin de dar p\u00fablico testimonio de admiraci\u00f3n y reconocimiento a aquellas personas, docentes, alumnado o cualquier colectivo que, formando&#46;&#46;&#46;<\/p>\n","protected":false},"author":8061,"featured_media":13752,"comment_status":"open","ping_status":"open","sticky":false,"template":"","format":"standard","meta":{"ngg_post_thumbnail":0,"footnotes":""},"categories":[368,356,367,306,1,10,12],"tags":[],"aioseo_notices":[],"_links":{"self":[{"href":"https:\/\/blogsaverroes.juntadeandalucia.es\/gbellasartesmalaga\/wp-json\/wp\/v2\/posts\/13751"}],"collection":[{"href":"https:\/\/blogsaverroes.juntadeandalucia.es\/gbellasartesmalaga\/wp-json\/wp\/v2\/posts"}],"about":[{"href":"https:\/\/blogsaverroes.juntadeandalucia.es\/gbellasartesmalaga\/wp-json\/wp\/v2\/types\/post"}],"author":[{"embeddable":true,"href":"https:\/\/blogsaverroes.juntadeandalucia.es\/gbellasartesmalaga\/wp-json\/wp\/v2\/users\/8061"}],"replies":[{"embeddable":true,"href":"https:\/\/blogsaverroes.juntadeandalucia.es\/gbellasartesmalaga\/wp-json\/wp\/v2\/comments?post=13751"}],"version-history":[{"count":4,"href":"https:\/\/blogsaverroes.juntadeandalucia.es\/gbellasartesmalaga\/wp-json\/wp\/v2\/posts\/13751\/revisions"}],"predecessor-version":[{"id":13785,"href":"https:\/\/blogsaverroes.juntadeandalucia.es\/gbellasartesmalaga\/wp-json\/wp\/v2\/posts\/13751\/revisions\/13785"}],"wp:featuredmedia":[{"embeddable":true,"href":"https:\/\/blogsaverroes.juntadeandalucia.es\/gbellasartesmalaga\/wp-json\/wp\/v2\/media\/13752"}],"wp:attachment":[{"href":"https:\/\/blogsaverroes.juntadeandalucia.es\/gbellasartesmalaga\/wp-json\/wp\/v2\/media?parent=13751"}],"wp:term":[{"taxonomy":"category","embeddable":true,"href":"https:\/\/blogsaverroes.juntadeandalucia.es\/gbellasartesmalaga\/wp-json\/wp\/v2\/categories?post=13751"},{"taxonomy":"post_tag","embeddable":true,"href":"https:\/\/blogsaverroes.juntadeandalucia.es\/gbellasartesmalaga\/wp-json\/wp\/v2\/tags?post=13751"}],"curies":[{"name":"wp","href":"https:\/\/api.w.org\/{rel}","templated":true}]}}