{"id":1893,"date":"2018-08-21T08:09:11","date_gmt":"2018-08-21T08:09:11","guid":{"rendered":"https:\/\/www.educacionenmalaga.es\/gbellasartes\/?p=1893"},"modified":"2020-03-25T08:18:32","modified_gmt":"2020-03-25T07:18:32","slug":"premios-educaciudad-2018","status":"publish","type":"post","link":"https:\/\/blogsaverroes.juntadeandalucia.es\/gbellasartesmalaga\/2018\/08\/21\/premios-educaciudad-2018\/","title":{"rendered":"Premios Educaciudad 2018"},"content":{"rendered":"<p><img loading=\"lazy\" decoding=\"async\" class=\"alignnone size-full wp-image-1894 aligncenter\" src=\"https:\/\/www.educacionenmalaga.es\/gbellasartes\/files\/2018\/08\/111820141635380.jpg\" alt=\"111820141635380\" width=\"600\" height=\"439\" srcset=\"https:\/\/blogsaverroes.juntadeandalucia.es\/gbellasartesmalaga\/files\/2018\/08\/111820141635380.jpg 600w, https:\/\/blogsaverroes.juntadeandalucia.es\/gbellasartesmalaga\/files\/2018\/08\/111820141635380-300x220.jpg 300w, https:\/\/blogsaverroes.juntadeandalucia.es\/gbellasartesmalaga\/files\/2018\/08\/111820141635380-24x18.jpg 24w, https:\/\/blogsaverroes.juntadeandalucia.es\/gbellasartesmalaga\/files\/2018\/08\/111820141635380-36x26.jpg 36w, https:\/\/blogsaverroes.juntadeandalucia.es\/gbellasartesmalaga\/files\/2018\/08\/111820141635380-48x35.jpg 48w\" sizes=\"(max-width: 600px) 100vw, 600px\" \/><\/p>\n<p>El pr\u00f3ximo <strong>30 de septiembre de 2018<\/strong> finaliza el plazo de presentaci\u00f3n de solicitudes\u00a0 para los Premios <strong>Educaciudad<\/strong> para el a\u00f1o 2018.<\/p>\n<p>Los Premios <strong>&#8220;Educaciudad&#8221;<\/strong> se conceden con el prop\u00f3sito de estimular y difundir las buenas pr\u00e1cticas educativas desarrolladas por los municipios andaluces y se otorgan a aquellos municipios distinguidos por su compromiso con la educaci\u00f3n en Andaluc\u00eda. Su convocatoria es anual y en r\u00e9gimen de concurrencia competitiva.<\/p>\n<p>Toda la informaci\u00f3n sobre normativa y sobre los tr\u00e1mites para presentar proyectos <strong><a href=\"https:\/\/juntadeandalucia.es\/servicios\/procedimientos\/detalle\/5315\/datos-basicos.html\" target=\"_blank\" rel=\"noopener noreferrer\">aqu\u00ed:<\/a><\/strong><\/p>\n<p>&nbsp;<\/p>\n","protected":false},"excerpt":{"rendered":"<p>El pr\u00f3ximo 30 de septiembre de 2018 finaliza el plazo de presentaci\u00f3n de solicitudes\u00a0 para los Premios Educaciudad para el a\u00f1o 2018. Los Premios &#8220;Educaciudad&#8221; se conceden con el prop\u00f3sito de estimular y difundir&#46;&#46;&#46;<\/p>\n","protected":false},"author":8061,"featured_media":1894,"comment_status":"open","ping_status":"open","sticky":false,"template":"","format":"standard","meta":{"ngg_post_thumbnail":0,"footnotes":""},"categories":[1,10],"tags":[],"aioseo_notices":[],"_links":{"self":[{"href":"https:\/\/blogsaverroes.juntadeandalucia.es\/gbellasartesmalaga\/wp-json\/wp\/v2\/posts\/1893"}],"collection":[{"href":"https:\/\/blogsaverroes.juntadeandalucia.es\/gbellasartesmalaga\/wp-json\/wp\/v2\/posts"}],"about":[{"href":"https:\/\/blogsaverroes.juntadeandalucia.es\/gbellasartesmalaga\/wp-json\/wp\/v2\/types\/post"}],"author":[{"embeddable":true,"href":"https:\/\/blogsaverroes.juntadeandalucia.es\/gbellasartesmalaga\/wp-json\/wp\/v2\/users\/8061"}],"replies":[{"embeddable":true,"href":"https:\/\/blogsaverroes.juntadeandalucia.es\/gbellasartesmalaga\/wp-json\/wp\/v2\/comments?post=1893"}],"version-history":[{"count":1,"href":"https:\/\/blogsaverroes.juntadeandalucia.es\/gbellasartesmalaga\/wp-json\/wp\/v2\/posts\/1893\/revisions"}],"predecessor-version":[{"id":7010,"href":"https:\/\/blogsaverroes.juntadeandalucia.es\/gbellasartesmalaga\/wp-json\/wp\/v2\/posts\/1893\/revisions\/7010"}],"wp:featuredmedia":[{"embeddable":true,"href":"https:\/\/blogsaverroes.juntadeandalucia.es\/gbellasartesmalaga\/wp-json\/wp\/v2\/media\/1894"}],"wp:attachment":[{"href":"https:\/\/blogsaverroes.juntadeandalucia.es\/gbellasartesmalaga\/wp-json\/wp\/v2\/media?parent=1893"}],"wp:term":[{"taxonomy":"category","embeddable":true,"href":"https:\/\/blogsaverroes.juntadeandalucia.es\/gbellasartesmalaga\/wp-json\/wp\/v2\/categories?post=1893"},{"taxonomy":"post_tag","embeddable":true,"href":"https:\/\/blogsaverroes.juntadeandalucia.es\/gbellasartesmalaga\/wp-json\/wp\/v2\/tags?post=1893"}],"curies":[{"name":"wp","href":"https:\/\/api.w.org\/{rel}","templated":true}]}}