{"id":4062,"date":"2019-06-26T06:46:53","date_gmt":"2019-06-26T06:46:53","guid":{"rendered":"http:\/\/www.educacionenmalaga.es\/gbellasartes\/?p=4062"},"modified":"2020-04-10T18:52:05","modified_gmt":"2020-04-10T16:52:05","slug":"__trashed","status":"publish","type":"post","link":"https:\/\/blogsaverroes.juntadeandalucia.es\/gbellasartesmalaga\/2019\/06\/26\/__trashed\/","title":{"rendered":"Los cuadros cobran vida en el CEIP Albaida"},"content":{"rendered":"<div>&nbsp;<\/div>\n<div>&nbsp;<\/div>\n<div>La creatividad y el arte ha sido el protagonista durante el tercer trimestre en el <strong>CEIP Albaida<\/strong> de Torremolinos con el proyecto <strong>&#8220;Vivir el arte&#8221;<\/strong>, donde el alumnado ha investigado y documentado en sus portafolios la Historia del arte, las principales etapas art\u00edsticas, sus caracter\u00edsticas, las principales t\u00e9cnicas de pintura, la biograf\u00eda de los pintores m\u00e1s famosos y relevantes, la geometr\u00eda en el arte&#8230;<\/div>\n<div>&nbsp;<\/div>\n<div>Para dar difusi\u00f3n de este trabajo al resto de la comunidad educativa, adem\u00e1s de realizar un peque\u00f1o museo de muestras, el alumnado ha preparado junto a sus tutores\/as un &#8220;especial&#8221; museo, donde se da vida y ritmo a cuadros de Van Gogh, Picasso, Sorolla, Romero Britto, Degas, Dal\u00ed y al arte callejero del Grafiti.<\/div>\n<div>&nbsp;<\/div>\n<div>Os dejamos con unos v\u00eddeos que recogen estas actuaciones llevadas a cabo en la Fiesta fin de curso y final de proyecto.<\/div>\n<div>&nbsp;<\/div>\n<div>&nbsp;<\/div>\n<div style=\"text-align: center\">https:\/\/youtu.be\/Ktb1dXfpQGQ<\/div>\n<div>&nbsp;<\/div>\n<div>&nbsp;<\/div>\n<div>&nbsp;<\/div>\n<div style=\"text-align: center\">https:\/\/www.youtube.com\/watch?v=Ktb1dXfpQGQ<\/div>\n<div>&nbsp;<\/div>\n<div>&nbsp;<\/div>\n<div style=\"text-align: center\">&nbsp;https:\/\/www.youtube.com\/watch?v=L8VMpbaTifI<\/div>\n<div>&nbsp;<\/div>\n<div style=\"text-align: center\">&nbsp;<\/div>\n<div style=\"text-align: center\">&nbsp;https:\/\/www.youtube.com\/watch?v=Ja30eJDrlok<\/div>\n<div>&nbsp;<\/div>\n<div>&nbsp;<\/div>\n<div style=\"text-align: center\">&nbsp;https:\/\/www.youtube.com\/watch?v=SYg_hXg-Qz8<\/div>\n<div>&nbsp;<\/div>\n<div>&nbsp;<\/div>\n<div style=\"text-align: center\">&nbsp;https:\/\/www.youtube.com\/watch?v=28VSMmQGt8E<\/div>\n<div>&nbsp;<\/div>\n<div>&nbsp;<\/div>\n<div style=\"text-align: center\">&nbsp;https:\/\/www.youtube.com\/watch?v=z0SRI5OHSuM<\/div>\n<div>&nbsp;<\/div>\n<div>&nbsp;<\/div>\n<div>&nbsp;<\/div>\n","protected":false},"excerpt":{"rendered":"<p>&nbsp; &nbsp; La creatividad y el arte ha sido el protagonista durante el tercer trimestre en el CEIP Albaida de Torremolinos con el proyecto &#8220;Vivir el arte&#8221;, donde el alumnado ha investigado y documentado&#46;&#46;&#46;<\/p>\n","protected":false},"author":8061,"featured_media":4066,"comment_status":"open","ping_status":"open","sticky":false,"template":"","format":"standard","meta":{"ngg_post_thumbnail":0,"footnotes":""},"categories":[2,1],"tags":[],"aioseo_notices":[],"_links":{"self":[{"href":"https:\/\/blogsaverroes.juntadeandalucia.es\/gbellasartesmalaga\/wp-json\/wp\/v2\/posts\/4062"}],"collection":[{"href":"https:\/\/blogsaverroes.juntadeandalucia.es\/gbellasartesmalaga\/wp-json\/wp\/v2\/posts"}],"about":[{"href":"https:\/\/blogsaverroes.juntadeandalucia.es\/gbellasartesmalaga\/wp-json\/wp\/v2\/types\/post"}],"author":[{"embeddable":true,"href":"https:\/\/blogsaverroes.juntadeandalucia.es\/gbellasartesmalaga\/wp-json\/wp\/v2\/users\/8061"}],"replies":[{"embeddable":true,"href":"https:\/\/blogsaverroes.juntadeandalucia.es\/gbellasartesmalaga\/wp-json\/wp\/v2\/comments?post=4062"}],"version-history":[{"count":5,"href":"https:\/\/blogsaverroes.juntadeandalucia.es\/gbellasartesmalaga\/wp-json\/wp\/v2\/posts\/4062\/revisions"}],"predecessor-version":[{"id":7587,"href":"https:\/\/blogsaverroes.juntadeandalucia.es\/gbellasartesmalaga\/wp-json\/wp\/v2\/posts\/4062\/revisions\/7587"}],"wp:featuredmedia":[{"embeddable":true,"href":"https:\/\/blogsaverroes.juntadeandalucia.es\/gbellasartesmalaga\/wp-json\/wp\/v2\/media\/4066"}],"wp:attachment":[{"href":"https:\/\/blogsaverroes.juntadeandalucia.es\/gbellasartesmalaga\/wp-json\/wp\/v2\/media?parent=4062"}],"wp:term":[{"taxonomy":"category","embeddable":true,"href":"https:\/\/blogsaverroes.juntadeandalucia.es\/gbellasartesmalaga\/wp-json\/wp\/v2\/categories?post=4062"},{"taxonomy":"post_tag","embeddable":true,"href":"https:\/\/blogsaverroes.juntadeandalucia.es\/gbellasartesmalaga\/wp-json\/wp\/v2\/tags?post=4062"}],"curies":[{"name":"wp","href":"https:\/\/api.w.org\/{rel}","templated":true}]}}