{"id":4643,"date":"2019-05-22T05:45:14","date_gmt":"2019-05-22T05:45:14","guid":{"rendered":"http:\/\/www.educacionenmalaga.es\/gbellasartes\/?p=3819"},"modified":"2020-03-25T08:18:06","modified_gmt":"2020-03-25T07:18:06","slug":"sumate-al-tren-de-la-inclusion-con-el-ajedrez","status":"publish","type":"post","link":"https:\/\/blogsaverroes.juntadeandalucia.es\/gbellasartesmalaga\/2019\/05\/22\/sumate-al-tren-de-la-inclusion-con-el-ajedrez\/","title":{"rendered":"S\u00famate al tren de la inclusi\u00f3n con el ajedrez"},"content":{"rendered":"<p><img loading=\"lazy\" decoding=\"async\" class=\" wp-image-3820 aligncenter\" src=\"https:\/\/blogsaverroes.juntadeandalucia.es\/gbellasartesmalagatest2\/files\/2019\/05\/feria-de-la-ciencia-fibes-sevilla-2019-1-1.png\" alt=\"\" width=\"593\" height=\"451\" \/><\/p>\n<p>El Equipo de Coordinaci\u00f3n Pedag\u00f3gica de <strong>aulaDjaque<\/strong> est\u00e1 impulsando, gracias al trabajo de Manuel Mart\u00ednez Vallejo, y en coordinaci\u00f3n con la Delegaci\u00f3n Territorial de Ja\u00e9n, la celebraci\u00f3n de una jornada de ajedrez intercentros prevista para este d\u00eda 23 de mayo en el municipio de Torredonjimeno.<\/p>\n<p>El encuentro contar\u00e1 con el apoyo de centros educativos de Torredonjimeno y Martos, m\u00e1s la colaboraci\u00f3n del Ayuntamiento de Torredonjimeno, entidades de acci\u00f3n social y algunos comercios de la zona.<\/p>\n<p><strong>&#8220;S\u00famate al tren de la inclusi\u00f3n con el ajedrez&#8221;<\/strong> tiene un car\u00e1cter solidario y donar\u00e1 las aportaciones recibidas a la ONG ASDIJA, Asociaci\u00f3n Dislexia Ja\u00e9n, entidad que ayuda, informa, asesora y orienta a las familias y personas con esta dificultad para el aprendizaje.<\/p>\n<p>El tren estar\u00e1 formado por diferentes vagones. En algunas zonas se celebrar\u00e1 un peque\u00f1o torneo y en otras habr\u00e1 un espacio destinado a la pr\u00e1ctica y ense\u00f1anza del ajedrez, con propuestas innovadoras abiertas al p\u00fablico en general. Otro vag\u00f3n servir\u00e1 para que el centro taller de personas discapacitadas pueda mostrar sus trabajos, adem\u00e1s de integrar a algunos chicos del Centro de Internamiento de Menores Las Lagunillas.<\/p>\n<p>Participar\u00e1n alumnos de al menos cinco pa\u00edses (China, Rusia, Reino Unido, Marruecos y Espa\u00f1a), lo que nos da una clara muestra de la fuerza inclusiva que puede lograr el juego del ajedrez, veh\u00edculo id\u00f3neo para trabajar en los centros una relaci\u00f3n entre iguales y la mejora de la convivencia escolar. Enhorabuena por esta preciosa iniciativa.<\/p>\n<p><a title=\"Ir a la web de Colabora 3.0\" href=\"https:\/\/colaboraeducacion30.juntadeandalucia.es\">Colabora 3.0<\/a><\/p>\n<p>Saludos cordiales.<\/p>\n<p>Manuel Azuaga Herrera<br \/>\nConsejer\u00eda de Educaci\u00f3n.<\/p>\n<p>&nbsp;<\/p>\n","protected":false},"excerpt":{"rendered":"<p>El Equipo de Coordinaci\u00f3n Pedag\u00f3gica de aulaDjaque est\u00e1 impulsando, gracias al trabajo de Manuel Mart\u00ednez Vallejo, y en coordinaci\u00f3n con la Delegaci\u00f3n Territorial de Ja\u00e9n, la celebraci\u00f3n de una jornada de ajedrez intercentros prevista&#46;&#46;&#46;<\/p>\n","protected":false},"author":8061,"featured_media":5017,"comment_status":"open","ping_status":"open","sticky":false,"template":"","format":"standard","meta":{"ngg_post_thumbnail":0,"footnotes":""},"categories":[4,1],"tags":[],"aioseo_notices":[],"_links":{"self":[{"href":"https:\/\/blogsaverroes.juntadeandalucia.es\/gbellasartesmalaga\/wp-json\/wp\/v2\/posts\/4643"}],"collection":[{"href":"https:\/\/blogsaverroes.juntadeandalucia.es\/gbellasartesmalaga\/wp-json\/wp\/v2\/posts"}],"about":[{"href":"https:\/\/blogsaverroes.juntadeandalucia.es\/gbellasartesmalaga\/wp-json\/wp\/v2\/types\/post"}],"author":[{"embeddable":true,"href":"https:\/\/blogsaverroes.juntadeandalucia.es\/gbellasartesmalaga\/wp-json\/wp\/v2\/users\/8061"}],"replies":[{"embeddable":true,"href":"https:\/\/blogsaverroes.juntadeandalucia.es\/gbellasartesmalaga\/wp-json\/wp\/v2\/comments?post=4643"}],"version-history":[{"count":1,"href":"https:\/\/blogsaverroes.juntadeandalucia.es\/gbellasartesmalaga\/wp-json\/wp\/v2\/posts\/4643\/revisions"}],"predecessor-version":[{"id":6857,"href":"https:\/\/blogsaverroes.juntadeandalucia.es\/gbellasartesmalaga\/wp-json\/wp\/v2\/posts\/4643\/revisions\/6857"}],"wp:featuredmedia":[{"embeddable":true,"href":"https:\/\/blogsaverroes.juntadeandalucia.es\/gbellasartesmalaga\/wp-json\/wp\/v2\/media\/5017"}],"wp:attachment":[{"href":"https:\/\/blogsaverroes.juntadeandalucia.es\/gbellasartesmalaga\/wp-json\/wp\/v2\/media?parent=4643"}],"wp:term":[{"taxonomy":"category","embeddable":true,"href":"https:\/\/blogsaverroes.juntadeandalucia.es\/gbellasartesmalaga\/wp-json\/wp\/v2\/categories?post=4643"},{"taxonomy":"post_tag","embeddable":true,"href":"https:\/\/blogsaverroes.juntadeandalucia.es\/gbellasartesmalaga\/wp-json\/wp\/v2\/tags?post=4643"}],"curies":[{"name":"wp","href":"https:\/\/api.w.org\/{rel}","templated":true}]}}