{"id":4697,"date":"2019-11-20T11:55:31","date_gmt":"2019-11-20T11:55:31","guid":{"rendered":"http:\/\/www.educacionenmalaga.es\/gbellasartes\/?p=4697"},"modified":"2020-03-25T08:17:26","modified_gmt":"2020-03-25T07:17:26","slug":"eugenio-chicano-la-perdida-de-un-gran-maestro","status":"publish","type":"post","link":"https:\/\/blogsaverroes.juntadeandalucia.es\/gbellasartesmalaga\/2019\/11\/20\/eugenio-chicano-la-perdida-de-un-gran-maestro\/","title":{"rendered":"Eugenio Chicano, la p\u00e9rdida de un gran maestro"},"content":{"rendered":"<p><img loading=\"lazy\" decoding=\"async\" class=\"alignnone size-full wp-image-4698\" src=\"https:\/\/blogsaverroes.juntadeandalucia.es\/gbellasartesmalagatest2\/files\/2019\/11\/26994082_1988029071212798_9108291164605818915_n.jpg\" alt=\"\" width=\"960\" height=\"720\" srcset=\"https:\/\/blogsaverroes.juntadeandalucia.es\/gbellasartesmalaga\/files\/2019\/11\/26994082_1988029071212798_9108291164605818915_n.jpg 960w, https:\/\/blogsaverroes.juntadeandalucia.es\/gbellasartesmalaga\/files\/2019\/11\/26994082_1988029071212798_9108291164605818915_n-300x225.jpg 300w, https:\/\/blogsaverroes.juntadeandalucia.es\/gbellasartesmalaga\/files\/2019\/11\/26994082_1988029071212798_9108291164605818915_n-768x576.jpg 768w, https:\/\/blogsaverroes.juntadeandalucia.es\/gbellasartesmalaga\/files\/2019\/11\/26994082_1988029071212798_9108291164605818915_n-24x18.jpg 24w, https:\/\/blogsaverroes.juntadeandalucia.es\/gbellasartesmalaga\/files\/2019\/11\/26994082_1988029071212798_9108291164605818915_n-36x27.jpg 36w, https:\/\/blogsaverroes.juntadeandalucia.es\/gbellasartesmalaga\/files\/2019\/11\/26994082_1988029071212798_9108291164605818915_n-48x36.jpg 48w\" sizes=\"(max-width: 960px) 100vw, 960px\" \/><\/p>\n<p><strong>Eugenio Chicano,<\/strong> baluarte pop de la vanguardia art\u00edstica malague\u00f1a, activista y gestor indispensable en el tr\u00e1nsito hacia la modernidad de la M\u00e1laga cultural, ha fallecido este martes a los 83 a\u00f1os.<\/p>\n<p>Desde esta Delegaci\u00f3n Territorial de Educaci\u00f3n y Deporte de M\u00e1laga queremos transmitir nuestra m\u00e1s sentido p\u00e9same a la familia del artista as\u00ed como a los centros educativos que tuvieron la suerte de poder disfrutar de la maestr\u00eda y gran generosidad de Eugenio Chicano.<\/p>\n<h2>Chicano y los escolares<\/h2>\n<p>Adem\u00e1s de gran artista, <strong>Chicano<\/strong> destac\u00f3 por su colaboraci\u00f3n desinteresada con centros educativos de la Axarqu\u00eda.<\/p>\n<p>A lo largo del a\u00f1o acad\u00e9mico 2017\/18, el maestro <strong>Eugenio Chicano<\/strong> y su obra fu\u00e9 el centro del proyecto monogr\u00e1fico del programa Vivir y Sentir el Patrimonio que llev\u00f3 a cabo el <strong>CEIP Custodio Puga<\/strong> de Torre del Mar. El colegio realiz\u00f3 diferentes actividades centradas en conocer la obra y la biograf\u00eda del pintor malague\u00f1o vinculado desde la infancia a V\u00e9lez-M\u00e1laga y a Torre del Mar.<\/p>\n<p>A trav\u00e9s de una serie de\u00a0 <strong><em>jornadas de pintura<\/em><\/strong>, en concreto <em>seis sesiones<\/em>,\u00a0 el alumnado del colegio junto al artista reinterpretaron una serie de obras y realizaron nuevas producciones relacionadas con im\u00e1genes emblem\u00e1ticas de Torre del Mar.<\/p>\n<p>Estas actividades se completaron con la visita a los murales m\u00e1s emblem\u00e1ticos realizados por el artista en M\u00e1laga.<\/p>\n<p><img loading=\"lazy\" decoding=\"async\" class=\"alignnone size-full wp-image-1009\" src=\"http:\/\/www.educacionenmalaga.es\/gbellasartes\/files\/2018\/02\/27072797_1988029354546103_3888991774642801354_n.jpg\" alt=\"\" width=\"960\" height=\"540\" data-attachment-id=\"1009\" data-permalink=\"https:\/\/www.educacionenmalaga.es\/gbellasartes\/2018\/02\/19\/eugenio-chicano-un-maestro-en-el-custodio-puga\/27072797_1988029354546103_3888991774642801354_n\/\" data-orig-file=\"https:\/\/www.educacionenmalaga.es\/gbellasartes\/files\/2018\/02\/27072797_1988029354546103_3888991774642801354_n.jpg\" data-orig-size=\"960,540\" data-comments-opened=\"1\" data-image-meta=\"{&quot;aperture&quot;:&quot;0&quot;,&quot;credit&quot;:&quot;&quot;,&quot;camera&quot;:&quot;&quot;,&quot;caption&quot;:&quot;&quot;,&quot;created_timestamp&quot;:&quot;0&quot;,&quot;copyright&quot;:&quot;&quot;,&quot;focal_length&quot;:&quot;0&quot;,&quot;iso&quot;:&quot;0&quot;,&quot;shutter_speed&quot;:&quot;0&quot;,&quot;title&quot;:&quot;&quot;,&quot;orientation&quot;:&quot;0&quot;}\" data-image-title=\"27072797_1988029354546103_3888991774642801354_n\" data-image-description=\"\" data-medium-file=\"https:\/\/www.educacionenmalaga.es\/gbellasartes\/files\/2018\/02\/27072797_1988029354546103_3888991774642801354_n-300x169.jpg\" data-large-file=\"https:\/\/www.educacionenmalaga.es\/gbellasartes\/files\/2018\/02\/27072797_1988029354546103_3888991774642801354_n.jpg\" srcset=\"https:\/\/blogsaverroes.juntadeandalucia.es\/gbellasartesmalaga\/files\/2018\/02\/27072797_1988029354546103_3888991774642801354_n.jpg 960w, https:\/\/blogsaverroes.juntadeandalucia.es\/gbellasartesmalaga\/files\/2018\/02\/27072797_1988029354546103_3888991774642801354_n-300x169.jpg 300w, https:\/\/blogsaverroes.juntadeandalucia.es\/gbellasartesmalaga\/files\/2018\/02\/27072797_1988029354546103_3888991774642801354_n-768x432.jpg 768w, https:\/\/blogsaverroes.juntadeandalucia.es\/gbellasartesmalaga\/files\/2018\/02\/27072797_1988029354546103_3888991774642801354_n-24x14.jpg 24w, https:\/\/blogsaverroes.juntadeandalucia.es\/gbellasartesmalaga\/files\/2018\/02\/27072797_1988029354546103_3888991774642801354_n-36x20.jpg 36w, https:\/\/blogsaverroes.juntadeandalucia.es\/gbellasartesmalaga\/files\/2018\/02\/27072797_1988029354546103_3888991774642801354_n-48x27.jpg 48w\" sizes=\"(max-width: 960px) 100vw, 960px\" \/><\/p>\n<h3>NOTICIAS<\/h3>\n<p><em>Eugenio Chicano habla de Torre del Mar y su infancia<\/em>:<\/p>\n<p><iframe loading=\"lazy\" title=\"Muere el pintor Eugenio Chicano | Eugenio Chicano y Torre del Mar\" width=\"500\" height=\"281\" src=\"https:\/\/www.youtube.com\/embed\/gKIbkT8NTgE?feature=oembed&#038;wmode=opaque\" frameborder=\"0\" allow=\"accelerometer; autoplay; encrypted-media; gyroscope; picture-in-picture\" allowfullscreen><\/iframe><\/p>\n<p><em>Im\u00e1genes de la jornada con el CEIP Custodio Puga:<\/em> <a href=\"http:\/\/patrimoniocustodiopuga.blogspot.com.es\/2018\/01\/presentacion-del-proyecto-al-claustro-y.html\">http:\/\/patrimoniocustodiopuga.blogspot.com.es\/2018\/01\/presentacion-del-proyecto-al-claustro-y.html<\/a><\/p>\n<p>M\u00e1s informaci\u00f3n en el blog Vivir y Sentir el Patrimonio del colegio: <a href=\"http:\/\/patrimoniocustodiopuga.blogspot.com.es\/\">http:\/\/patrimoniocustodiopuga.blogspot.com.es.<\/a><\/p>\n<p>&nbsp;<\/p>\n<h2>GALER\u00cdA DE IM\u00c1GENES: PROYECTO DEL CEIP CUSTODIO PUGA<\/h2>\n<p><img loading=\"lazy\" decoding=\"async\" class=\"alignnone size-full wp-image-1011\" src=\"http:\/\/www.educacionenmalaga.es\/gbellasartes\/files\/2018\/02\/n.jpg\" alt=\"\" width=\"1024\" height=\"768\" data-attachment-id=\"1011\" data-permalink=\"https:\/\/www.educacionenmalaga.es\/gbellasartes\/2018\/02\/19\/eugenio-chicano-un-maestro-en-el-custodio-puga\/n\/\" data-orig-file=\"https:\/\/www.educacionenmalaga.es\/gbellasartes\/files\/2018\/02\/n.jpg\" data-orig-size=\"1024,768\" data-comments-opened=\"1\" data-image-meta=\"{&quot;aperture&quot;:&quot;0&quot;,&quot;credit&quot;:&quot;&quot;,&quot;camera&quot;:&quot;&quot;,&quot;caption&quot;:&quot;&quot;,&quot;created_timestamp&quot;:&quot;0&quot;,&quot;copyright&quot;:&quot;&quot;,&quot;focal_length&quot;:&quot;0&quot;,&quot;iso&quot;:&quot;0&quot;,&quot;shutter_speed&quot;:&quot;0&quot;,&quot;title&quot;:&quot;&quot;,&quot;orientation&quot;:&quot;0&quot;}\" data-image-title=\"+\u00d1\" data-image-description=\"\" data-medium-file=\"https:\/\/www.educacionenmalaga.es\/gbellasartes\/files\/2018\/02\/n-300x225.jpg\" data-large-file=\"https:\/\/www.educacionenmalaga.es\/gbellasartes\/files\/2018\/02\/n-1024x768.jpg\" srcset=\"https:\/\/blogsaverroes.juntadeandalucia.es\/gbellasartesmalaga\/files\/2018\/02\/n.jpg 1024w, https:\/\/blogsaverroes.juntadeandalucia.es\/gbellasartesmalaga\/files\/2018\/02\/n-300x225.jpg 300w, https:\/\/blogsaverroes.juntadeandalucia.es\/gbellasartesmalaga\/files\/2018\/02\/n-768x576.jpg 768w, https:\/\/blogsaverroes.juntadeandalucia.es\/gbellasartesmalaga\/files\/2018\/02\/n-24x18.jpg 24w, https:\/\/blogsaverroes.juntadeandalucia.es\/gbellasartesmalaga\/files\/2018\/02\/n-36x27.jpg 36w, https:\/\/blogsaverroes.juntadeandalucia.es\/gbellasartesmalaga\/files\/2018\/02\/n-48x36.jpg 48w\" sizes=\"(max-width: 1024px) 100vw, 1024px\" \/> <img loading=\"lazy\" decoding=\"async\" class=\"alignnone wp-image-1013\" src=\"http:\/\/www.educacionenmalaga.es\/gbellasartes\/files\/2018\/02\/img-20180215-wa0005.jpeg\" alt=\"\" width=\"4128\" height=\"2322\" data-attachment-id=\"1013\" data-permalink=\"https:\/\/www.educacionenmalaga.es\/gbellasartes\/2018\/02\/19\/eugenio-chicano-un-maestro-en-el-custodio-puga\/img-20180215-wa0005\/\" data-orig-file=\"https:\/\/www.educacionenmalaga.es\/gbellasartes\/files\/2018\/02\/img-20180215-wa0005.jpeg\" data-orig-size=\"4128,2322\" data-comments-opened=\"1\" data-image-meta=\"{&quot;aperture&quot;:&quot;1.9&quot;,&quot;credit&quot;:&quot;&quot;,&quot;camera&quot;:&quot;SM-A510F&quot;,&quot;caption&quot;:&quot;&quot;,&quot;created_timestamp&quot;:&quot;1518701786&quot;,&quot;copyright&quot;:&quot;&quot;,&quot;focal_length&quot;:&quot;3.7&quot;,&quot;iso&quot;:&quot;50&quot;,&quot;shutter_speed&quot;:&quot;0.03030303030303&quot;,&quot;title&quot;:&quot;&quot;,&quot;orientation&quot;:&quot;6&quot;}\" data-image-title=\"IMG-20180215-WA0005\" data-image-description=\"\" data-medium-file=\"https:\/\/www.educacionenmalaga.es\/gbellasartes\/files\/2018\/02\/img-20180215-wa0005-300x169.jpeg\" data-large-file=\"https:\/\/www.educacionenmalaga.es\/gbellasartes\/files\/2018\/02\/img-20180215-wa0005-1024x576.jpeg\" srcset=\"https:\/\/blogsaverroes.juntadeandalucia.es\/gbellasartesmalaga\/files\/2018\/02\/img-20180215-wa0005.jpeg 1600w, https:\/\/blogsaverroes.juntadeandalucia.es\/gbellasartesmalaga\/files\/2018\/02\/img-20180215-wa0005-300x169.jpeg 300w, https:\/\/blogsaverroes.juntadeandalucia.es\/gbellasartesmalaga\/files\/2018\/02\/img-20180215-wa0005-768x432.jpeg 768w, https:\/\/blogsaverroes.juntadeandalucia.es\/gbellasartesmalaga\/files\/2018\/02\/img-20180215-wa0005-1024x576.jpeg 1024w, https:\/\/blogsaverroes.juntadeandalucia.es\/gbellasartesmalaga\/files\/2018\/02\/img-20180215-wa0005-24x14.jpeg 24w, https:\/\/blogsaverroes.juntadeandalucia.es\/gbellasartesmalaga\/files\/2018\/02\/img-20180215-wa0005-36x20.jpeg 36w, https:\/\/blogsaverroes.juntadeandalucia.es\/gbellasartesmalaga\/files\/2018\/02\/img-20180215-wa0005-48x27.jpeg 48w\" sizes=\"(max-width: 4128px) 100vw, 4128px\" \/><img loading=\"lazy\" decoding=\"async\" class=\"alignnone size-full wp-image-1021\" src=\"http:\/\/www.educacionenmalaga.es\/gbellasartes\/files\/2018\/02\/000.jpg\" alt=\"\" width=\"1600\" height=\"900\" data-attachment-id=\"1021\" data-permalink=\"https:\/\/www.educacionenmalaga.es\/gbellasartes\/2018\/02\/19\/eugenio-chicano-un-maestro-en-el-custodio-puga\/attachment\/000\/\" data-orig-file=\"https:\/\/www.educacionenmalaga.es\/gbellasartes\/files\/2018\/02\/000.jpg\" data-orig-size=\"1600,900\" data-comments-opened=\"1\" data-image-meta=\"{&quot;aperture&quot;:&quot;0&quot;,&quot;credit&quot;:&quot;&quot;,&quot;camera&quot;:&quot;&quot;,&quot;caption&quot;:&quot;&quot;,&quot;created_timestamp&quot;:&quot;0&quot;,&quot;copyright&quot;:&quot;&quot;,&quot;focal_length&quot;:&quot;0&quot;,&quot;iso&quot;:&quot;0&quot;,&quot;shutter_speed&quot;:&quot;0&quot;,&quot;title&quot;:&quot;&quot;,&quot;orientation&quot;:&quot;0&quot;}\" data-image-title=\"&#096;0\u2019\u00b40\u00b40\" data-image-description=\"\" data-medium-file=\"https:\/\/www.educacionenmalaga.es\/gbellasartes\/files\/2018\/02\/000-300x169.jpg\" data-large-file=\"https:\/\/www.educacionenmalaga.es\/gbellasartes\/files\/2018\/02\/000-1024x576.jpg\" srcset=\"https:\/\/blogsaverroes.juntadeandalucia.es\/gbellasartesmalaga\/files\/2018\/02\/000.jpg 1600w, https:\/\/blogsaverroes.juntadeandalucia.es\/gbellasartesmalaga\/files\/2018\/02\/000-300x169.jpg 300w, https:\/\/blogsaverroes.juntadeandalucia.es\/gbellasartesmalaga\/files\/2018\/02\/000-768x432.jpg 768w, https:\/\/blogsaverroes.juntadeandalucia.es\/gbellasartesmalaga\/files\/2018\/02\/000-1024x576.jpg 1024w, https:\/\/blogsaverroes.juntadeandalucia.es\/gbellasartesmalaga\/files\/2018\/02\/000-24x14.jpg 24w, https:\/\/blogsaverroes.juntadeandalucia.es\/gbellasartesmalaga\/files\/2018\/02\/000-36x20.jpg 36w, https:\/\/blogsaverroes.juntadeandalucia.es\/gbellasartesmalaga\/files\/2018\/02\/000-48x27.jpg 48w\" sizes=\"(max-width: 1600px) 100vw, 1600px\" \/> <img loading=\"lazy\" decoding=\"async\" class=\"alignnone size-full wp-image-1017\" src=\"http:\/\/www.educacionenmalaga.es\/gbellasartes\/files\/2018\/02\/img-20180215-wa0013.jpeg\" alt=\"\" width=\"2322\" height=\"3271\" data-attachment-id=\"1017\" data-permalink=\"https:\/\/www.educacionenmalaga.es\/gbellasartes\/2018\/02\/19\/eugenio-chicano-un-maestro-en-el-custodio-puga\/img-20180215-wa0013\/\" data-orig-file=\"https:\/\/www.educacionenmalaga.es\/gbellasartes\/files\/2018\/02\/img-20180215-wa0013.jpeg\" data-orig-size=\"2322,3271\" data-comments-opened=\"1\" data-image-meta=\"{&quot;aperture&quot;:&quot;1.9&quot;,&quot;credit&quot;:&quot;&quot;,&quot;camera&quot;:&quot;SM-A510F&quot;,&quot;caption&quot;:&quot;&quot;,&quot;created_timestamp&quot;:&quot;1518701909&quot;,&quot;copyright&quot;:&quot;&quot;,&quot;focal_length&quot;:&quot;3.7&quot;,&quot;iso&quot;:&quot;50&quot;,&quot;shutter_speed&quot;:&quot;0.02&quot;,&quot;title&quot;:&quot;&quot;,&quot;orientation&quot;:&quot;0&quot;}\" data-image-title=\"IMG-20180215-WA0013\" data-image-description=\"\" data-medium-file=\"https:\/\/www.educacionenmalaga.es\/gbellasartes\/files\/2018\/02\/img-20180215-wa0013-213x300.jpeg\" data-large-file=\"https:\/\/www.educacionenmalaga.es\/gbellasartes\/files\/2018\/02\/img-20180215-wa0013-727x1024.jpeg\" srcset=\"https:\/\/blogsaverroes.juntadeandalucia.es\/gbellasartesmalaga\/files\/2018\/02\/img-20180215-wa0013.jpeg 1136w, https:\/\/blogsaverroes.juntadeandalucia.es\/gbellasartesmalaga\/files\/2018\/02\/img-20180215-wa0013-213x300.jpeg 213w, https:\/\/blogsaverroes.juntadeandalucia.es\/gbellasartesmalaga\/files\/2018\/02\/img-20180215-wa0013-768x1082.jpeg 768w, https:\/\/blogsaverroes.juntadeandalucia.es\/gbellasartesmalaga\/files\/2018\/02\/img-20180215-wa0013-727x1024.jpeg 727w, https:\/\/blogsaverroes.juntadeandalucia.es\/gbellasartesmalaga\/files\/2018\/02\/img-20180215-wa0013-17x24.jpeg 17w, https:\/\/blogsaverroes.juntadeandalucia.es\/gbellasartesmalaga\/files\/2018\/02\/img-20180215-wa0013-26x36.jpeg 26w, https:\/\/blogsaverroes.juntadeandalucia.es\/gbellasartesmalaga\/files\/2018\/02\/img-20180215-wa0013-34x48.jpeg 34w\" sizes=\"(max-width: 2322px) 100vw, 2322px\" \/> <img loading=\"lazy\" decoding=\"async\" class=\"alignnone size-full wp-image-1018\" src=\"http:\/\/www.educacionenmalaga.es\/gbellasartes\/files\/2018\/02\/indice-1.jpg\" alt=\"\" width=\"900\" height=\"1178\" data-attachment-id=\"1018\" data-permalink=\"https:\/\/www.educacionenmalaga.es\/gbellasartes\/2018\/02\/19\/eugenio-chicano-un-maestro-en-el-custodio-puga\/indice-4\/\" data-orig-file=\"https:\/\/www.educacionenmalaga.es\/gbellasartes\/files\/2018\/02\/indice-1.jpg\" data-orig-size=\"900,1178\" data-comments-opened=\"1\" data-image-meta=\"{&quot;aperture&quot;:&quot;0&quot;,&quot;credit&quot;:&quot;&quot;,&quot;camera&quot;:&quot;&quot;,&quot;caption&quot;:&quot;&quot;,&quot;created_timestamp&quot;:&quot;0&quot;,&quot;copyright&quot;:&quot;&quot;,&quot;focal_length&quot;:&quot;0&quot;,&quot;iso&quot;:&quot;0&quot;,&quot;shutter_speed&quot;:&quot;0&quot;,&quot;title&quot;:&quot;&quot;,&quot;orientation&quot;:&quot;0&quot;}\" data-image-title=\"\u00edndice\" data-image-description=\"\" data-medium-file=\"https:\/\/www.educacionenmalaga.es\/gbellasartes\/files\/2018\/02\/indice-1-229x300.jpg\" data-large-file=\"https:\/\/www.educacionenmalaga.es\/gbellasartes\/files\/2018\/02\/indice-1-782x1024.jpg\" srcset=\"https:\/\/blogsaverroes.juntadeandalucia.es\/gbellasartesmalaga\/files\/2018\/02\/indice-1.jpg 900w, https:\/\/blogsaverroes.juntadeandalucia.es\/gbellasartesmalaga\/files\/2018\/02\/indice-1-229x300.jpg 229w, https:\/\/blogsaverroes.juntadeandalucia.es\/gbellasartesmalaga\/files\/2018\/02\/indice-1-768x1005.jpg 768w, https:\/\/blogsaverroes.juntadeandalucia.es\/gbellasartesmalaga\/files\/2018\/02\/indice-1-782x1024.jpg 782w, https:\/\/blogsaverroes.juntadeandalucia.es\/gbellasartesmalaga\/files\/2018\/02\/indice-1-18x24.jpg 18w, https:\/\/blogsaverroes.juntadeandalucia.es\/gbellasartesmalaga\/files\/2018\/02\/indice-1-28x36.jpg 28w, https:\/\/blogsaverroes.juntadeandalucia.es\/gbellasartesmalaga\/files\/2018\/02\/indice-1-37x48.jpg 37w\" sizes=\"(max-width: 900px) 100vw, 900px\" \/><\/p>\n<p>&nbsp;<\/p>\n","protected":false},"excerpt":{"rendered":"<p>Eugenio Chicano, baluarte pop de la vanguardia art\u00edstica malague\u00f1a, activista y gestor indispensable en el tr\u00e1nsito hacia la modernidad de la M\u00e1laga cultural, ha fallecido este martes a los 83 a\u00f1os. Desde esta Delegaci\u00f3n&#46;&#46;&#46;<\/p>\n","protected":false},"author":8061,"featured_media":4698,"comment_status":"closed","ping_status":"open","sticky":false,"template":"","format":"standard","meta":{"ngg_post_thumbnail":0,"footnotes":""},"categories":[2,7,12],"tags":[],"aioseo_notices":[],"_links":{"self":[{"href":"https:\/\/blogsaverroes.juntadeandalucia.es\/gbellasartesmalaga\/wp-json\/wp\/v2\/posts\/4697"}],"collection":[{"href":"https:\/\/blogsaverroes.juntadeandalucia.es\/gbellasartesmalaga\/wp-json\/wp\/v2\/posts"}],"about":[{"href":"https:\/\/blogsaverroes.juntadeandalucia.es\/gbellasartesmalaga\/wp-json\/wp\/v2\/types\/post"}],"author":[{"embeddable":true,"href":"https:\/\/blogsaverroes.juntadeandalucia.es\/gbellasartesmalaga\/wp-json\/wp\/v2\/users\/8061"}],"replies":[{"embeddable":true,"href":"https:\/\/blogsaverroes.juntadeandalucia.es\/gbellasartesmalaga\/wp-json\/wp\/v2\/comments?post=4697"}],"version-history":[{"count":1,"href":"https:\/\/blogsaverroes.juntadeandalucia.es\/gbellasartesmalaga\/wp-json\/wp\/v2\/posts\/4697\/revisions"}],"predecessor-version":[{"id":6738,"href":"https:\/\/blogsaverroes.juntadeandalucia.es\/gbellasartesmalaga\/wp-json\/wp\/v2\/posts\/4697\/revisions\/6738"}],"wp:featuredmedia":[{"embeddable":true,"href":"https:\/\/blogsaverroes.juntadeandalucia.es\/gbellasartesmalaga\/wp-json\/wp\/v2\/media\/4698"}],"wp:attachment":[{"href":"https:\/\/blogsaverroes.juntadeandalucia.es\/gbellasartesmalaga\/wp-json\/wp\/v2\/media?parent=4697"}],"wp:term":[{"taxonomy":"category","embeddable":true,"href":"https:\/\/blogsaverroes.juntadeandalucia.es\/gbellasartesmalaga\/wp-json\/wp\/v2\/categories?post=4697"},{"taxonomy":"post_tag","embeddable":true,"href":"https:\/\/blogsaverroes.juntadeandalucia.es\/gbellasartesmalaga\/wp-json\/wp\/v2\/tags?post=4697"}],"curies":[{"name":"wp","href":"https:\/\/api.w.org\/{rel}","templated":true}]}}