{"id":5673,"date":"2019-11-25T12:53:24","date_gmt":"2019-11-25T11:53:24","guid":{"rendered":"https:\/\/blogsaverroes.juntadeandalucia.es\/gbellasartesmalaga2\/?p=5673"},"modified":"2020-03-25T08:17:26","modified_gmt":"2020-03-25T07:17:26","slug":"dia-del-flamenco-en-el-ies-el-almijar-de-competa","status":"publish","type":"post","link":"https:\/\/blogsaverroes.juntadeandalucia.es\/gbellasartesmalaga\/2019\/11\/25\/dia-del-flamenco-en-el-ies-el-almijar-de-competa\/","title":{"rendered":"D\u00eda del Flamenco en el IES El Almijar de C\u00f3mpeta."},"content":{"rendered":"<p><span style=\"font-family: Times New Roman, serif\"><span style=\"font-size: medium\"><img loading=\"lazy\" decoding=\"async\" class=\"alignnone size-full wp-image-5676\" src=\"https:\/\/blogsaverroes.juntadeandalucia.es\/gbellasartesmalagatest2\/files\/2019\/11\/7559142b-9e3b-4795-bd41-d9b60108d190.jpg\" alt=\"\" width=\"2048\" height=\"1150\" srcset=\"https:\/\/blogsaverroes.juntadeandalucia.es\/gbellasartesmalaga\/files\/2019\/11\/7559142b-9e3b-4795-bd41-d9b60108d190.jpg 1600w, https:\/\/blogsaverroes.juntadeandalucia.es\/gbellasartesmalaga\/files\/2019\/11\/7559142b-9e3b-4795-bd41-d9b60108d190-300x168.jpg 300w, https:\/\/blogsaverroes.juntadeandalucia.es\/gbellasartesmalaga\/files\/2019\/11\/7559142b-9e3b-4795-bd41-d9b60108d190-768x431.jpg 768w, https:\/\/blogsaverroes.juntadeandalucia.es\/gbellasartesmalaga\/files\/2019\/11\/7559142b-9e3b-4795-bd41-d9b60108d190-1024x575.jpg 1024w, https:\/\/blogsaverroes.juntadeandalucia.es\/gbellasartesmalaga\/files\/2019\/11\/7559142b-9e3b-4795-bd41-d9b60108d190-24x13.jpg 24w, https:\/\/blogsaverroes.juntadeandalucia.es\/gbellasartesmalaga\/files\/2019\/11\/7559142b-9e3b-4795-bd41-d9b60108d190-36x20.jpg 36w, https:\/\/blogsaverroes.juntadeandalucia.es\/gbellasartesmalaga\/files\/2019\/11\/7559142b-9e3b-4795-bd41-d9b60108d190-48x27.jpg 48w\" sizes=\"(max-width: 2048px) 100vw, 2048px\" \/><\/span><\/span><\/p>\n<p align=\"justify\"><span style=\"font-family: Times New Roman, serif\"><span style=\"font-size: medium\">El <strong>IES El Almijar de C\u00f3mpeta<\/strong> celebr\u00f3 el viernes 15 de noviembre un concierto did\u00e1ctico para conmemorar el D\u00eda Mundial del Flamenco. <\/span><\/span><\/p>\n<p align=\"justify\"><span style=\"font-family: Times New Roman, serif\"><span style=\"font-size: medium\">Este evento, abierto a toda la comunidad educativa, cont\u00f3 con la actuaci\u00f3n del grupo Aire Flamenco. Su cantaora, Judith, acompa\u00f1ada al caj\u00f3n y a la guitarra por Carlos, nos explic\u00f3 el origen de este cante as\u00ed como cada uno de los palos que lo componen, invitando al alumnado a marcar el comp\u00e1s con las palmas apropiadas para los tangos, las alegr\u00edas, los fandangos, las buler\u00edas\u2026<\/span><\/span><\/p>\n<p align=\"justify\"><span style=\"font-family: Times New Roman, serif\"><span style=\"font-size: medium\">Contaron tambi\u00e9n con el cante y el baile de nuestras alumnas Claudia, Gabriela, Idara y Carmelo. Adem\u00e1s del recital de poemas a cargo de la profesora Carmen Guti\u00e9rrez y la alumna Elisa.<\/span><\/span><\/p>\n<p align=\"justify\"><span style=\"font-family: Times New Roman, serif\"><span style=\"font-size: medium\">Ainara, alumna del CEIP C\u00e1ndido Lara puso el broche final con su baile por alegr\u00edas a este evento donde las palmas, el cante, el baile y la guitarra y el caj\u00f3n flamenco nos transportaron al m\u00e1s genuino de los tablaos andaluces. <\/span><\/span><\/p>\n<p align=\"justify\"><span style=\"font-family: Times New Roman, serif\"><span style=\"font-size: medium\">El centro agradece la colaboraci\u00f3n del Ayuntamiento de C\u00f3mpeta y del grupo Aire Flamenco. <\/span><\/span><\/p>\n<p align=\"justify\">&nbsp;<\/p>\n\n\t\t<style>\n\t\t\t#gallery-1 {\n\t\t\t\tmargin: auto;\n\t\t\t}\n\t\t\t#gallery-1 .gallery-item {\n\t\t\t\tfloat: left;\n\t\t\t\tmargin-top: 10px;\n\t\t\t\ttext-align: center;\n\t\t\t\twidth: 50%;\n\t\t\t}\n\t\t\t#gallery-1 img {\n\t\t\t\tborder: 2px solid #cfcfcf;\n\t\t\t}\n\t\t\t#gallery-1 .gallery-caption {\n\t\t\t\tmargin-left: 0;\n\t\t\t}\n\t\t\t\/* see gallery_shortcode() in wp-includes\/media.php *\/\n\t\t<\/style>\n\t\t<div id='gallery-1' class='gallery galleryid-5673 gallery-columns-2 gallery-size-thumbnail'><dl class='gallery-item'>\n\t\t\t<dt class='gallery-icon landscape'>\n\t\t\t\t<a href='https:\/\/blogsaverroes.juntadeandalucia.es\/gbellasartesmalaga\/2019\/11\/25\/dia-del-flamenco-en-el-ies-el-almijar-de-competa\/e8e605e0-2cc0-4843-87b9-6054515c07cb\/'><img loading=\"lazy\" decoding=\"async\" width=\"150\" height=\"150\" src=\"https:\/\/blogsaverroes.juntadeandalucia.es\/gbellasartesmalaga\/files\/2019\/11\/e8e605e0-2cc0-4843-87b9-6054515c07cb-150x150.jpg\" class=\"attachment-thumbnail size-thumbnail\" alt=\"\" srcset=\"https:\/\/blogsaverroes.juntadeandalucia.es\/gbellasartesmalaga\/files\/2019\/11\/e8e605e0-2cc0-4843-87b9-6054515c07cb-150x150.jpg 150w, https:\/\/blogsaverroes.juntadeandalucia.es\/gbellasartesmalaga\/files\/2019\/11\/e8e605e0-2cc0-4843-87b9-6054515c07cb-100x100.jpg 100w, https:\/\/blogsaverroes.juntadeandalucia.es\/gbellasartesmalaga\/files\/2019\/11\/e8e605e0-2cc0-4843-87b9-6054515c07cb-160x160.jpg 160w, https:\/\/blogsaverroes.juntadeandalucia.es\/gbellasartesmalaga\/files\/2019\/11\/e8e605e0-2cc0-4843-87b9-6054515c07cb-320x320.jpg 320w\" sizes=\"(max-width: 150px) 100vw, 150px\" \/><\/a>\n\t\t\t<\/dt><\/dl><dl class='gallery-item'>\n\t\t\t<dt class='gallery-icon landscape'>\n\t\t\t\t<a href='https:\/\/blogsaverroes.juntadeandalucia.es\/gbellasartesmalaga\/2019\/11\/25\/dia-del-flamenco-en-el-ies-el-almijar-de-competa\/52723769-8828-4491-912b-a53c64a7b929\/'><img loading=\"lazy\" decoding=\"async\" width=\"150\" height=\"150\" src=\"https:\/\/blogsaverroes.juntadeandalucia.es\/gbellasartesmalaga\/files\/2019\/11\/52723769-8828-4491-912b-a53c64a7b929-150x150.jpg\" class=\"attachment-thumbnail size-thumbnail\" alt=\"\" srcset=\"https:\/\/blogsaverroes.juntadeandalucia.es\/gbellasartesmalaga\/files\/2019\/11\/52723769-8828-4491-912b-a53c64a7b929-150x150.jpg 150w, https:\/\/blogsaverroes.juntadeandalucia.es\/gbellasartesmalaga\/files\/2019\/11\/52723769-8828-4491-912b-a53c64a7b929-100x100.jpg 100w, https:\/\/blogsaverroes.juntadeandalucia.es\/gbellasartesmalaga\/files\/2019\/11\/52723769-8828-4491-912b-a53c64a7b929-160x160.jpg 160w, https:\/\/blogsaverroes.juntadeandalucia.es\/gbellasartesmalaga\/files\/2019\/11\/52723769-8828-4491-912b-a53c64a7b929-320x320.jpg 320w\" sizes=\"(max-width: 150px) 100vw, 150px\" \/><\/a>\n\t\t\t<\/dt><\/dl><br style=\"clear: both\" \/><dl class='gallery-item'>\n\t\t\t<dt class='gallery-icon portrait'>\n\t\t\t\t<a href='https:\/\/blogsaverroes.juntadeandalucia.es\/gbellasartesmalaga\/2019\/11\/25\/dia-del-flamenco-en-el-ies-el-almijar-de-competa\/6dbe6919-5a8e-42ee-8c3a-5ef6590feaee\/'><img loading=\"lazy\" decoding=\"async\" width=\"150\" height=\"150\" src=\"https:\/\/blogsaverroes.juntadeandalucia.es\/gbellasartesmalaga\/files\/2019\/11\/6dbe6919-5a8e-42ee-8c3a-5ef6590feaee-150x150.jpg\" class=\"attachment-thumbnail size-thumbnail\" alt=\"\" srcset=\"https:\/\/blogsaverroes.juntadeandalucia.es\/gbellasartesmalaga\/files\/2019\/11\/6dbe6919-5a8e-42ee-8c3a-5ef6590feaee-150x150.jpg 150w, https:\/\/blogsaverroes.juntadeandalucia.es\/gbellasartesmalaga\/files\/2019\/11\/6dbe6919-5a8e-42ee-8c3a-5ef6590feaee-100x100.jpg 100w, https:\/\/blogsaverroes.juntadeandalucia.es\/gbellasartesmalaga\/files\/2019\/11\/6dbe6919-5a8e-42ee-8c3a-5ef6590feaee-160x160.jpg 160w, https:\/\/blogsaverroes.juntadeandalucia.es\/gbellasartesmalaga\/files\/2019\/11\/6dbe6919-5a8e-42ee-8c3a-5ef6590feaee-320x320.jpg 320w\" sizes=\"(max-width: 150px) 100vw, 150px\" \/><\/a>\n\t\t\t<\/dt><\/dl><dl class='gallery-item'>\n\t\t\t<dt class='gallery-icon landscape'>\n\t\t\t\t<a href='https:\/\/blogsaverroes.juntadeandalucia.es\/gbellasartesmalaga\/2019\/11\/25\/dia-del-flamenco-en-el-ies-el-almijar-de-competa\/81e14267-b665-4296-a38b-99d102f38f62\/'><img loading=\"lazy\" decoding=\"async\" width=\"150\" height=\"150\" src=\"https:\/\/blogsaverroes.juntadeandalucia.es\/gbellasartesmalaga\/files\/2019\/11\/81e14267-b665-4296-a38b-99d102f38f62-150x150.jpg\" class=\"attachment-thumbnail size-thumbnail\" alt=\"\" srcset=\"https:\/\/blogsaverroes.juntadeandalucia.es\/gbellasartesmalaga\/files\/2019\/11\/81e14267-b665-4296-a38b-99d102f38f62-150x150.jpg 150w, https:\/\/blogsaverroes.juntadeandalucia.es\/gbellasartesmalaga\/files\/2019\/11\/81e14267-b665-4296-a38b-99d102f38f62-100x100.jpg 100w, https:\/\/blogsaverroes.juntadeandalucia.es\/gbellasartesmalaga\/files\/2019\/11\/81e14267-b665-4296-a38b-99d102f38f62-160x160.jpg 160w, https:\/\/blogsaverroes.juntadeandalucia.es\/gbellasartesmalaga\/files\/2019\/11\/81e14267-b665-4296-a38b-99d102f38f62-320x320.jpg 320w\" sizes=\"(max-width: 150px) 100vw, 150px\" \/><\/a>\n\t\t\t<\/dt><\/dl><br style=\"clear: both\" \/>\n\t\t<\/div>\n\n","protected":false},"excerpt":{"rendered":"<p>El IES El Almijar de C\u00f3mpeta celebr\u00f3 el viernes 15 de noviembre un concierto did\u00e1ctico para conmemorar el D\u00eda Mundial del Flamenco. Este evento, abierto a toda la comunidad educativa, cont\u00f3 con la actuaci\u00f3n&#46;&#46;&#46;<\/p>\n","protected":false},"author":8061,"featured_media":5676,"comment_status":"open","ping_status":"open","sticky":false,"template":"","format":"standard","meta":{"ngg_post_thumbnail":0,"footnotes":""},"categories":[2,12],"tags":[],"aioseo_notices":[],"_links":{"self":[{"href":"https:\/\/blogsaverroes.juntadeandalucia.es\/gbellasartesmalaga\/wp-json\/wp\/v2\/posts\/5673"}],"collection":[{"href":"https:\/\/blogsaverroes.juntadeandalucia.es\/gbellasartesmalaga\/wp-json\/wp\/v2\/posts"}],"about":[{"href":"https:\/\/blogsaverroes.juntadeandalucia.es\/gbellasartesmalaga\/wp-json\/wp\/v2\/types\/post"}],"author":[{"embeddable":true,"href":"https:\/\/blogsaverroes.juntadeandalucia.es\/gbellasartesmalaga\/wp-json\/wp\/v2\/users\/8061"}],"replies":[{"embeddable":true,"href":"https:\/\/blogsaverroes.juntadeandalucia.es\/gbellasartesmalaga\/wp-json\/wp\/v2\/comments?post=5673"}],"version-history":[{"count":1,"href":"https:\/\/blogsaverroes.juntadeandalucia.es\/gbellasartesmalaga\/wp-json\/wp\/v2\/posts\/5673\/revisions"}],"predecessor-version":[{"id":6731,"href":"https:\/\/blogsaverroes.juntadeandalucia.es\/gbellasartesmalaga\/wp-json\/wp\/v2\/posts\/5673\/revisions\/6731"}],"wp:featuredmedia":[{"embeddable":true,"href":"https:\/\/blogsaverroes.juntadeandalucia.es\/gbellasartesmalaga\/wp-json\/wp\/v2\/media\/5676"}],"wp:attachment":[{"href":"https:\/\/blogsaverroes.juntadeandalucia.es\/gbellasartesmalaga\/wp-json\/wp\/v2\/media?parent=5673"}],"wp:term":[{"taxonomy":"category","embeddable":true,"href":"https:\/\/blogsaverroes.juntadeandalucia.es\/gbellasartesmalaga\/wp-json\/wp\/v2\/categories?post=5673"},{"taxonomy":"post_tag","embeddable":true,"href":"https:\/\/blogsaverroes.juntadeandalucia.es\/gbellasartesmalaga\/wp-json\/wp\/v2\/tags?post=5673"}],"curies":[{"name":"wp","href":"https:\/\/api.w.org\/{rel}","templated":true}]}}