{"id":6040,"date":"2020-01-31T13:47:07","date_gmt":"2020-01-31T12:47:07","guid":{"rendered":"https:\/\/blogsaverroes.juntadeandalucia.es\/gbellasartesmalaga2\/?p=6040"},"modified":"2020-03-25T08:17:04","modified_gmt":"2020-03-25T07:17:04","slug":"6040","status":"publish","type":"post","link":"https:\/\/blogsaverroes.juntadeandalucia.es\/gbellasartesmalaga\/2020\/01\/31\/6040\/","title":{"rendered":"AulaDjaque y ajEdu"},"content":{"rendered":"<p><img loading=\"lazy\" decoding=\"async\" class=\"alignnone size-full wp-image-6041\" src=\"https:\/\/blogsaverroes.juntadeandalucia.es\/gbellasartesmalagatest2\/files\/2020\/01\/ELkMFJvXYAE8w1Q.jpg\" alt=\"\" width=\"960\" height=\"960\" srcset=\"https:\/\/blogsaverroes.juntadeandalucia.es\/gbellasartesmalaga\/files\/2020\/01\/ELkMFJvXYAE8w1Q.jpg 960w, https:\/\/blogsaverroes.juntadeandalucia.es\/gbellasartesmalaga\/files\/2020\/01\/ELkMFJvXYAE8w1Q-150x150.jpg 150w, https:\/\/blogsaverroes.juntadeandalucia.es\/gbellasartesmalaga\/files\/2020\/01\/ELkMFJvXYAE8w1Q-300x300.jpg 300w, https:\/\/blogsaverroes.juntadeandalucia.es\/gbellasartesmalaga\/files\/2020\/01\/ELkMFJvXYAE8w1Q-768x768.jpg 768w, https:\/\/blogsaverroes.juntadeandalucia.es\/gbellasartesmalaga\/files\/2020\/01\/ELkMFJvXYAE8w1Q-100x100.jpg 100w, https:\/\/blogsaverroes.juntadeandalucia.es\/gbellasartesmalaga\/files\/2020\/01\/ELkMFJvXYAE8w1Q-160x160.jpg 160w, https:\/\/blogsaverroes.juntadeandalucia.es\/gbellasartesmalaga\/files\/2020\/01\/ELkMFJvXYAE8w1Q-320x320.jpg 320w, https:\/\/blogsaverroes.juntadeandalucia.es\/gbellasartesmalaga\/files\/2020\/01\/ELkMFJvXYAE8w1Q-24x24.jpg 24w, https:\/\/blogsaverroes.juntadeandalucia.es\/gbellasartesmalaga\/files\/2020\/01\/ELkMFJvXYAE8w1Q-36x36.jpg 36w, https:\/\/blogsaverroes.juntadeandalucia.es\/gbellasartesmalaga\/files\/2020\/01\/ELkMFJvXYAE8w1Q-48x48.jpg 48w\" sizes=\"(max-width: 960px) 100vw, 960px\" \/><\/p>\n<p>El programa <strong>aulaDjaque<\/strong> y <strong>ajEdu<\/strong> (Ajedrez y Educaci\u00f3n) se dan la mano y acuerdan compartir tantos recursos y materiales transversales sean de inter\u00e9s did\u00e1ctico para su aplicaci\u00f3n en el aula.<\/p>\n<p>Creada en 2005 en la Universidad Aut\u00f3noma de Barcelona (UAB), ajEdu es, en la actualidad, una Red Internacional de Ajedrez Educativo integrada en la Red Educativa DIM-EDU.<\/p>\n<p>Su prop\u00f3sito es el estudio y difusi\u00f3n de todos aquellos aspectos que relacionen el ajedrez con la educaci\u00f3n.<\/p>\n<p>A estos efectos, se ha habilitado un espacio en la plataforma Colabor@ en el que podr\u00e9is acceder al blog de esta interesante l\u00ednea de investigaci\u00f3n.<\/p>\n<p>Ruta: Zona p\u00fablica\/Alianzas\/ajEdu) Desde la misma ruta y pesta\u00f1a, pulsando sobre la imagen de \u201cajEdu Magazine\u201d, podr\u00e1s descargar (PDF) todos los n\u00fameros publicados hasta la fecha de la revista de ajEdu. Con la lectura de &#8220;ajEdu Magazine&#8221; conocer\u00e1s infinidad de experiencias educativas (algunas de ellas, llevadas a cabo en centros aulaDjaque) y tendr\u00e1s un banco de recursos \u00fatiles extraordinario.<\/p>\n<p>En pr\u00f3ximas fechas os iremos informando de otras alianzas con programas y proyectos similares de ajedrez educativo, lo que nos permitir\u00e1 establecer un intercambio permanente de materiales y recursos did\u00e1cticos que ser\u00e1n, sin duda, de gran utilidad en nuestra pr\u00e1ctica docente.<\/p>\n<h6><em><span style=\"font-size: 10pt\">Manuel Azuaga<\/span><\/em><em><span style=\"font-size: 10pt\">Coordinador Programa aulaDjaque<\/span><\/em><\/h6>\n","protected":false},"excerpt":{"rendered":"<p>El programa aulaDjaque y ajEdu (Ajedrez y Educaci\u00f3n) se dan la mano y acuerdan compartir tantos recursos y materiales transversales sean de inter\u00e9s did\u00e1ctico para su aplicaci\u00f3n en el aula. Creada en 2005 en&#46;&#46;&#46;<\/p>\n","protected":false},"author":8061,"featured_media":6041,"comment_status":"open","ping_status":"open","sticky":false,"template":"","format":"standard","meta":{"ngg_post_thumbnail":0,"footnotes":""},"categories":[4,11],"tags":[],"aioseo_notices":[],"_links":{"self":[{"href":"https:\/\/blogsaverroes.juntadeandalucia.es\/gbellasartesmalaga\/wp-json\/wp\/v2\/posts\/6040"}],"collection":[{"href":"https:\/\/blogsaverroes.juntadeandalucia.es\/gbellasartesmalaga\/wp-json\/wp\/v2\/posts"}],"about":[{"href":"https:\/\/blogsaverroes.juntadeandalucia.es\/gbellasartesmalaga\/wp-json\/wp\/v2\/types\/post"}],"author":[{"embeddable":true,"href":"https:\/\/blogsaverroes.juntadeandalucia.es\/gbellasartesmalaga\/wp-json\/wp\/v2\/users\/8061"}],"replies":[{"embeddable":true,"href":"https:\/\/blogsaverroes.juntadeandalucia.es\/gbellasartesmalaga\/wp-json\/wp\/v2\/comments?post=6040"}],"version-history":[{"count":1,"href":"https:\/\/blogsaverroes.juntadeandalucia.es\/gbellasartesmalaga\/wp-json\/wp\/v2\/posts\/6040\/revisions"}],"predecessor-version":[{"id":6680,"href":"https:\/\/blogsaverroes.juntadeandalucia.es\/gbellasartesmalaga\/wp-json\/wp\/v2\/posts\/6040\/revisions\/6680"}],"wp:featuredmedia":[{"embeddable":true,"href":"https:\/\/blogsaverroes.juntadeandalucia.es\/gbellasartesmalaga\/wp-json\/wp\/v2\/media\/6041"}],"wp:attachment":[{"href":"https:\/\/blogsaverroes.juntadeandalucia.es\/gbellasartesmalaga\/wp-json\/wp\/v2\/media?parent=6040"}],"wp:term":[{"taxonomy":"category","embeddable":true,"href":"https:\/\/blogsaverroes.juntadeandalucia.es\/gbellasartesmalaga\/wp-json\/wp\/v2\/categories?post=6040"},{"taxonomy":"post_tag","embeddable":true,"href":"https:\/\/blogsaverroes.juntadeandalucia.es\/gbellasartesmalaga\/wp-json\/wp\/v2\/tags?post=6040"}],"curies":[{"name":"wp","href":"https:\/\/api.w.org\/{rel}","templated":true}]}}