{"id":6053,"date":"2020-02-03T08:17:11","date_gmt":"2020-02-03T07:17:11","guid":{"rendered":"https:\/\/blogsaverroes.juntadeandalucia.es\/gbellasartesmalaga2\/?p=6053"},"modified":"2020-03-25T08:17:04","modified_gmt":"2020-03-25T07:17:04","slug":"vivir-y-sentir-el-patrimonio-seguimiento","status":"publish","type":"post","link":"https:\/\/blogsaverroes.juntadeandalucia.es\/gbellasartesmalaga\/2020\/02\/03\/vivir-y-sentir-el-patrimonio-seguimiento\/","title":{"rendered":"Vivir y Sentir el Patrimonio. Seguimiento"},"content":{"rendered":"<p><img loading=\"lazy\" decoding=\"async\" class=\"size-full wp-image-6055 aligncenter\" src=\"https:\/\/blogsaverroes.juntadeandalucia.es\/gbellasartesmalagatest2\/files\/2020\/02\/PROGRAMA-VIVIR-Y-SENTIR-EL-PATRIMONIO.png\" alt=\"\" width=\"607\" height=\"449\" srcset=\"https:\/\/blogsaverroes.juntadeandalucia.es\/gbellasartesmalaga\/files\/2020\/02\/PROGRAMA-VIVIR-Y-SENTIR-EL-PATRIMONIO.png 607w, https:\/\/blogsaverroes.juntadeandalucia.es\/gbellasartesmalaga\/files\/2020\/02\/PROGRAMA-VIVIR-Y-SENTIR-EL-PATRIMONIO-300x222.png 300w, https:\/\/blogsaverroes.juntadeandalucia.es\/gbellasartesmalaga\/files\/2020\/02\/PROGRAMA-VIVIR-Y-SENTIR-EL-PATRIMONIO-24x18.png 24w, https:\/\/blogsaverroes.juntadeandalucia.es\/gbellasartesmalaga\/files\/2020\/02\/PROGRAMA-VIVIR-Y-SENTIR-EL-PATRIMONIO-36x27.png 36w, https:\/\/blogsaverroes.juntadeandalucia.es\/gbellasartesmalaga\/files\/2020\/02\/PROGRAMA-VIVIR-Y-SENTIR-EL-PATRIMONIO-48x36.png 48w\" sizes=\"(max-width: 607px) 100vw, 607px\" \/><\/p>\n<p>Durante el mes de <strong>febrero<\/strong>, los programas para la innovaci\u00f3n educativa P2 como <strong>Vivir y sentir el patrimonio<\/strong>, deber\u00e1n realizar el<strong> S\u00e9neca<\/strong> el <strong>seguimiento del programa<\/strong>.<\/p>\n<p>Este tr\u00e1mite deber\u00e1 realizarlo la persona que coordina el programa en S\u00e9neca con el perfil de coordinaci\u00f3n a trav\u00e9s de la siguiente ruta:<\/p>\n<p style=\"text-align: center\"><em>&nbsp;Centro\/ Programa para la Innovaci\u00f3n\/ Vigente \/ Vivir y sentir el patrimonio \/ Seguimiento.<\/em><\/p>\n<p>Este tr\u00e1mite es necesario para poder certificar. El plazo finaliza el 29 de febrero de 2020.<\/p>\n<p>&nbsp;<\/p>\n<p><img loading=\"lazy\" decoding=\"async\" class=\"alignnone size-full wp-image-6056\" src=\"https:\/\/blogsaverroes.juntadeandalucia.es\/gbellasartesmalagatest2\/files\/2020\/02\/seneca.png\" alt=\"\" width=\"1228\" height=\"647\" srcset=\"https:\/\/blogsaverroes.juntadeandalucia.es\/gbellasartesmalaga\/files\/2020\/02\/seneca.png 1228w, https:\/\/blogsaverroes.juntadeandalucia.es\/gbellasartesmalaga\/files\/2020\/02\/seneca-300x158.png 300w, https:\/\/blogsaverroes.juntadeandalucia.es\/gbellasartesmalaga\/files\/2020\/02\/seneca-768x405.png 768w, https:\/\/blogsaverroes.juntadeandalucia.es\/gbellasartesmalaga\/files\/2020\/02\/seneca-1024x540.png 1024w, https:\/\/blogsaverroes.juntadeandalucia.es\/gbellasartesmalaga\/files\/2020\/02\/seneca-24x13.png 24w, https:\/\/blogsaverroes.juntadeandalucia.es\/gbellasartesmalaga\/files\/2020\/02\/seneca-36x19.png 36w, https:\/\/blogsaverroes.juntadeandalucia.es\/gbellasartesmalaga\/files\/2020\/02\/seneca-48x25.png 48w\" sizes=\"(max-width: 1228px) 100vw, 1228px\" \/><\/p>\n","protected":false},"excerpt":{"rendered":"<p>Durante el mes de febrero, los programas para la innovaci\u00f3n educativa P2 como Vivir y sentir el patrimonio, deber\u00e1n realizar el S\u00e9neca el seguimiento del programa. Este tr\u00e1mite deber\u00e1 realizarlo la persona que coordina&#46;&#46;&#46;<\/p>\n","protected":false},"author":8061,"featured_media":6055,"comment_status":"open","ping_status":"open","sticky":false,"template":"","format":"standard","meta":{"ngg_post_thumbnail":0,"footnotes":""},"categories":[1],"tags":[],"aioseo_notices":[],"_links":{"self":[{"href":"https:\/\/blogsaverroes.juntadeandalucia.es\/gbellasartesmalaga\/wp-json\/wp\/v2\/posts\/6053"}],"collection":[{"href":"https:\/\/blogsaverroes.juntadeandalucia.es\/gbellasartesmalaga\/wp-json\/wp\/v2\/posts"}],"about":[{"href":"https:\/\/blogsaverroes.juntadeandalucia.es\/gbellasartesmalaga\/wp-json\/wp\/v2\/types\/post"}],"author":[{"embeddable":true,"href":"https:\/\/blogsaverroes.juntadeandalucia.es\/gbellasartesmalaga\/wp-json\/wp\/v2\/users\/8061"}],"replies":[{"embeddable":true,"href":"https:\/\/blogsaverroes.juntadeandalucia.es\/gbellasartesmalaga\/wp-json\/wp\/v2\/comments?post=6053"}],"version-history":[{"count":1,"href":"https:\/\/blogsaverroes.juntadeandalucia.es\/gbellasartesmalaga\/wp-json\/wp\/v2\/posts\/6053\/revisions"}],"predecessor-version":[{"id":6677,"href":"https:\/\/blogsaverroes.juntadeandalucia.es\/gbellasartesmalaga\/wp-json\/wp\/v2\/posts\/6053\/revisions\/6677"}],"wp:featuredmedia":[{"embeddable":true,"href":"https:\/\/blogsaverroes.juntadeandalucia.es\/gbellasartesmalaga\/wp-json\/wp\/v2\/media\/6055"}],"wp:attachment":[{"href":"https:\/\/blogsaverroes.juntadeandalucia.es\/gbellasartesmalaga\/wp-json\/wp\/v2\/media?parent=6053"}],"wp:term":[{"taxonomy":"category","embeddable":true,"href":"https:\/\/blogsaverroes.juntadeandalucia.es\/gbellasartesmalaga\/wp-json\/wp\/v2\/categories?post=6053"},{"taxonomy":"post_tag","embeddable":true,"href":"https:\/\/blogsaverroes.juntadeandalucia.es\/gbellasartesmalaga\/wp-json\/wp\/v2\/tags?post=6053"}],"curies":[{"name":"wp","href":"https:\/\/api.w.org\/{rel}","templated":true}]}}