{"id":8341,"date":"2020-07-24T10:55:11","date_gmt":"2020-07-24T08:55:11","guid":{"rendered":"https:\/\/blogsaverroes.juntadeandalucia.es\/gbellasartesmalaga\/?p=8341"},"modified":"2020-07-24T11:11:05","modified_gmt":"2020-07-24T09:11:05","slug":"alimentacion-y-cocina-de-epoca-estival-en-el-atlas-del-patrimonio-inmaterial-de-andalucia","status":"publish","type":"post","link":"https:\/\/blogsaverroes.juntadeandalucia.es\/gbellasartesmalaga\/2020\/07\/24\/alimentacion-y-cocina-de-epoca-estival-en-el-atlas-del-patrimonio-inmaterial-de-andalucia\/","title":{"rendered":"Alimentaci\u00f3n y cocina de \u00e9poca estival en el Atlas del Patrimonio Inmaterial de Andaluc\u00eda"},"content":{"rendered":"<p><img loading=\"lazy\" decoding=\"async\" class=\"aligncenter wp-image-8342 size-full\" src=\"https:\/\/blogsaverroes.juntadeandalucia.es\/gbellasartesmalaga\/files\/2020\/07\/Screenshot_2020-07-24-Facebook-e1595581783299.png\" alt=\"\" width=\"737\" height=\"451\" srcset=\"https:\/\/blogsaverroes.juntadeandalucia.es\/gbellasartesmalaga\/files\/2020\/07\/Screenshot_2020-07-24-Facebook-e1595581783299.png 737w, https:\/\/blogsaverroes.juntadeandalucia.es\/gbellasartesmalaga\/files\/2020\/07\/Screenshot_2020-07-24-Facebook-e1595581783299-300x184.png 300w, https:\/\/blogsaverroes.juntadeandalucia.es\/gbellasartesmalaga\/files\/2020\/07\/Screenshot_2020-07-24-Facebook-e1595581783299-24x15.png 24w, https:\/\/blogsaverroes.juntadeandalucia.es\/gbellasartesmalaga\/files\/2020\/07\/Screenshot_2020-07-24-Facebook-e1595581783299-36x22.png 36w, https:\/\/blogsaverroes.juntadeandalucia.es\/gbellasartesmalaga\/files\/2020\/07\/Screenshot_2020-07-24-Facebook-e1595581783299-48x29.png 48w\" sizes=\"(max-width: 737px) 100vw, 737px\" \/><\/p>\n<div class=\"o9v6fnle cxmmr5t8 oygrvhab hcukyx3x c1et5uql ii04i59q\">\n<div dir=\"auto\">Tradiciones y expresiones orales, rituales festivos, t\u00e9cnicas artesanales tradicionales&#8230; el patrimonio alimentario muestra todo un universo cultural fruto de la acci\u00f3n hist\u00f3rica continuada de grupos sociales.<\/div>\n<div dir=\"auto\">&nbsp;<\/div>\n<div dir=\"auto\">Uno de los \u00e1mbitos de estudio del Atlas del Patrimonio Inmaterial de Andaluc\u00eda son las pautas culinarias andaluzas ligadas a actividades productivas o festivas. En este ocasi\u00f3n queremos mostraros una selecci\u00f3n de las desarrolladas en \u00e9poca estival.<\/div>\n<\/div>\n<div class=\"o9v6fnle cxmmr5t8 oygrvhab hcukyx3x c1et5uql ii04i59q\">\n<h3>Gazpacho majao de Almonaster la Real (Huelva)<\/h3>\n<div dir=\"auto\"><a class=\"oajrlxb2 g5ia77u1 qu0x051f esr5mh6w e9989ue4 r7d6kgcz rq0escxv nhd2j8a9 nc684nl6 p7hjln8o kvgmc6g5 cxmmr5t8 oygrvhab hcukyx3x jb3vyjys rz4wbd8a qt6c0cv9 a8nywdso i1ao9s8h esuyzwwr f1sip0of lzcic4wl py34i1dx gpro0wi8\" role=\"link\" href=\"https:\/\/l.facebook.com\/l.php?u=https%3A%2F%2Fguiadigital.iaph.es%2Fbien%2Finmaterial%2F194229%2Fhuelva%2Falmonaster-la-real%2Felaboracion-del-gazpacho-majao%3Ffbclid%3DIwAR2b4pA1QcAGSTmYvT46gZ8nZDIH7dvh--qXzJd0o_-SjWeAJiPkn-yvCMI&amp;h=AT3Hr6XDKviat_j8eIpsdg99aRouHsWN2z2xjUJjV0kKQsNtrJRswMlbfo0KarWqxaYQFlVlVRNljG8idAsJq4HGAtPnStWXxmZH68a7oYMTvquKqpqCU-6GzTS2j7H5IzMT&amp;__tn__=-UK-R&amp;c[0]=AT2xqHxdHgzerOFsQh-StXVFrjLmpPxIrvemHnIEqfV4GBip6-WhfHmYWjxbl9rXM-prC0ACqrYlEv6mpzmURIRGMCKFc4WNrgM6YnYSufMATC4USdmYBjlWloB2TTUlo2uZEohjlpXapm4aacUbBYbV2XMQhlM6VgE5DSbAK6NDyijFXebkQ-S6uec\" target=\"_blank\" rel=\"nofollow noopener noreferrer\">https:\/\/guiadigital.iaph.es\/bien\/inmaterial\/194229\/huelva\/almonaster-la-real\/elaboracion-del-gazpacho-majao<\/a><\/div>\n<div dir=\"auto\">Desde hace unos a\u00f1os, en la aldea de Calabazares, el &#8220;gazpacho majao&#8221;, tambi\u00e9n conocido como &#8220;de verano&#8221;, es uno de los platos caracter\u00edsticos en la celebraci\u00f3n de la &#8220;matanza vegetal&#8221;, celebrada en el mes de agosto, \u00e9poca que coincide adem\u00e1s con la recogida de los tomates.<\/div>\n<\/div>\n<div class=\"o9v6fnle cxmmr5t8 oygrvhab hcukyx3x c1et5uql ii04i59q\">\n<h3>Elaboraci\u00f3n de pipirrana en Rioja (Almer\u00eda)<\/h3>\n<div dir=\"auto\"><a class=\"oajrlxb2 g5ia77u1 qu0x051f esr5mh6w e9989ue4 r7d6kgcz rq0escxv nhd2j8a9 nc684nl6 p7hjln8o kvgmc6g5 cxmmr5t8 oygrvhab hcukyx3x jb3vyjys rz4wbd8a qt6c0cv9 a8nywdso i1ao9s8h esuyzwwr f1sip0of lzcic4wl py34i1dx gpro0wi8\" role=\"link\" href=\"https:\/\/l.facebook.com\/l.php?u=https%3A%2F%2Fguiadigital.iaph.es%2Fbien%2Finmaterial%2F235695%2Falmeria%2Frioja%2Felaboracion-de-pipirrana%3Ffbclid%3DIwAR2a6L-W5_gdr6qcSpHe-XQ24F8fSg1J7r-VPD8Wb7ge5LhotuwMya8Dog4&amp;h=AT1weLVEgliTrpxWo2SGZwAoCFTQX29HHDFE6Qjlj-2uopWlfykm4A0P3PNpH6QG8bHGd9kNE4njvo_Bribrq9RVhTz9UGORESxwgnItQt8LOcEp2DiAaUzpdSuoxUe-1iXh&amp;__tn__=-UK-R&amp;c[0]=AT2xqHxdHgzerOFsQh-StXVFrjLmpPxIrvemHnIEqfV4GBip6-WhfHmYWjxbl9rXM-prC0ACqrYlEv6mpzmURIRGMCKFc4WNrgM6YnYSufMATC4USdmYBjlWloB2TTUlo2uZEohjlpXapm4aacUbBYbV2XMQhlM6VgE5DSbAK6NDyijFXebkQ-S6uec\" target=\"_blank\" rel=\"nofollow noopener noreferrer\">https:\/\/guiadigital.iaph.es\/bien\/inmaterial\/235695\/almeria\/rioja\/elaboracion-de-pipirrana<\/a><\/div>\n<div dir=\"auto\">La pipirrana es un plato que forma parte de la gastronom\u00eda tradicional del Bajo Andarax. Tomates y pimientos secos son los ingredientes b\u00e1sicos para la elaboraci\u00f3n de esta ensalada, junto a bacalao seco o fresco, huevos, aceitunas, cebolla, aceite y sal.<\/div>\n<\/div>\n<div class=\"o9v6fnle cxmmr5t8 oygrvhab hcukyx3x c1et5uql ii04i59q\">\n<h3>Guiso marinero en Punta Umbr\u00eda (Huelva)<\/h3>\n<div dir=\"auto\"><a class=\"oajrlxb2 g5ia77u1 qu0x051f esr5mh6w e9989ue4 r7d6kgcz rq0escxv nhd2j8a9 nc684nl6 p7hjln8o kvgmc6g5 cxmmr5t8 oygrvhab hcukyx3x jb3vyjys rz4wbd8a qt6c0cv9 a8nywdso i1ao9s8h esuyzwwr f1sip0of lzcic4wl py34i1dx gpro0wi8\" role=\"link\" href=\"https:\/\/l.facebook.com\/l.php?u=https%3A%2F%2Fguiadigital.iaph.es%2Fbien%2Finmaterial%2F237786%2Fhuelva%2Fpunta-umbria%2Fguiso-marinero%3Ffbclid%3DIwAR2fBsWZmY_AhVKq4eUn-1JPe_ikMK-h2PV9s71yE-sTI_HeP2t7lksQmBU&amp;h=AT3lXw2yEyHGMyfa4TtpS3Gm3LmtIcSTWGhSKelDrA-ZCbd9z96xhisWkxCvRfULku76-er3HuuFVSBVpnKn0F7Q2KPpKHI4oWW878D7eHNA3CtppxSmVmjtZFht9EFfdAcy&amp;__tn__=-UK-R&amp;c[0]=AT2xqHxdHgzerOFsQh-StXVFrjLmpPxIrvemHnIEqfV4GBip6-WhfHmYWjxbl9rXM-prC0ACqrYlEv6mpzmURIRGMCKFc4WNrgM6YnYSufMATC4USdmYBjlWloB2TTUlo2uZEohjlpXapm4aacUbBYbV2XMQhlM6VgE5DSbAK6NDyijFXebkQ-S6uec\" target=\"_blank\" rel=\"nofollow noopener noreferrer\">https:\/\/guiadigital.iaph.es\/bien\/inmaterial\/237786\/huelva\/punta-umbria\/guiso-marinero<\/a><\/div>\n<div dir=\"auto\">Desde la fundaci\u00f3n de la localidad a finales del siglo XIX por familias marineras que habitaban en chozas, la base de la alimentaci\u00f3n tradicional en los hogares ha sido los guisos marineros que se compon\u00edan, entre otros ingredientes, de pescados, mariscos y, sobre todo, chocos.<\/div>\n<\/div>\n<div class=\"o9v6fnle cxmmr5t8 oygrvhab hcukyx3x c1et5uql ii04i59q\">\n<h3>Arranque rote\u00f1o en Rota (C\u00e1diz)<\/h3>\n<div dir=\"auto\"><a class=\"oajrlxb2 g5ia77u1 qu0x051f esr5mh6w e9989ue4 r7d6kgcz rq0escxv nhd2j8a9 nc684nl6 p7hjln8o kvgmc6g5 cxmmr5t8 oygrvhab hcukyx3x jb3vyjys rz4wbd8a qt6c0cv9 a8nywdso i1ao9s8h esuyzwwr f1sip0of lzcic4wl py34i1dx gpro0wi8\" role=\"link\" href=\"https:\/\/l.facebook.com\/l.php?u=https%3A%2F%2Fguiadigital.iaph.es%2Fbien%2Finmaterial%2F194747%2Fcadiz%2Fjerez-de-la-frontera%2Felaboracion-del-arranque-roteno%3Ffbclid%3DIwAR39-K2RdQYHTg5fFPHCKJINcAK3gYBtYSLodp7qc2YG0m5iHpBg_OabxqY&amp;h=AT0i2wewvh3QM19GJUgXDcfCKNkYo3TRyR-dNVlJujo182uS3GExT0UrxS0d0j-6NoCsF9T87ed8EPdsQfKP-NSiapN10aGByTmvmXfG2KG65GDwYdwWAYQs57qG7uT5Kdpl&amp;__tn__=-UK-R&amp;c[0]=AT2xqHxdHgzerOFsQh-StXVFrjLmpPxIrvemHnIEqfV4GBip6-WhfHmYWjxbl9rXM-prC0ACqrYlEv6mpzmURIRGMCKFc4WNrgM6YnYSufMATC4USdmYBjlWloB2TTUlo2uZEohjlpXapm4aacUbBYbV2XMQhlM6VgE5DSbAK6NDyijFXebkQ-S6uec\" target=\"_blank\" rel=\"nofollow noopener noreferrer\">https:\/\/guiadigital.iaph.es\/bien\/inmaterial\/194747\/cadiz\/jerez-de-la-frontera\/elaboracion-del-arranque-roteno<\/a><\/div>\n<div dir=\"auto\">Se trata de un plato elaborado con pan, una sopa fr\u00eda que est\u00e1 a medio camino entre el gazpacho y el ajo caliente.<\/div>\n<\/div>\n<div class=\"o9v6fnle cxmmr5t8 oygrvhab hcukyx3x c1et5uql ii04i59q\">\n<h3>Elaboraci\u00f3n de ajoblanco en Almachar (M\u00e1laga)<\/h3>\n<div dir=\"auto\"><a class=\"oajrlxb2 g5ia77u1 qu0x051f esr5mh6w e9989ue4 r7d6kgcz rq0escxv nhd2j8a9 nc684nl6 p7hjln8o kvgmc6g5 cxmmr5t8 oygrvhab hcukyx3x jb3vyjys rz4wbd8a qt6c0cv9 a8nywdso i1ao9s8h esuyzwwr f1sip0of lzcic4wl py34i1dx gpro0wi8\" role=\"link\" href=\"https:\/\/l.facebook.com\/l.php?u=https%3A%2F%2Fguiadigital.iaph.es%2Fbien%2Finmaterial%2F216270%2Fmalaga%2Falmachar%2Felaboracion-de-ajoblanco%3Ffbclid%3DIwAR05WCZBuW2XCr4DqsaB3wodp321D34UyjR2ANaV4vz41UhM6ZffQUffwbw&amp;h=AT0Fx8rWKEsupNYsLo35fprB6QxqGoQWG_fuWwJ-HyCCDPk_mI8hqSvp64sKNtK7pkcWIYjNG_hieGWbpUuUVrIAvMYNTp_8tHF8ity2Rji1wvon0c003P8XlNIeC2hAR0YI&amp;__tn__=-UK-R&amp;c[0]=AT2xqHxdHgzerOFsQh-StXVFrjLmpPxIrvemHnIEqfV4GBip6-WhfHmYWjxbl9rXM-prC0ACqrYlEv6mpzmURIRGMCKFc4WNrgM6YnYSufMATC4USdmYBjlWloB2TTUlo2uZEohjlpXapm4aacUbBYbV2XMQhlM6VgE5DSbAK6NDyijFXebkQ-S6uec\" target=\"_blank\" rel=\"nofollow noopener noreferrer\">https:\/\/guiadigital.iaph.es\/bien\/inmaterial\/216270\/malaga\/almachar\/elaboracion-de-ajoblanco<\/a><\/div>\n<div dir=\"auto\">Sopa fr\u00eda, a base de ajo, almendra y pan, que principalmente se consume a partir de finales de verano, cuando se empiezan a recoger las primeras almendras en el campo. Tradicionalmente se ha consumido como refresco durante la jornada laboral en el campo, permitiendo su aporte cal\u00f3rico aguantar hasta el final de la jornada. Se acompa\u00f1a con uva.<\/div>\n<\/div>\n<div class=\"o9v6fnle cxmmr5t8 oygrvhab hcukyx3x c1et5uql ii04i59q\">\n<h3>Elaboraci\u00f3n de espeto de sardinas en M\u00e1laga<\/h3>\n<div dir=\"auto\"><a class=\"oajrlxb2 g5ia77u1 qu0x051f esr5mh6w e9989ue4 r7d6kgcz rq0escxv nhd2j8a9 nc684nl6 p7hjln8o kvgmc6g5 cxmmr5t8 oygrvhab hcukyx3x jb3vyjys rz4wbd8a qt6c0cv9 a8nywdso i1ao9s8h esuyzwwr f1sip0of lzcic4wl py34i1dx gpro0wi8\" role=\"link\" href=\"https:\/\/l.facebook.com\/l.php?u=https%3A%2F%2Fguiadigital.iaph.es%2Fbien%2Finmaterial%2F216290%2Fmalaga%2Fvelez-malaga%2Felaboracion-del-espeto-de-sardinas%3Ffbclid%3DIwAR0wikJeJFjfM2kgal_t1xb8ZzXrNIIaV9Rj7lLmcZ7CWsOYW961i7Tnk9I&amp;h=AT25UKTmNAIBNPEJXr5WAdiPTM50YLqQ2R5m8H3MtR_OCmCbdVEE06WObFozHDZB9pagp0Cmb6DHek6dmjMEpS5pMs17eYf4cwXd4EjsQIe3uZeQWESiSiJAHCzXFHKYWN52&amp;__tn__=-UK-R&amp;c[0]=AT2xqHxdHgzerOFsQh-StXVFrjLmpPxIrvemHnIEqfV4GBip6-WhfHmYWjxbl9rXM-prC0ACqrYlEv6mpzmURIRGMCKFc4WNrgM6YnYSufMATC4USdmYBjlWloB2TTUlo2uZEohjlpXapm4aacUbBYbV2XMQhlM6VgE5DSbAK6NDyijFXebkQ-S6uec\" target=\"_blank\" rel=\"nofollow noopener noreferrer\">https:\/\/guiadigital.iaph.es\/bien\/inmaterial\/216290\/malaga\/velez-malaga\/elaboracion-del-espeto-de-sardinas<\/a><\/div>\n<div dir=\"auto\">El espeto es un plato emblem\u00e1tico de la cocina malague\u00f1a y consiste en ensartar sardinas, en finas y largas ca\u00f1as y asarlas con le\u00f1a en la arena de la playa. En M\u00e1laga se denomina hacer una &#8220;moraga&#8221;, a la pr\u00e1ctica de asar sardinas espetadas a la intemperie, al aire libre y a cielo abierto, que se clavan sobre un bancal de arena de tal modo que el pescado reciba el calor de las ascuas pero no el humo, y las ca\u00f1as no se quemen al avivarse el fuego.<\/div>\n<\/div>\n<div class=\"o9v6fnle cxmmr5t8 oygrvhab hcukyx3x c1et5uql ii04i59q\">\n<h3>Salmorejo cordob\u00e9s<\/h3>\n<div dir=\"auto\"><a class=\"oajrlxb2 g5ia77u1 qu0x051f esr5mh6w e9989ue4 r7d6kgcz rq0escxv nhd2j8a9 nc684nl6 p7hjln8o kvgmc6g5 cxmmr5t8 oygrvhab hcukyx3x jb3vyjys rz4wbd8a qt6c0cv9 a8nywdso i1ao9s8h esuyzwwr f1sip0of lzcic4wl py34i1dx gpro0wi8\" role=\"link\" href=\"https:\/\/l.facebook.com\/l.php?u=https%3A%2F%2Fguiadigital.iaph.es%2Fbien%2Finmaterial%2F254044%2Fcordoba%2Fcordoba%2Fsalmorejo-cordobes%3Ffbclid%3DIwAR1vNr_pbTvzFSqQZO4eqvDnygHhhyCjyUDtPbZZHRfwSZhHmOPUqH01-Jk&amp;h=AT2WhN7reN8acS3JuOxHUNRfjIGXMkbuqj7nD5RYOqRJkPrBPIWi1ZdFOZNpPvGc3fUNXFJN2ZxnO9jLuZPZYS74PVcoBVIxKzwI6zGj6FHKdpQ6121wAPL4GMe7bBkvVQxk&amp;__tn__=-UK-R&amp;c[0]=AT2xqHxdHgzerOFsQh-StXVFrjLmpPxIrvemHnIEqfV4GBip6-WhfHmYWjxbl9rXM-prC0ACqrYlEv6mpzmURIRGMCKFc4WNrgM6YnYSufMATC4USdmYBjlWloB2TTUlo2uZEohjlpXapm4aacUbBYbV2XMQhlM6VgE5DSbAK6NDyijFXebkQ-S6uec\" target=\"_blank\" rel=\"nofollow noopener noreferrer\">https:\/\/guiadigital.iaph.es\/bien\/inmaterial\/254044\/cordoba\/cordoba\/salmorejo-cordobes<\/a><\/div>\n<div dir=\"auto\">El salmorejo cordob\u00e9s es un plato que forma parte de la dieta cotidiana de la provincia y por extensi\u00f3n, con modificaciones, de toda Andaluc\u00eda. Es un tipo de crema fr\u00eda altamente nutritiva y adaptada a las necesidades del periodo anual en el que se consume preferentemente: el verano. Su protagonismo en la alimentaci\u00f3n cordobesa y andaluza es tal que se ha convertido en un elemento clave de la alimentaci\u00f3n andaluza y, por tanto, mediterr\u00e1nea.<\/div>\n<div dir=\"auto\">&nbsp;<\/div>\n<\/div>\n<div class=\"o9v6fnle cxmmr5t8 oygrvhab hcukyx3x c1et5uql ii04i59q\">\n<div dir=\"auto\"><a class=\"oajrlxb2 g5ia77u1 qu0x051f esr5mh6w e9989ue4 r7d6kgcz rq0escxv nhd2j8a9 nc684nl6 p7hjln8o kvgmc6g5 cxmmr5t8 oygrvhab hcukyx3x jb3vyjys rz4wbd8a qt6c0cv9 a8nywdso i1ao9s8h esuyzwwr f1sip0of lzcic4wl oo9gr5id gpro0wi8 lrazzd5p\" role=\"link\" href=\"https:\/\/www.facebook.com\/hashtag\/iaph?__eep__=6&amp;__cft__[0]=AZWVieCXvvljM53G_XUHt9oZ4gJU0axPpM3g9WU8OQoF23YeP21uq-C_25LMaFHzbQzHxGOnRI0l2xHnasrtTRbcjJlcGsJ9ZycsS8rNqP_cwEBYCTINxnLbRNW1tKzhBCCju4tE9vnKVVn7pni_Gjl7dR1MA3R2pGoEcKsuGRoVOA&amp;__tn__=*NK-R\">#IAPH<\/a> <a class=\"oajrlxb2 g5ia77u1 qu0x051f esr5mh6w e9989ue4 r7d6kgcz rq0escxv nhd2j8a9 nc684nl6 p7hjln8o kvgmc6g5 cxmmr5t8 oygrvhab hcukyx3x jb3vyjys rz4wbd8a qt6c0cv9 a8nywdso i1ao9s8h esuyzwwr f1sip0of lzcic4wl oo9gr5id gpro0wi8 lrazzd5p\" role=\"link\" href=\"https:\/\/www.facebook.com\/hashtag\/culturaand?__eep__=6&amp;__cft__[0]=AZWVieCXvvljM53G_XUHt9oZ4gJU0axPpM3g9WU8OQoF23YeP21uq-C_25LMaFHzbQzHxGOnRI0l2xHnasrtTRbcjJlcGsJ9ZycsS8rNqP_cwEBYCTINxnLbRNW1tKzhBCCju4tE9vnKVVn7pni_Gjl7dR1MA3R2pGoEcKsuGRoVOA&amp;__tn__=*NK-R\">#CulturaAND<\/a><\/div>\n<div dir=\"auto\">\n<p>Consejer\u00eda de Cultura y Patrimonio Hist\u00f3rico<\/p>\n<div class=\"nc684nl6\">Consejer\u00eda de Cultura &#8211; Junta de Andaluc\u00eda<\/div>\n<div>&nbsp;<\/div>\n<div>\n\n\t\t<style>\n\t\t\t#gallery-1 {\n\t\t\t\tmargin: auto;\n\t\t\t}\n\t\t\t#gallery-1 .gallery-item {\n\t\t\t\tfloat: left;\n\t\t\t\tmargin-top: 10px;\n\t\t\t\ttext-align: center;\n\t\t\t\twidth: 33%;\n\t\t\t}\n\t\t\t#gallery-1 img {\n\t\t\t\tborder: 2px solid #cfcfcf;\n\t\t\t}\n\t\t\t#gallery-1 .gallery-caption {\n\t\t\t\tmargin-left: 0;\n\t\t\t}\n\t\t\t\/* see gallery_shortcode() in wp-includes\/media.php *\/\n\t\t<\/style>\n\t\t<div id='gallery-1' class='gallery galleryid-8341 gallery-columns-3 gallery-size-thumbnail'><dl class='gallery-item'>\n\t\t\t<dt class='gallery-icon landscape'>\n\t\t\t\t<a href='https:\/\/blogsaverroes.juntadeandalucia.es\/gbellasartesmalaga\/2020\/07\/24\/alimentacion-y-cocina-de-epoca-estival-en-el-atlas-del-patrimonio-inmaterial-de-andalucia\/110340455_10158128581277771_5681016679837058205_n\/'><img loading=\"lazy\" decoding=\"async\" width=\"150\" height=\"150\" src=\"https:\/\/blogsaverroes.juntadeandalucia.es\/gbellasartesmalaga\/files\/2020\/07\/110340455_10158128581277771_5681016679837058205_n-150x150.jpg\" class=\"attachment-thumbnail size-thumbnail\" alt=\"\" srcset=\"https:\/\/blogsaverroes.juntadeandalucia.es\/gbellasartesmalaga\/files\/2020\/07\/110340455_10158128581277771_5681016679837058205_n-150x150.jpg 150w, https:\/\/blogsaverroes.juntadeandalucia.es\/gbellasartesmalaga\/files\/2020\/07\/110340455_10158128581277771_5681016679837058205_n-100x100.jpg 100w, https:\/\/blogsaverroes.juntadeandalucia.es\/gbellasartesmalaga\/files\/2020\/07\/110340455_10158128581277771_5681016679837058205_n-160x160.jpg 160w, https:\/\/blogsaverroes.juntadeandalucia.es\/gbellasartesmalaga\/files\/2020\/07\/110340455_10158128581277771_5681016679837058205_n-320x320.jpg 320w\" sizes=\"(max-width: 150px) 100vw, 150px\" \/><\/a>\n\t\t\t<\/dt><\/dl><dl class='gallery-item'>\n\t\t\t<dt class='gallery-icon landscape'>\n\t\t\t\t<a href='https:\/\/blogsaverroes.juntadeandalucia.es\/gbellasartesmalaga\/2020\/07\/24\/alimentacion-y-cocina-de-epoca-estival-en-el-atlas-del-patrimonio-inmaterial-de-andalucia\/109686682_10158128581202771_823138718537053543_n\/'><img loading=\"lazy\" decoding=\"async\" width=\"150\" height=\"150\" src=\"https:\/\/blogsaverroes.juntadeandalucia.es\/gbellasartesmalaga\/files\/2020\/07\/109686682_10158128581202771_823138718537053543_n-150x150.jpg\" class=\"attachment-thumbnail size-thumbnail\" alt=\"\" srcset=\"https:\/\/blogsaverroes.juntadeandalucia.es\/gbellasartesmalaga\/files\/2020\/07\/109686682_10158128581202771_823138718537053543_n-150x150.jpg 150w, https:\/\/blogsaverroes.juntadeandalucia.es\/gbellasartesmalaga\/files\/2020\/07\/109686682_10158128581202771_823138718537053543_n-100x100.jpg 100w, https:\/\/blogsaverroes.juntadeandalucia.es\/gbellasartesmalaga\/files\/2020\/07\/109686682_10158128581202771_823138718537053543_n-160x160.jpg 160w, https:\/\/blogsaverroes.juntadeandalucia.es\/gbellasartesmalaga\/files\/2020\/07\/109686682_10158128581202771_823138718537053543_n-320x320.jpg 320w\" sizes=\"(max-width: 150px) 100vw, 150px\" \/><\/a>\n\t\t\t<\/dt><\/dl><dl class='gallery-item'>\n\t\t\t<dt class='gallery-icon landscape'>\n\t\t\t\t<a href='https:\/\/blogsaverroes.juntadeandalucia.es\/gbellasartesmalaga\/2020\/07\/24\/alimentacion-y-cocina-de-epoca-estival-en-el-atlas-del-patrimonio-inmaterial-de-andalucia\/108964233_10158128581197771_8235350638862432276_n\/'><img loading=\"lazy\" decoding=\"async\" width=\"150\" height=\"150\" src=\"https:\/\/blogsaverroes.juntadeandalucia.es\/gbellasartesmalaga\/files\/2020\/07\/108964233_10158128581197771_8235350638862432276_n-150x150.jpg\" class=\"attachment-thumbnail size-thumbnail\" alt=\"\" srcset=\"https:\/\/blogsaverroes.juntadeandalucia.es\/gbellasartesmalaga\/files\/2020\/07\/108964233_10158128581197771_8235350638862432276_n-150x150.jpg 150w, https:\/\/blogsaverroes.juntadeandalucia.es\/gbellasartesmalaga\/files\/2020\/07\/108964233_10158128581197771_8235350638862432276_n-100x100.jpg 100w, https:\/\/blogsaverroes.juntadeandalucia.es\/gbellasartesmalaga\/files\/2020\/07\/108964233_10158128581197771_8235350638862432276_n-160x160.jpg 160w, https:\/\/blogsaverroes.juntadeandalucia.es\/gbellasartesmalaga\/files\/2020\/07\/108964233_10158128581197771_8235350638862432276_n-320x320.jpg 320w\" sizes=\"(max-width: 150px) 100vw, 150px\" \/><\/a>\n\t\t\t<\/dt><\/dl><br style=\"clear: both\" \/>\n\t\t<\/div>\n\n<\/div>\n<\/div>\n<\/div>\n<p>&nbsp;<\/p>\n","protected":false},"excerpt":{"rendered":"<p>Tradiciones y expresiones orales, rituales festivos, t\u00e9cnicas artesanales tradicionales&#8230; el patrimonio alimentario muestra todo un universo cultural fruto de la acci\u00f3n hist\u00f3rica continuada de grupos sociales. &nbsp; Uno de los \u00e1mbitos de estudio del&#46;&#46;&#46;<\/p>\n","protected":false},"author":8061,"featured_media":8342,"comment_status":"open","ping_status":"open","sticky":false,"template":"","format":"standard","meta":{"ngg_post_thumbnail":0,"footnotes":""},"categories":[12],"tags":[],"aioseo_notices":[],"_links":{"self":[{"href":"https:\/\/blogsaverroes.juntadeandalucia.es\/gbellasartesmalaga\/wp-json\/wp\/v2\/posts\/8341"}],"collection":[{"href":"https:\/\/blogsaverroes.juntadeandalucia.es\/gbellasartesmalaga\/wp-json\/wp\/v2\/posts"}],"about":[{"href":"https:\/\/blogsaverroes.juntadeandalucia.es\/gbellasartesmalaga\/wp-json\/wp\/v2\/types\/post"}],"author":[{"embeddable":true,"href":"https:\/\/blogsaverroes.juntadeandalucia.es\/gbellasartesmalaga\/wp-json\/wp\/v2\/users\/8061"}],"replies":[{"embeddable":true,"href":"https:\/\/blogsaverroes.juntadeandalucia.es\/gbellasartesmalaga\/wp-json\/wp\/v2\/comments?post=8341"}],"version-history":[{"count":4,"href":"https:\/\/blogsaverroes.juntadeandalucia.es\/gbellasartesmalaga\/wp-json\/wp\/v2\/posts\/8341\/revisions"}],"predecessor-version":[{"id":8349,"href":"https:\/\/blogsaverroes.juntadeandalucia.es\/gbellasartesmalaga\/wp-json\/wp\/v2\/posts\/8341\/revisions\/8349"}],"wp:featuredmedia":[{"embeddable":true,"href":"https:\/\/blogsaverroes.juntadeandalucia.es\/gbellasartesmalaga\/wp-json\/wp\/v2\/media\/8342"}],"wp:attachment":[{"href":"https:\/\/blogsaverroes.juntadeandalucia.es\/gbellasartesmalaga\/wp-json\/wp\/v2\/media?parent=8341"}],"wp:term":[{"taxonomy":"category","embeddable":true,"href":"https:\/\/blogsaverroes.juntadeandalucia.es\/gbellasartesmalaga\/wp-json\/wp\/v2\/categories?post=8341"},{"taxonomy":"post_tag","embeddable":true,"href":"https:\/\/blogsaverroes.juntadeandalucia.es\/gbellasartesmalaga\/wp-json\/wp\/v2\/tags?post=8341"}],"curies":[{"name":"wp","href":"https:\/\/api.w.org\/{rel}","templated":true}]}}