{"id":9367,"date":"2021-04-22T09:28:41","date_gmt":"2021-04-22T07:28:41","guid":{"rendered":"https:\/\/blogsaverroes.juntadeandalucia.es\/gbellasartesmalaga\/?p=9367"},"modified":"2021-04-22T09:44:41","modified_gmt":"2021-04-22T07:44:41","slug":"museo-flamenco-playmobil-por-el-ies-concha-mendez-cuesta","status":"publish","type":"post","link":"https:\/\/blogsaverroes.juntadeandalucia.es\/gbellasartesmalaga\/2021\/04\/22\/museo-flamenco-playmobil-por-el-ies-concha-mendez-cuesta\/","title":{"rendered":"Museo Flamenco Playmobil, por el IES Concha M\u00e9ndez Cuesta"},"content":{"rendered":"<p><img loading=\"lazy\" decoding=\"async\" class=\"aligncenter size-large wp-image-9368\" src=\"https:\/\/blogsaverroes.juntadeandalucia.es\/gbellasartesmalaga\/files\/2021\/04\/Screenshot_2021-04-22-Proyecto-Museo-Flamenco-Playmobil-1024x580.png\" alt=\"\" width=\"1024\" height=\"580\" srcset=\"https:\/\/blogsaverroes.juntadeandalucia.es\/gbellasartesmalaga\/files\/2021\/04\/Screenshot_2021-04-22-Proyecto-Museo-Flamenco-Playmobil-1024x580.png 1024w, https:\/\/blogsaverroes.juntadeandalucia.es\/gbellasartesmalaga\/files\/2021\/04\/Screenshot_2021-04-22-Proyecto-Museo-Flamenco-Playmobil-300x170.png 300w, https:\/\/blogsaverroes.juntadeandalucia.es\/gbellasartesmalaga\/files\/2021\/04\/Screenshot_2021-04-22-Proyecto-Museo-Flamenco-Playmobil-150x85.png 150w, https:\/\/blogsaverroes.juntadeandalucia.es\/gbellasartesmalaga\/files\/2021\/04\/Screenshot_2021-04-22-Proyecto-Museo-Flamenco-Playmobil-768x435.png 768w, https:\/\/blogsaverroes.juntadeandalucia.es\/gbellasartesmalaga\/files\/2021\/04\/Screenshot_2021-04-22-Proyecto-Museo-Flamenco-Playmobil.png 1278w\" sizes=\"(max-width: 1024px) 100vw, 1024px\" \/><\/p>\n<p><span class=\"css-901oao css-16my406 r-poiln3 r-bcqeeo r-qvutc0\">El <strong>IES \u2018Concha M\u00e9ndez Cuesta<\/strong>\u2019 de Torremolinos (M\u00e1laga) organiza el proyecto \u00ab<strong>Museo Flamenco Playmobil<\/strong>\u00bb, en el marco del Programa <\/span><span class=\"r-18u37iz\">Vivir y Sentir el Patrimonio,&nbsp;<\/span><span class=\"css-901oao css-16my406 r-poiln3 r-bcqeeo r-qvutc0\"> integrando el Flamenco de forma curricular en las diversas materias y niveles del Centro.&nbsp; <\/span><span class=\"css-901oao css-16my406 r-poiln3 r-bcqeeo r-qvutc0\">Esta original propuesta parte del coordinador del programa y profesor de m\u00fasica del centro, <strong>Manuel Salazar,<\/strong> que es adem\u00e1s miembro del Equipo de Coordinaci\u00f3n Pegag\u00f3gica del programa Patrimonio por la provincia de M\u00e1laga.<br \/>\n<\/span><\/p>\n<p class=\"font_7\"><span class=\"color_19\">En este proyecto participa el alumnado de 1\u00ba y 4\u00ba ESO,&nbsp; sobre contenidos&nbsp; de M\u00fasica, EPVA, Lengua, Franc\u00e9s, Ingl\u00e9s y Tecnolog\u00eda de una forma diferente y divertida. <\/span><\/p>\n<p class=\"font_7\"><span class=\"color_19\">La tarea consiste en crear <\/span><span class=\"color_19\">un v\u00eddeo utilizando la t\u00e9cnica de stop motion donde&nbsp; se cuente algo de la vida de un artista flamenco y las caracter\u00edsticas e historia del instrumento que toca. <\/span>Para ello, el alumando cuenta con una serie de recursos y materiales que podr\u00e1 utilizar y que se encuetra a disposici\u00f3n en una web creada para ello, que compartimos para todos aquellos centros que est\u00e9n interesados en poner tambi\u00e9n en pr\u00e1ctica esta iniciativa.<\/p>\n<p style=\"text-align: center\"><a href=\"https:\/\/loloprofedemusica.wixsite.com\/musica\/playmobil-proyecto\"><span style=\"font-size: 18pt\">https:\/\/loloprofedemusica.wixsite.com\/musica\/playmobil-proyecto<\/span><\/a><\/p>\n<p>&nbsp;<\/p>\n<p class=\"font_7\" style=\"text-align: center\"><span class=\"wixGuard\"><iframe loading=\"lazy\" src=\"https:\/\/www.youtube.com\/embed\/pGV-tF9wTw4\" width=\"560\" height=\"315\" frameborder=\"0\"><\/iframe>&nbsp;<\/span><\/p>\n<p>&nbsp;<\/p>\n<p>&nbsp;<\/p>\n<p class=\"font_7\">&nbsp;<\/p>\n<p>&nbsp;<\/p>\n","protected":false},"excerpt":{"rendered":"<p>El IES \u2018Concha M\u00e9ndez Cuesta\u2019 de Torremolinos (M\u00e1laga) organiza el proyecto \u00abMuseo Flamenco Playmobil\u00bb, en el marco del Programa Vivir y Sentir el Patrimonio,&nbsp; integrando el Flamenco de forma curricular en las diversas materias&#46;&#46;&#46;<\/p>\n","protected":false},"author":8061,"featured_media":9368,"comment_status":"open","ping_status":"open","sticky":false,"template":"","format":"standard","meta":{"ngg_post_thumbnail":0,"footnotes":""},"categories":[2,11,12],"tags":[],"aioseo_notices":[],"_links":{"self":[{"href":"https:\/\/blogsaverroes.juntadeandalucia.es\/gbellasartesmalaga\/wp-json\/wp\/v2\/posts\/9367"}],"collection":[{"href":"https:\/\/blogsaverroes.juntadeandalucia.es\/gbellasartesmalaga\/wp-json\/wp\/v2\/posts"}],"about":[{"href":"https:\/\/blogsaverroes.juntadeandalucia.es\/gbellasartesmalaga\/wp-json\/wp\/v2\/types\/post"}],"author":[{"embeddable":true,"href":"https:\/\/blogsaverroes.juntadeandalucia.es\/gbellasartesmalaga\/wp-json\/wp\/v2\/users\/8061"}],"replies":[{"embeddable":true,"href":"https:\/\/blogsaverroes.juntadeandalucia.es\/gbellasartesmalaga\/wp-json\/wp\/v2\/comments?post=9367"}],"version-history":[{"count":2,"href":"https:\/\/blogsaverroes.juntadeandalucia.es\/gbellasartesmalaga\/wp-json\/wp\/v2\/posts\/9367\/revisions"}],"predecessor-version":[{"id":9370,"href":"https:\/\/blogsaverroes.juntadeandalucia.es\/gbellasartesmalaga\/wp-json\/wp\/v2\/posts\/9367\/revisions\/9370"}],"wp:featuredmedia":[{"embeddable":true,"href":"https:\/\/blogsaverroes.juntadeandalucia.es\/gbellasartesmalaga\/wp-json\/wp\/v2\/media\/9368"}],"wp:attachment":[{"href":"https:\/\/blogsaverroes.juntadeandalucia.es\/gbellasartesmalaga\/wp-json\/wp\/v2\/media?parent=9367"}],"wp:term":[{"taxonomy":"category","embeddable":true,"href":"https:\/\/blogsaverroes.juntadeandalucia.es\/gbellasartesmalaga\/wp-json\/wp\/v2\/categories?post=9367"},{"taxonomy":"post_tag","embeddable":true,"href":"https:\/\/blogsaverroes.juntadeandalucia.es\/gbellasartesmalaga\/wp-json\/wp\/v2\/tags?post=9367"}],"curies":[{"name":"wp","href":"https:\/\/api.w.org\/{rel}","templated":true}]}}