{"id":9951,"date":"2021-10-21T08:53:11","date_gmt":"2021-10-21T06:53:11","guid":{"rendered":"https:\/\/blogsaverroes.juntadeandalucia.es\/gbellasartesmalaga\/?p=9951"},"modified":"2021-10-21T08:53:11","modified_gmt":"2021-10-21T06:53:11","slug":"concurso-tech-talent-malaga-2021","status":"publish","type":"post","link":"https:\/\/blogsaverroes.juntadeandalucia.es\/gbellasartesmalaga\/2021\/10\/21\/concurso-tech-talent-malaga-2021\/","title":{"rendered":"Concurso Tech Talent M\u00e1laga 2021"},"content":{"rendered":"<p><img loading=\"lazy\" decoding=\"async\" class=\"aligncenter size-full wp-image-9952\" src=\"https:\/\/blogsaverroes.juntadeandalucia.es\/gbellasartesmalaga\/files\/2021\/10\/32_WEB-660x330-1.png\" alt=\"\" width=\"660\" height=\"330\" srcset=\"https:\/\/blogsaverroes.juntadeandalucia.es\/gbellasartesmalaga\/files\/2021\/10\/32_WEB-660x330-1.png 660w, https:\/\/blogsaverroes.juntadeandalucia.es\/gbellasartesmalaga\/files\/2021\/10\/32_WEB-660x330-1-300x150.png 300w, https:\/\/blogsaverroes.juntadeandalucia.es\/gbellasartesmalaga\/files\/2021\/10\/32_WEB-660x330-1-150x75.png 150w\" sizes=\"(max-width: 660px) 100vw, 660px\" \/><\/p>\n<p class=\"has-text-align-justify\"><strong>Concurso<\/strong> basado en propuestas de soluciones cient\u00edficas y tecnol\u00f3gicas innovadoras para solventar problemas del presente y futuro, con el fin de promover un desarrollo sostenible en el marco de la Agenda 2030 de las Naciones Unidas y desarrollado por el Centro de Ciencia Principia y la Escuela T\u00e9cnica Superior de Ingenier\u00eda de Telecomunicaci\u00f3n, y subvencionado por el Ayuntamiento de M\u00e1laga.<\/p>\n<p class=\"has-text-align-justify\"><strong>El objetivo<\/strong> <strong>del concurso<\/strong> es promover la creatividad, la innovaci\u00f3n y el fomento de las vocaciones cient\u00edficas y tecnol\u00f3gicas entre el p\u00fablico juvenil, as\u00ed como valorar la contribuci\u00f3n del conocimiento y el desarrollo tecnol\u00f3gicos para el progreso de la ciudad de M\u00e1laga.<\/p>\n<figure class=\"wp-block-image size-large\"><img loading=\"lazy\" decoding=\"async\" class=\"wp-image-6451 tie-appear\" src=\"https:\/\/www.principia-malaga.com\/wp-content\/uploads\/2021\/10\/Encabezado-TT-Malaga-1024x576.png\" alt=\"\" data-attachment-id=\"6451\" data-permalink=\"https:\/\/www.principia-malaga.com\/tech-talent-malaga-2021\/encabezado-tt-malaga\/\" data-orig-file=\"https:\/\/www.principia-malaga.com\/wp-content\/uploads\/2021\/10\/Encabezado-TT-Malaga.png\" data-orig-size=\"1920,1080\" data-comments-opened=\"0\" data-image-meta=\"{&quot;aperture&quot;:&quot;0&quot;,&quot;credit&quot;:&quot;&quot;,&quot;camera&quot;:&quot;&quot;,&quot;caption&quot;:&quot;&quot;,&quot;created_timestamp&quot;:&quot;0&quot;,&quot;copyright&quot;:&quot;&quot;,&quot;focal_length&quot;:&quot;0&quot;,&quot;iso&quot;:&quot;0&quot;,&quot;shutter_speed&quot;:&quot;0&quot;,&quot;title&quot;:&quot;&quot;,&quot;orientation&quot;:&quot;0&quot;}\" data-image-title=\"Encabezado-TT-Malaga\" data-image-description=\"\" data-image-caption=\"\" data-medium-file=\"https:\/\/www.principia-malaga.com\/wp-content\/uploads\/2021\/10\/Encabezado-TT-Malaga-300x169.png\" data-large-file=\"https:\/\/www.principia-malaga.com\/wp-content\/uploads\/2021\/10\/Encabezado-TT-Malaga-1024x576.png\" width=\"1024\" height=\"576\"><\/figure>\n<h3 class=\"has-white-color has-vivid-red-background-color has-text-color has-background\">MODALIDADES DEL CONCURSO<\/h3>\n<div class=\"wp-block-genesis-blocks-gb-accordion gb-block-accordion\">\n<details>\n<summary class=\"gb-accordion-title\">Podr\u00e1n participar en este concurso <span class=\"stk-highlight\"><strong>j\u00f3venes de 6 a 18 a\u00f1os de la Comunidad Aut\u00f3noma de Andaluc\u00eda<\/strong><\/span> con ganas de proponer ideas para solucionar problemas actuales relacionados con el progreso y el medio ambiente. Se distinguen tres modalidades:<\/summary>\n<\/details>\n<\/div>\n<div class=\"wp-block-columns\">\n<div class=\"wp-block-column\">\n<p class=\"has-text-align-center\"><strong><span class=\"stk-highlight\">Modalidad individual: Dibujo<\/span><\/strong><\/p>\n<ul>\n<li><strong><span class=\"stk-highlight\">Podr\u00e1n participar en esta modalidad el alumnado que est\u00e9 cursando desde 1\u00ba hasta 4\u00ba de primaria a nivel individual.<\/span><\/strong><\/li>\n<li>Cada concursante podr\u00e1 presentar una sola obra con la que no haya participado en ning\u00fan otro concurso de caracter\u00edsticas similares. Cada obra presentada ha de estar realizada por un \u00fanico concursante.<\/li>\n<li>La obra en cuesti\u00f3n consistir\u00e1 en un dibujo original y con t\u00e9cnica libre que exprese la forma en que la tecnolog\u00eda y la ciencia puedan mejorar la M\u00e1laga del presente y del futuro.<\/li>\n<\/ul>\n<\/div>\n<div class=\"wp-block-column\">\n<p class=\"has-text-align-center\"><strong><span class=\"stk-highlight\">Modalidad individual: Cuento ilustrado<\/span><\/strong><\/p>\n<ul>\n<li><strong><span class=\"stk-highlight\">Podr\u00e1n participar en esta modalidad el alumnado que est\u00e9 cursando 5\u00ba o 6\u00ba de primaria a nivel individual.<\/span><\/strong><\/li>\n<li>Cada concursante podr\u00e1 presentar una sola obra con la que no haya participado en ning\u00fan otro concurso de caracter\u00edsticas similares. Cada obra presentada ha de estar realizada por un \u00fanico concursante.<\/li>\n<li>La obra en cuesti\u00f3n consistir\u00e1 en un cuento ilustrado original que exprese la forma en que la tecnolog\u00eda y la ciencia puedan mejorar la M\u00e1laga del presente y del futuro.<\/li>\n<\/ul>\n<\/div>\n<div class=\"wp-block-column\">\n<p class=\"has-text-align-center\"><strong><span class=\"stk-highlight\">Modalidad grupal: V\u00eddeo<\/span><\/strong><\/p>\n<ul>\n<li><strong><span class=\"stk-highlight\">Podr\u00e1n participar en esta modalidad el alumnado que est\u00e9 cursando desde 1\u00ba de ESO hasta 2\u00ba de bachillerato.<\/span><\/strong><\/li>\n<li>Los estudiantes se organizar\u00e1n en grupos de trabajo de un m\u00e1ximo de 5 integrantes.<\/li>\n<li>Deber\u00e1n presentarla al concurso en formato v\u00eddeo que exprese la forma en que la tecnolog\u00eda y la ciencia puedan mejorar la M\u00e1laga del presente y del futuro.<\/li>\n<\/ul>\n<\/div>\n<\/div>\n<h3 class=\"has-white-color has-vivid-red-background-color has-text-color has-background\">FECHAS DE INTER\u00c9S<\/h3>\n<div class=\"wp-block-genesis-blocks-gb-accordion gb-block-accordion gb-font-size-16\">\n<details>\n<summary class=\"gb-accordion-title\"><strong>19 de noviembre<\/strong>: Las obras participantes podr\u00e1n ser presentadas hasta el d\u00eda 19 de noviembre incluido.<\/p>\n<p><strong>26 de noviembre:<\/strong> Comunicaci\u00f3n a los galardonados de cada categor\u00eda.<\/p>\n<p><strong>10 de diciembre<\/strong>: Evento final y entrega de premios en la ETS de Ingenier\u00eda de Telecomunicaci\u00f3n.<\/summary>\n<\/details>\n<\/div>\n<h3 class=\"has-white-color has-vivid-red-background-color has-text-color has-background\">BASES DE PARTICIPACI\u00d3N<\/h3>\n<p><strong>1<\/strong>. Los participantes deber\u00e1n presentar una obra en cualquiera de las tres modalidades. Deber\u00e1n ser enviadas por v\u00eda telem\u00e1tica al formulario establecido a tal fin en la web del Centro de Ciencia Principia: <a href=\"https:\/\/www.principia-malaga.com\" target=\"_blank\" rel=\"noreferrer noopener\">www.principia-malaga.com\/<\/a><\/p>\n<p class=\"has-text-align-justify\"><strong>2<\/strong>. En la modalidad de v\u00eddeo, ser\u00e1 requisito imprescindible el env\u00edo del consentimiento de la autorizaci\u00f3n de los derechos de imagen y sonido de cada uno de los integrantes del grupo por parte de sus padres, madres y\/o tutores legales.<\/p>\n<p class=\"has-text-align-justify\"><strong>3<\/strong>. El anuncio de los ganadores se har\u00e1 p\u00fablicamente en una jornada cuya celebraci\u00f3n tendr\u00e1 lugar en la ETS de Ingener\u00eda de Telecomunicaci\u00f3n en M\u00e1laga el d\u00eda 10 de diciembre en el marco de la Mobile Week M\u00e1laga.<\/p>\n<p><strong>4<\/strong>. Las obras presentadas \u2013contando con su correspondiente autorizaci\u00f3n\u2013 podr\u00e1n ser publicadas, siempre con car\u00e1cter educativo y con objeto de reconocer el esfuerzo y trabajo de los participantes, a trav\u00e9s de las diferentes redes sociales de difusi\u00f3n de las instituciones organizadoras.<\/p>\n<h3 class=\"has-white-color has-vivid-red-background-color has-text-color has-background\">ESPECIFICACIONES T\u00c9CNICAS<\/h3>\n<div class=\"wp-block-columns\">\n<div class=\"wp-block-column\">\n<p class=\"has-text-align-center\"><strong><span class=\"stk-highlight\">Modalidad individual: Dibujo<\/span><\/strong><\/p>\n<p class=\"has-text-align-left\">Dibujo en formato A4 y acompa\u00f1ado de una breve descripci\u00f3n sobre la obra.<\/p>\n<\/div>\n<div class=\"wp-block-column\">\n<p class=\"has-text-align-center\"><strong><span class=\"stk-highlight\">Modalidad individual: Cuento ilustrado<\/span><\/strong><\/p>\n<p class=\"has-text-align-left\">La obra deber\u00e1 constar de un m\u00e1ximo 2 p\u00e1ginas a doble cara en formato A4.<\/p>\n<\/div>\n<div class=\"wp-block-column\">\n<p class=\"has-text-align-center\"><strong><span class=\"stk-highlight\">Modalidad grupal: V\u00eddeo<\/span><\/strong><\/p>\n<p class=\"has-text-align-left\">Los v\u00eddeos deber\u00e1n ser grabados en horizontal con dimensiones 1920 x 1080 y formato mp4.<\/p>\n<p>Audio claro y sin ruido.<\/p>\n<p>Duraci\u00f3n: 2 minutos m\u00e1ximo.<\/p>\n<\/div>\n<\/div>\n<h3 class=\"has-white-color has-vivid-red-background-color has-text-color has-background\">JURADO<\/h3>\n<p><strong>El jurado<\/strong> estar\u00e1 compuesto por las siguientes personas:<\/p>\n<ul>\n<li>2 representantes del Centro de Ciencia Principia.<\/li>\n<li>2 representantes de la ETS de Ingenier\u00eda de Telecomunicaci\u00f3n.<\/li>\n<li>1 profesional de reconocido prestigio del sector de la Comunicaci\u00f3n y\/o de la Tecnolog\u00eda de la ciudad de M\u00e1laga.<\/li>\n<\/ul>\n<p class=\"has-text-align-justify\">Se valorar\u00e1 la capacidad de los j\u00f3venes para detectar problemas presentes y futuros relacionados con el medio ambiente y la sociedad, as\u00ed como idear soluciones innovadoras que hagan del progreso tecnol\u00f3gico un elemento vital para un futuro mejor.<\/p>\n<p>Tambi\u00e9n se tendr\u00e1 en cuenta la claridad en la exposici\u00f3n, la creatividad y la capacidad de s\u00edntesis en el dise\u00f1o gr\u00e1fico y la grabaci\u00f3n de la descripci\u00f3n seg\u00fan el rango de edad al que pertenezcan.<\/p>\n<h3 class=\"has-white-color has-vivid-red-background-color has-text-color has-background\">PREMIOS<\/h3>\n<p><strong>Los ganadores<\/strong> recibir\u00e1 un recuerdo del evento y un obsequio de car\u00e1cter cient\u00edfico y\/o tecnol\u00f3gico.<\/p>\n<h3 class=\"has-white-color has-vivid-red-background-color has-text-color has-background\">TRATAMIENTO DE LOS DATOS<\/h3>\n<p class=\"has-text-align-justify\">La imagen, voz y datos personales facilitados ser\u00e1n utilizados bajo el expreso consentimiento a trav\u00e9s de una autorizaci\u00f3n que entregar\u00e1 el padre, madre o tutor\/a del menor.<\/p>\n<p class=\"has-text-align-justify\">Tanto la imagen, voz y datos personales de los participantes podr\u00e1n emplearse para la difusi\u00f3n del proyecto en las redes sociales de difusi\u00f3n de las instituciones organizadoras.<\/p>\n<p class=\"has-text-align-justify\">Tiene a su disposici\u00f3n la posibilidad de ejercer los derechos de acceso, rectificaci\u00f3n, supresi\u00f3n, limitaci\u00f3n al tratamiento, oposici\u00f3n y portabilidad; que podr\u00e1 hacer efectivos dirigi\u00e9ndose por escrito al:<\/p>\n<p>Centro de Ciencia Principia,<\/p>\n<p>Avda. Luis Bu\u00f1uel, n\u00ba 6, CP 29011 M\u00e1laga.<\/p>\n<p>O bien en la direcci\u00f3n de correo electr\u00f3nico: info@principia-malaga.com<\/p>\n<p>En cualquier caso tendr\u00e1 derecho a presentar una reclamaci\u00f3n ante la a Agencia Espa\u00f1ola de Protecci\u00f3n de Datos (AEPD).<\/p>\n<p>Responsable del tratamiento:<\/p>\n<p>Centro de Ciencia Principia,<\/p>\n<p>Avda. Luis Bu\u00f1uel, n\u00ba 6, CP 29011 M\u00e1laga.<\/p>\n<p>CIF n\u00ba Q2900404A<\/p>\n<h3 class=\"has-white-color has-vivid-red-background-color has-text-color has-background\">\u00bfQU\u00c9 SON LOS ODS?<\/h3>\n<p><strong>Un conjunto de objetivos globales <\/strong>para erradicar la pobreza, proteger el planeta y asegurar la prosperidad para todos como parte de una&nbsp;<a href=\"http:\/\/www.un.org\/es\/comun\/docs\/?symbol=A\/70\/1\" target=\"_blank\" rel=\"noreferrer noopener\">nueva agenda de desarrollo sostenible 2030<\/a>:<\/p>\n<ol>\n<li>La derrota de la pobreza en todas sus formas y en todas partes.<\/li>\n<li>La derrota del hambre: lograr la seguridad alimentaria y una nutrici\u00f3n adecuada para todos, y promover un modelo de agricultura sostenible.<\/li>\n<li>Lograr una vida saludable en todas las edades.<\/li>\n<li>Proporcionar una educaci\u00f3n equitativa e inclusiva de calidad y oportunidades de aprendizaje para todos.<\/li>\n<li>Lograr la igualdad de g\u00e9nero, la autonom\u00eda de las mujeres y las ni\u00f1as en todas partes.<\/li>\n<li>Asegurar el agua y saneamiento para todos, para un mundo sostenible.<\/li>\n<li>Garantizar el acceso a una energ\u00eda asequible, segura, sostenible y moderna para todos.<\/li>\n<li>Promover un crecimiento econ\u00f3mico fuerte, inclusivo y sostenible, y un trabajo decente para todos.<\/li>\n<li>Promover un modelo de industrializaci\u00f3n sostenible.<\/li>\n<li>Reducir la desigualdad dentro de los pa\u00edses y entre ellos.<\/li>\n<li>Construir ciudades inclusivas, seguras y sostenibles, y asentamientos humanos.<\/li>\n<li>Promover un modelo de consumo y producci\u00f3n sostenible.<\/li>\n<li>Promover acciones en todos los niveles para hacer frente al cambio clim\u00e1tico.<\/li>\n<li>Lograr la conservaci\u00f3n y uso sostenible de los recursos marinos, los oc\u00e9anos y los mares.<\/li>\n<li>Proteger y restaurar los ecosistemas terrestres y detener toda p\u00e9rdida de biodiversidad.<\/li>\n<li>Lograr sociedades pac\u00edficas e inclusivas, estados de derecho e instituciones eficaces y capaces.<\/li>\n<li>Fortalecer y mejorar los medios de ejecuci\u00f3n y la asociaci\u00f3n mundial para el desarrollo sostenible.<\/li>\n<\/ol>\n<div class=\"wp-block-buttons\">\n<div class=\"wp-block-button is-style-outline\"><a class=\"wp-block-button__link has-vivid-red-color has-white-background-color has-text-color has-background\" href=\"https:\/\/www.un.org\/sustainabledevelopment\/es\/objetivos-de-desarrollo-sostenible\/\" target=\"_blank\" rel=\"noreferrer noopener\"><strong>Saber m\u00e1s<\/strong><\/a><\/div>\n<\/div>\n<h3 class=\"has-white-color has-vivid-red-background-color has-text-color has-background\">ESPACIO DE SUBIDA DE LOS TRABAJOS CANDIDATOS A LOS PREMIOS<\/h3>\n<p><span class=\"stk-highlight\"><strong>Esta espacio se habilitar\u00e1 el d\u00eda<\/strong> <strong>27 de octubre a las 12:00 h<\/strong><\/span> para que los participantes puedan enviar los trabajos correspondientes teniendo en cuenta las siguientes consideraciones:<\/p>\n<ul>\n<li><strong>En las modalidades de dibujo y cuento ilustrado:<\/strong> Deber\u00e1 escanearse el dibujo previamente para poder ser enviado en el enlace correspondiente como archivo adjunto.<\/li>\n<li><strong>En la modalidad de v\u00eddeo<\/strong>: Deber\u00e1 estar subido en alguna plataforma virtual para poder compartir el enlace del mismo en la ficha de presentaci\u00f3n del trabajo.<\/li>\n<\/ul>\n<p class=\"has-text-align-center\"><strong><span class=\"stk-highlight\">PR\u00d3XIMAMENTE<\/span><\/strong><\/p>\n<div class=\"wp-block-buttons\">\n<div class=\"wp-block-button is-style-outline\"><a class=\"wp-block-button__link has-vivid-red-color has-white-background-color has-text-color has-background\">Modalidad: Dibujo <\/a><\/div>\n<div class=\"wp-block-button is-style-outline\"><a class=\"wp-block-button__link has-vivid-red-color has-text-color\">Modalidad: Cuento ilustrado<\/a><\/div>\n<div class=\"wp-block-button is-style-outline\"><a class=\"wp-block-button__link has-vivid-red-color has-text-color\">Modalidad: V\u00eddeo <\/a><\/div>\n<\/div>\n<h3 class=\"has-white-color has-vivid-cyan-blue-background-color has-text-color has-background\">ZONA DE DESCARGAS<\/h3>\n<p>A continuaci\u00f3n, se presenta la informaci\u00f3n en tres formatos descargables:<\/p>\n<div class=\"wp-block-columns\">\n<div class=\"wp-block-column\">\n<figure class=\"wp-block-image size-full\"><img loading=\"lazy\" decoding=\"async\" class=\"wp-image-6455 tie-appear\" src=\"https:\/\/www.principia-malaga.com\/wp-content\/uploads\/2021\/10\/mini_cartel.jpg\" alt=\"\" data-attachment-id=\"6455\" data-permalink=\"https:\/\/www.principia-malaga.com\/tech-talent-malaga-2021\/mini_cartel\/\" data-orig-file=\"https:\/\/www.principia-malaga.com\/wp-content\/uploads\/2021\/10\/mini_cartel.jpg\" data-orig-size=\"472,687\" data-comments-opened=\"0\" data-image-meta=\"{&quot;aperture&quot;:&quot;0&quot;,&quot;credit&quot;:&quot;&quot;,&quot;camera&quot;:&quot;&quot;,&quot;caption&quot;:&quot;&quot;,&quot;created_timestamp&quot;:&quot;0&quot;,&quot;copyright&quot;:&quot;&quot;,&quot;focal_length&quot;:&quot;0&quot;,&quot;iso&quot;:&quot;0&quot;,&quot;shutter_speed&quot;:&quot;0&quot;,&quot;title&quot;:&quot;&quot;,&quot;orientation&quot;:&quot;0&quot;}\" data-image-title=\"mini_cartel\" data-image-description=\"\" data-image-caption=\"\" data-medium-file=\"https:\/\/www.principia-malaga.com\/wp-content\/uploads\/2021\/10\/mini_cartel-206x300.jpg\" data-large-file=\"https:\/\/www.principia-malaga.com\/wp-content\/uploads\/2021\/10\/mini_cartel.jpg\" width=\"472\" height=\"687\"><figcaption><span class=\"has-inline-color has-vivid-cyan-blue-color\"><em><a href=\"https:\/\/drive.google.com\/file\/d\/1oYvXO4lkrI3A68axOt5dD3gFtkPMFxZ1\/view?usp=sharing\" target=\"_blank\" rel=\"noreferrer noopener\">Descargar el cartel en A3 <\/a> \/ <a href=\"https:\/\/drive.google.com\/file\/d\/1ByXxPHGMBjlnLq_-TncNb-KMjhhIcwtM\/view?usp=sharing\" target=\"_blank\" rel=\"noreferrer noopener\">Descargar el cartel en A4<\/a><\/em><\/span><\/figcaption><\/figure>\n<\/div>\n<div class=\"wp-block-column\">\n<div class=\"wp-block-image\">\n<figure class=\"aligncenter size-full is-resized\"><img loading=\"lazy\" decoding=\"async\" class=\"wp-image-6456 tie-appear\" src=\"https:\/\/www.principia-malaga.com\/wp-content\/uploads\/2021\/10\/mini_infografia.jpg\" alt=\"\" data-attachment-id=\"6456\" data-permalink=\"https:\/\/www.principia-malaga.com\/tech-talent-malaga-2021\/mini_infografia\/\" data-orig-file=\"https:\/\/www.principia-malaga.com\/wp-content\/uploads\/2021\/10\/mini_infografia.jpg\" data-orig-size=\"239,600\" data-comments-opened=\"0\" data-image-meta=\"{&quot;aperture&quot;:&quot;0&quot;,&quot;credit&quot;:&quot;&quot;,&quot;camera&quot;:&quot;&quot;,&quot;caption&quot;:&quot;&quot;,&quot;created_timestamp&quot;:&quot;0&quot;,&quot;copyright&quot;:&quot;&quot;,&quot;focal_length&quot;:&quot;0&quot;,&quot;iso&quot;:&quot;0&quot;,&quot;shutter_speed&quot;:&quot;0&quot;,&quot;title&quot;:&quot;&quot;,&quot;orientation&quot;:&quot;0&quot;}\" data-image-title=\"mini_infografia\" data-image-description=\"\" data-image-caption=\"\" data-medium-file=\"https:\/\/www.principia-malaga.com\/wp-content\/uploads\/2021\/10\/mini_infografia-120x300.jpg\" data-large-file=\"https:\/\/www.principia-malaga.com\/wp-content\/uploads\/2021\/10\/mini_infografia.jpg\" width=\"155\" height=\"390\"><figcaption><a href=\"https:\/\/drive.google.com\/file\/d\/1jVcYk9teuQJQswD408bQOo_BQBrqnWfM\/view?usp=sharing\" target=\"_blank\" rel=\"noreferrer noopener\"><em><span class=\"has-inline-color has-vivid-cyan-blue-color\">Descargar la infograf\u00eda<\/span><\/em><\/a><\/figcaption><\/figure>\n<\/div>\n<\/div>\n<div class=\"wp-block-column\">\n<div class=\"wp-block-image\">\n<figure class=\"aligncenter size-full is-resized\"><img loading=\"lazy\" decoding=\"async\" class=\"wp-image-6458 tie-appear\" src=\"https:\/\/www.principia-malaga.com\/wp-content\/uploads\/2021\/10\/mini__poster.png\" alt=\"\" data-attachment-id=\"6458\" data-permalink=\"https:\/\/www.principia-malaga.com\/tech-talent-malaga-2021\/mini__poster\/\" data-orig-file=\"https:\/\/www.principia-malaga.com\/wp-content\/uploads\/2021\/10\/mini__poster.png\" data-orig-size=\"599,816\" data-comments-opened=\"0\" data-image-meta=\"{&quot;aperture&quot;:&quot;0&quot;,&quot;credit&quot;:&quot;&quot;,&quot;camera&quot;:&quot;&quot;,&quot;caption&quot;:&quot;&quot;,&quot;created_timestamp&quot;:&quot;0&quot;,&quot;copyright&quot;:&quot;&quot;,&quot;focal_length&quot;:&quot;0&quot;,&quot;iso&quot;:&quot;0&quot;,&quot;shutter_speed&quot;:&quot;0&quot;,&quot;title&quot;:&quot;&quot;,&quot;orientation&quot;:&quot;0&quot;}\" data-image-title=\"mini__poster\" data-image-description=\"\" data-image-caption=\"\" data-medium-file=\"https:\/\/www.principia-malaga.com\/wp-content\/uploads\/2021\/10\/mini__poster-220x300.png\" data-large-file=\"https:\/\/www.principia-malaga.com\/wp-content\/uploads\/2021\/10\/mini__poster.png\" width=\"289\" height=\"393\"><figcaption><a href=\"https:\/\/drive.google.com\/file\/d\/1HoJJF_ylD7R34EQRpAdeFT4amN2Xg_27\/view\" target=\"_blank\" rel=\"noreferrer noopener\"><span class=\"stk-highlight\"><em><span class=\"has-inline-color has-vivid-cyan-blue-color\">Descargar el p\u00f3ster<\/span><\/em><\/span><\/a><\/figcaption><\/figure>\n<\/div>\n<\/div>\n<\/div>\n<div class=\"wp-block-image\">\n<figure class=\"aligncenter size-large\"><img loading=\"lazy\" decoding=\"async\" class=\"wp-image-6445 tie-appear\" src=\"https:\/\/www.principia-malaga.com\/wp-content\/uploads\/2021\/10\/A4_Cartel-724x1024.png\" alt=\"\" data-attachment-id=\"6445\" data-permalink=\"https:\/\/www.principia-malaga.com\/tech-talent-malaga-2021\/a4_cartel\/\" data-orig-file=\"https:\/\/www.principia-malaga.com\/wp-content\/uploads\/2021\/10\/A4_Cartel.png\" data-orig-size=\"2480,3508\" data-comments-opened=\"0\" data-image-meta=\"{&quot;aperture&quot;:&quot;0&quot;,&quot;credit&quot;:&quot;&quot;,&quot;camera&quot;:&quot;&quot;,&quot;caption&quot;:&quot;&quot;,&quot;created_timestamp&quot;:&quot;0&quot;,&quot;copyright&quot;:&quot;&quot;,&quot;focal_length&quot;:&quot;0&quot;,&quot;iso&quot;:&quot;0&quot;,&quot;shutter_speed&quot;:&quot;0&quot;,&quot;title&quot;:&quot;&quot;,&quot;orientation&quot;:&quot;0&quot;}\" data-image-title=\"A4_Cartel\" data-image-description=\"\" data-image-caption=\"\" data-medium-file=\"https:\/\/www.principia-malaga.com\/wp-content\/uploads\/2021\/10\/A4_Cartel-212x300.png\" data-large-file=\"https:\/\/www.principia-malaga.com\/wp-content\/uploads\/2021\/10\/A4_Cartel-724x1024.png\" width=\"724\" height=\"1024\"><figcaption><em>Cartel Tech Talent M\u00e1laga 2021<\/em><\/figcaption><\/figure>\n<\/div>\n<div class=\"wp-block-image\">\n<figure class=\"aligncenter size-large is-resized\"><img loading=\"lazy\" decoding=\"async\" class=\"wp-image-6410 tie-appear\" src=\"https:\/\/www.principia-malaga.com\/wp-content\/uploads\/2021\/10\/QR-Concurso-info-1024x1024.png\" alt=\"\" data-attachment-id=\"6410\" data-permalink=\"https:\/\/www.principia-malaga.com\/tech-talent-malaga-2021\/qr-concurso-info\/\" data-orig-file=\"https:\/\/www.principia-malaga.com\/wp-content\/uploads\/2021\/10\/QR-Concurso-info.png\" data-orig-size=\"1125,1125\" data-comments-opened=\"0\" data-image-meta=\"{&quot;aperture&quot;:&quot;0&quot;,&quot;credit&quot;:&quot;&quot;,&quot;camera&quot;:&quot;&quot;,&quot;caption&quot;:&quot;&quot;,&quot;created_timestamp&quot;:&quot;0&quot;,&quot;copyright&quot;:&quot;&quot;,&quot;focal_length&quot;:&quot;0&quot;,&quot;iso&quot;:&quot;0&quot;,&quot;shutter_speed&quot;:&quot;0&quot;,&quot;title&quot;:&quot;&quot;,&quot;orientation&quot;:&quot;0&quot;}\" data-image-title=\"QR-Concurso-info\" data-image-description=\"\" data-image-caption=\"\" data-medium-file=\"https:\/\/www.principia-malaga.com\/wp-content\/uploads\/2021\/10\/QR-Concurso-info-300x300.png\" data-large-file=\"https:\/\/www.principia-malaga.com\/wp-content\/uploads\/2021\/10\/QR-Concurso-info-1024x1024.png\" width=\"251\" height=\"251\"><\/figure>\n<\/div>\n<figure class=\"wp-block-image size-large\"><img loading=\"lazy\" decoding=\"async\" class=\"wp-image-6462 tie-appear\" src=\"https:\/\/www.principia-malaga.com\/wp-content\/uploads\/2021\/10\/Bajera-TT-Malaga-1024x576.png\" alt=\"\" data-attachment-id=\"6462\" data-permalink=\"https:\/\/www.principia-malaga.com\/tech-talent-malaga-2021\/bajera-tt-malaga\/\" data-orig-file=\"https:\/\/www.principia-malaga.com\/wp-content\/uploads\/2021\/10\/Bajera-TT-Malaga.png\" data-orig-size=\"1920,1080\" data-comments-opened=\"0\" data-image-meta=\"{&quot;aperture&quot;:&quot;0&quot;,&quot;credit&quot;:&quot;&quot;,&quot;camera&quot;:&quot;&quot;,&quot;caption&quot;:&quot;&quot;,&quot;created_timestamp&quot;:&quot;0&quot;,&quot;copyright&quot;:&quot;&quot;,&quot;focal_length&quot;:&quot;0&quot;,&quot;iso&quot;:&quot;0&quot;,&quot;shutter_speed&quot;:&quot;0&quot;,&quot;title&quot;:&quot;&quot;,&quot;orientation&quot;:&quot;0&quot;}\" data-image-title=\"Bajera-TT-Malaga\" data-image-description=\"\" data-image-caption=\"\" data-medium-file=\"https:\/\/www.principia-malaga.com\/wp-content\/uploads\/2021\/10\/Bajera-TT-Malaga-300x169.png\" data-large-file=\"https:\/\/www.principia-malaga.com\/wp-content\/uploads\/2021\/10\/Bajera-TT-Malaga-1024x576.png\" width=\"1024\" height=\"576\"><\/figure>\n<div class=\"sharedaddy sd-sharing-enabled\">\n<div class=\"robots-nocontent sd-block sd-social sd-social-icon-text sd-sharing\">\n<div class=\"sd-content\">\n<p>&nbsp;<\/p>\n<\/div>\n<\/div>\n<\/div>\n","protected":false},"excerpt":{"rendered":"<p>Concurso basado en propuestas de soluciones cient\u00edficas y tecnol\u00f3gicas innovadoras para solventar problemas del presente y futuro, con el fin de promover un desarrollo sostenible en el marco de la Agenda 2030 de las&#46;&#46;&#46;<\/p>\n","protected":false},"author":8061,"featured_media":9952,"comment_status":"open","ping_status":"open","sticky":false,"template":"","format":"standard","meta":{"ngg_post_thumbnail":0,"footnotes":""},"categories":[5],"tags":[],"aioseo_notices":[],"_links":{"self":[{"href":"https:\/\/blogsaverroes.juntadeandalucia.es\/gbellasartesmalaga\/wp-json\/wp\/v2\/posts\/9951"}],"collection":[{"href":"https:\/\/blogsaverroes.juntadeandalucia.es\/gbellasartesmalaga\/wp-json\/wp\/v2\/posts"}],"about":[{"href":"https:\/\/blogsaverroes.juntadeandalucia.es\/gbellasartesmalaga\/wp-json\/wp\/v2\/types\/post"}],"author":[{"embeddable":true,"href":"https:\/\/blogsaverroes.juntadeandalucia.es\/gbellasartesmalaga\/wp-json\/wp\/v2\/users\/8061"}],"replies":[{"embeddable":true,"href":"https:\/\/blogsaverroes.juntadeandalucia.es\/gbellasartesmalaga\/wp-json\/wp\/v2\/comments?post=9951"}],"version-history":[{"count":1,"href":"https:\/\/blogsaverroes.juntadeandalucia.es\/gbellasartesmalaga\/wp-json\/wp\/v2\/posts\/9951\/revisions"}],"predecessor-version":[{"id":9953,"href":"https:\/\/blogsaverroes.juntadeandalucia.es\/gbellasartesmalaga\/wp-json\/wp\/v2\/posts\/9951\/revisions\/9953"}],"wp:featuredmedia":[{"embeddable":true,"href":"https:\/\/blogsaverroes.juntadeandalucia.es\/gbellasartesmalaga\/wp-json\/wp\/v2\/media\/9952"}],"wp:attachment":[{"href":"https:\/\/blogsaverroes.juntadeandalucia.es\/gbellasartesmalaga\/wp-json\/wp\/v2\/media?parent=9951"}],"wp:term":[{"taxonomy":"category","embeddable":true,"href":"https:\/\/blogsaverroes.juntadeandalucia.es\/gbellasartesmalaga\/wp-json\/wp\/v2\/categories?post=9951"},{"taxonomy":"post_tag","embeddable":true,"href":"https:\/\/blogsaverroes.juntadeandalucia.es\/gbellasartesmalaga\/wp-json\/wp\/v2\/tags?post=9951"}],"curies":[{"name":"wp","href":"https:\/\/api.w.org\/{rel}","templated":true}]}}