{"id":100511,"date":"2021-03-29T19:19:00","date_gmt":"2021-03-29T18:19:00","guid":{"rendered":"http:\/\/blogsaverroes.juntadeandalucia.es\/geohistoria\/?guid=a91b297d8f4b13ea2f2d8a8ca9c0f25f"},"modified":"2021-09-05T08:13:56","modified_gmt":"2021-09-05T07:13:56","slug":"actividad-de-ideologias-politicas","status":"publish","type":"post","link":"https:\/\/blogsaverroes.juntadeandalucia.es\/geohistoria\/2021\/03\/29\/actividad-de-ideologias-politicas\/","title":{"rendered":"Actividad de ideolog\u00edas pol\u00edticas"},"content":{"rendered":"<\/p>\n<div style=\"text-align: justify;\">\u00a0<img decoding=\"async\" src=\"https:\/\/3.bp.blogspot.com\/-kQSNSWSXWC0\/VCPxyKicejI\/AAAAAAAAKEE\/Qf37Y5kG9xA\/s1600\/esquemas.png\">\u00a0 Tabla de las ideolog\u00edas principales del siglo XIX y del siglo XX. Es una actividad en la que deben recortar los cuadros con contenidos, colocarlos correctamente y pegarlos en la libreta. Las caracter\u00edsticas de cada ideolog\u00eda se han sintetizado porque \u00fanicamente se pretende que se puedan distinguir.\u00a0 Lo enlazo desde los temas del <a href=\"http:\/\/www.profesorfrancisco.es\/2017\/12\/geografia-e-historia-4-eso.html\">siglo XIX y XX<\/a> de educaci\u00f3n secundaria obligatoria.\u00a0<\/div>\n<p><span><\/span><a href=\"https:\/\/www.profesorfrancisco.es\/2021\/03\/actividad-de-ideologias-politicas.html#more\"><\/a><\/p>\n","protected":false},"excerpt":{"rendered":"<p>\u00a0\u00a0 Tabla de las ideolog\u00edas principales del siglo XIX y del siglo XX. Es una actividad en la que deben recortar los cuadros con contenidos, colocarlos correctamente y pegarlos en la libreta. Las caracter\u00edsticas de cada ideolog\u00eda se han sintetizado porqu&#8230;<\/p>\n","protected":false},"author":6705,"featured_media":0,"comment_status":"closed","ping_status":"closed","sticky":false,"template":"","format":"standard","meta":{"ngg_post_thumbnail":0,"footnotes":""},"categories":[562,13487,60,1,74,380,656,709],"tags":[7963,2003782,2512],"aioseo_notices":[],"_links":{"self":[{"href":"https:\/\/blogsaverroes.juntadeandalucia.es\/geohistoria\/wp-json\/wp\/v2\/posts\/100511"}],"collection":[{"href":"https:\/\/blogsaverroes.juntadeandalucia.es\/geohistoria\/wp-json\/wp\/v2\/posts"}],"about":[{"href":"https:\/\/blogsaverroes.juntadeandalucia.es\/geohistoria\/wp-json\/wp\/v2\/types\/post"}],"author":[{"embeddable":true,"href":"https:\/\/blogsaverroes.juntadeandalucia.es\/geohistoria\/wp-json\/wp\/v2\/users\/6705"}],"replies":[{"embeddable":true,"href":"https:\/\/blogsaverroes.juntadeandalucia.es\/geohistoria\/wp-json\/wp\/v2\/comments?post=100511"}],"version-history":[{"count":2,"href":"https:\/\/blogsaverroes.juntadeandalucia.es\/geohistoria\/wp-json\/wp\/v2\/posts\/100511\/revisions"}],"predecessor-version":[{"id":100897,"href":"https:\/\/blogsaverroes.juntadeandalucia.es\/geohistoria\/wp-json\/wp\/v2\/posts\/100511\/revisions\/100897"}],"wp:attachment":[{"href":"https:\/\/blogsaverroes.juntadeandalucia.es\/geohistoria\/wp-json\/wp\/v2\/media?parent=100511"}],"wp:term":[{"taxonomy":"category","embeddable":true,"href":"https:\/\/blogsaverroes.juntadeandalucia.es\/geohistoria\/wp-json\/wp\/v2\/categories?post=100511"},{"taxonomy":"post_tag","embeddable":true,"href":"https:\/\/blogsaverroes.juntadeandalucia.es\/geohistoria\/wp-json\/wp\/v2\/tags?post=100511"}],"curies":[{"name":"wp","href":"https:\/\/api.w.org\/{rel}","templated":true}]}}