{"id":142,"date":"2009-10-21T17:13:00","date_gmt":"2009-10-21T17:13:00","guid":{"rendered":"tag:blogger.com,1999:blog-5245331890567954639.post-1276293783351944501"},"modified":"2009-10-25T10:39:26","modified_gmt":"2009-10-25T10:39:26","slug":"diversificacine","status":"publish","type":"post","link":"https:\/\/blogsaverroes.juntadeandalucia.es\/geohistoria\/2009\/10\/21\/diversificacine\/","title":{"rendered":"DiversificaCine"},"content":{"rendered":"<div align=\"justify\"><\/div>\n<div align=\"justify\"><a href=\"http:\/\/www.uhu.es\/cine.educacion\/cineyeducacion\/index.htm\"><img decoding=\"async\" id=\"BLOGGER_PHOTO_ID_5396413394421127378\" style=\"DISPLAY: block; MARGIN: 0px auto 10px; WIDTH: 400px; CURSOR: hand; HEIGHT: 300px; TEXT-ALIGN: center\" alt=\"\" src=\"http:\/\/3.bp.blogspot.com\/_C_g3txaLXs8\/SuPpZAuhmNI\/AAAAAAAABjc\/6KDxp-vsEtc\/s400\/cineeducacioncabecera.png\" border=\"0\" \/><\/a> <em>La mejor <\/em><a href=\"http:\/\/www.uhu.es\/cine.educacion\/cineyeducacion\/index.htm\"><em>p\u00e1gina<\/em><\/a><em> que, hasta ahora, hemos encontrado en la Red sobre cine aplicado al aula. Enhorabuena a su autor. No tiene precio el apartado de <a href=\"http:\/\/www.uhu.es\/cine.educacion\/cineyeducacion\/enlaces.htm\">enlaces<\/a><\/em>. <\/div>\n<div align=\"center\"><\/div>\n<div align=\"justify\"><a href=\"http:\/\/www.elmundo.es\/especiales\/2001\/12\/cultura\/videoscine\/peliculas.html\"><img decoding=\"async\" id=\"BLOGGER_PHOTO_ID_5396482181445819650\" style=\"DISPLAY: block; MARGIN: 0px auto 10px; WIDTH: 373px; CURSOR: hand; HEIGHT: 280px; TEXT-ALIGN: center\" alt=\"\" src=\"http:\/\/3.bp.blogspot.com\/_C_g3txaLXs8\/SuQn88XNnQI\/AAAAAAAABkE\/ysdx4tlN6qk\/s400\/lahistoriamasgrandejamascontada.png\" border=\"0\" \/><\/a>Es una suerte que la versi\u00f3n digital del peri\u00f3dico El Mundo no haya retirado a\u00fan la informaci\u00f3n sobre la colecci\u00f3n que en su d\u00eda public\u00f3 con el t\u00edtulo <em>La Historia m\u00e1s grande jam\u00e1s contada. <\/em>Esta informaci\u00f3n nos es de mucha utilidad para la aplicaci\u00f3n did\u00e1ctica de las pel\u00edculas<em>.<\/em> La colecci\u00f3n al completo fue adquirida por nuestro centro y se encuentra disponible en la biblioteca. T\u00edtulos legendarios del cine, la mayor\u00eda de ellos relacionados con el curr\u00edculo de nuestras asignaturas.<\/div>\n<div align=\"justify\"> <\/div>\n<div align=\"right\"><a href=\"http:\/\/www.elmundo.es\/especiales\/2001\/12\/cultura\/videoscine\/peliculas.html\">Consultar t\u00edtulos e informaci\u00f3n <\/a><\/div>\n<div align=\"right\"> <\/div>\n<div align=\"justify\"><a href=\"http:\/\/diversificacine.blogspot.com\/\"><img decoding=\"async\" id=\"BLOGGER_PHOTO_ID_5396234112800555186\" style=\"DISPLAY: block; MARGIN: 0px auto 10px; WIDTH: 385px; CURSOR: hand; HEIGHT: 249px; TEXT-ALIGN: center\" alt=\"\" src=\"http:\/\/1.bp.blogspot.com\/_C_g3txaLXs8\/SuNGVcpSgLI\/AAAAAAAABi8\/m9tFZf_3UBg\/s400\/diversificacine.jpg.png\" border=\"0\" \/><em>DiversificaCine<\/em><\/a> es el nombre del nuevo blog que hemos creado para que los alumnos y alumnas de 3\u00ba de Diversificaci\u00f3n trabajen el cine como actividad complementaria.<\/div>\n<p><\/p>\n<div align=\"justify\"><a href=\"http:\/\/www.artehistoria.jcyl.es\/index.html\"><img decoding=\"async\" id=\"BLOGGER_PHOTO_ID_5396426395148203234\" style=\"DISPLAY: block; MARGIN: 0px auto 10px; WIDTH: 400px; CURSOR: hand; HEIGHT: 155px; TEXT-ALIGN: center\" alt=\"\" src=\"http:\/\/2.bp.blogspot.com\/_C_g3txaLXs8\/SuP1NwNZtOI\/AAAAAAAABj8\/0wO3BgdlakQ\/s400\/artehistoria.png\" border=\"0\" \/><\/a><br \/><em>El profesorado de nuestro departamento que imparte Historia de Espa\u00f1a y del Arte nos recomienda esta <\/em><a href=\"http:\/\/www.artehistoria.jcyl.es\/index.html\"><em>p\u00e1gina<\/em><\/a><em>. De lo mejor, las <strong>animaciones en 3D<\/strong> sobre un gran n\u00famero de obras de arte. Como bot\u00f3n de muestra, esta animaci\u00f3n relacionada con la construcci\u00f3n de la <\/em><a href=\"http:\/\/www.artehistoria.jcyl.es\/ciudades\/videos\/165.htm\"><em>Mezquita de C\u00f3rdoba<\/em><\/a><em>. <\/em><\/p>\n<p><\/p>\n<div align=\"justify\"><a href=\"http:\/\/2.bp.blogspot.com\/_C_g3txaLXs8\/SuAgqIu3HxI\/AAAAAAAABiE\/3JPGOZw1e-g\/s1600-h\/cine.jpg\"><img decoding=\"async\" id=\"BLOGGER_PHOTO_ID_5395348261860482834\" style=\"FLOAT: left; MARGIN: 0px 10px 10px 0px; WIDTH: 200px; CURSOR: hand; HEIGHT: 223px\" alt=\"\" src=\"http:\/\/2.bp.blogspot.com\/_C_g3txaLXs8\/SuAgqIu3HxI\/AAAAAAAABiE\/3JPGOZw1e-g\/s400\/cine.jpg\" border=\"0\" \/><\/a><span style=\"font-size:85%;\">La importancia creciente del audiovisual como medio de transmisi\u00f3n de conocimientos y de valores (televisi\u00f3n, cine, multimedia) en nuestra sociedad, y fundamentalmente entre la poblaci\u00f3n joven, educada en esta cultura audiovisual y con una capacidad de receptividad especialmente desarrollada en relaci\u00f3n a todo lo que se transmita por este medio, hace que sea necesario y conveniente incorporar el uso de los medios audiovisuales a la hora de plantearse herramientas y m\u00e9todos educativos dirigidos a adolescentes y j\u00f3venes.<br \/>En esta secci\u00f3n encontrar\u00e9is diversas selecciones de pel\u00edculas que hemos considerado adecuadas para trabajar temas relacionados con la educaci\u00f3n para la paz, el desarrollo y la interculturalidad, con propuestas concretas de actividades para realizar en el aula despu\u00e9s del visionado de estas pel\u00edculas.<\/span><\/div>\n<\/div>\n<div align=\"justify\"><\/div>\n<p><\/p>\n<ul><\/p>\n<li>\n<div align=\"justify\"><a href=\"http:\/\/www.edualter.org\/material\/pau\/paz.htm\"><span style=\"font-size:85%;\">La Paz a trav\u00e9s de los medios audiovisuales<\/span><\/a><br \/><a href=\"http:\/\/www.edualter.org\/material\/intcine\/indexe.htm\"><span style=\"font-size:85%;\">La Interculturalidad a trav\u00e9s de los medios audiovisuales<\/span><\/a><br \/><a href=\"http:\/\/www.edualter.org\/material\/cinemaitreball\/index.htm\"><span style=\"font-size:85%;\">El mundo del trabajo a trav\u00e9s del cine<\/span><\/a><br \/><a href=\"http:\/\/www.edualter.org\/material\/cineiddssrr\/index.htm\"><span style=\"font-size:85%;\">Los derechos sexuales y reproductivos a trav\u00e9s del cine<\/span><\/a><br \/><a href=\"http:\/\/www.edualter.org\/material\/cinema\/peliculas.pdf\" ><span style=\"font-size:85%;\">Educaci\u00f3n en valores<\/span><\/a> <\/div>\n<\/li>\n<\/ul>\n<ul>\n<li><span style=\"font-size:85%;\">Cine y Desarrollo:<br \/><\/span><a href=\"http:\/\/www.edualter.org\/material\/cinemad\/index.htm\"><span style=\"font-size:85%;\">I. Las relaciones Norte-Sur<\/span><\/a><a href=\"http:\/\/www.edualter.org\/material\/cinemad2\/index.htm\"><span style=\"font-size:85%;\">II. Los des\u00f3rdenes del subdesarrollo<\/span><\/a><br \/><a href=\"http:\/\/www.edualter.org\/material\/cinemad3\/index.htm\"><span style=\"font-size:85%;\">III. Sobrevivir y resistir en el sur, huir al norte<\/span><\/a> <\/li>\n<\/ul>\n<div class=\"blogger-post-footer\"><img width='1' height='1' src='https:\/\/blogger.googleusercontent.com\/tracker\/5245331890567954639-1276293783351944501?l=geograncapitan.blogspot.com' alt='' \/><\/div>\n","protected":false},"excerpt":{"rendered":"<p> La mejor p\u00e1gina que, hasta ahora, hemos encontrado en la Red sobre cine aplicado al aula. Enhorabuena a su autor. No tiene precio el apartado de enlaces. Es una suerte que la versi\u00f3n digital del peri\u00f3dico El Mundo no haya retirado a\u00fan la informaci&#8230;<\/p>\n","protected":false},"author":804,"featured_media":0,"comment_status":"closed","ping_status":"closed","sticky":false,"template":"","format":"standard","meta":{"ngg_post_thumbnail":0,"footnotes":""},"categories":[1,74,380],"tags":[],"aioseo_notices":[],"_links":{"self":[{"href":"https:\/\/blogsaverroes.juntadeandalucia.es\/geohistoria\/wp-json\/wp\/v2\/posts\/142"}],"collection":[{"href":"https:\/\/blogsaverroes.juntadeandalucia.es\/geohistoria\/wp-json\/wp\/v2\/posts"}],"about":[{"href":"https:\/\/blogsaverroes.juntadeandalucia.es\/geohistoria\/wp-json\/wp\/v2\/types\/post"}],"author":[{"embeddable":true,"href":"https:\/\/blogsaverroes.juntadeandalucia.es\/geohistoria\/wp-json\/wp\/v2\/users\/804"}],"replies":[{"embeddable":true,"href":"https:\/\/blogsaverroes.juntadeandalucia.es\/geohistoria\/wp-json\/wp\/v2\/comments?post=142"}],"version-history":[{"count":3,"href":"https:\/\/blogsaverroes.juntadeandalucia.es\/geohistoria\/wp-json\/wp\/v2\/posts\/142\/revisions"}],"predecessor-version":[{"id":11414,"href":"https:\/\/blogsaverroes.juntadeandalucia.es\/geohistoria\/wp-json\/wp\/v2\/posts\/142\/revisions\/11414"}],"wp:attachment":[{"href":"https:\/\/blogsaverroes.juntadeandalucia.es\/geohistoria\/wp-json\/wp\/v2\/media?parent=142"}],"wp:term":[{"taxonomy":"category","embeddable":true,"href":"https:\/\/blogsaverroes.juntadeandalucia.es\/geohistoria\/wp-json\/wp\/v2\/categories?post=142"},{"taxonomy":"post_tag","embeddable":true,"href":"https:\/\/blogsaverroes.juntadeandalucia.es\/geohistoria\/wp-json\/wp\/v2\/tags?post=142"}],"curies":[{"name":"wp","href":"https:\/\/api.w.org\/{rel}","templated":true}]}}