{"id":19900,"date":"2011-08-23T15:51:00","date_gmt":"2011-08-23T15:51:00","guid":{"rendered":"tag:blogger.com,1999:blog-5642478656887788.post-7457665756724934502"},"modified":"2011-08-23T15:51:00","modified_gmt":"2011-08-23T15:51:00","slug":"un-edificio-de-miedo","status":"publish","type":"post","link":"https:\/\/blogsaverroes.juntadeandalucia.es\/geohistoria\/2011\/08\/23\/un-edificio-de-miedo\/","title":{"rendered":"Un edificio de miedo"},"content":{"rendered":"<p><img decoding=\"async\" style=\"width: 470px; height: 354px;\" src=\"http:\/\/www.elcorreoweb.es\/resources\/archivos\/2011\/8\/8\/1312829035320MASEVILLAdn.jpg\" alt=\"Fragmento de la Fachada  del Ayuntamiento\" title=\"Fragmento de la Fachada  del Ayuntamiento\" align=\"left\" hspace=\"4\" vspace=\"4\" \/> \t\t \t\t <\/p>\n<div style=\"text-align: justify;\" id=\"zonaAmpliarTexto1\">\n<div style=\"font-style: italic;\" class=\"entradilla_noticia\">\u00bfLa Catedral? \u00bfUna iglesia?  Pues no: estos bichejos viven en la fachada plateresca del Ayuntamiento  de Sevilla. No, no es que hayan salido con el humo: su presencia all\u00ed  tiene otras razones.<\/div>\n<p>Sevilla est\u00e1 llena de monstruos, mejorando lo presente. La  Catedral, por ejemplo, con sus g\u00e1rgolas y sus demonios, sus bichejos de  fantas\u00eda. Era muy propio salpicar de criaturitas absolutamente  impresentables (en lo f\u00edsico y en lo moral, por no hablar de los modales  en la mesa) los templos medievales, para acongojar al feligr\u00e9s y  advertirle de la clase de estopa que lo esperaba si se descantillaba un  pelo. Pero, \u00bfpor qu\u00e9 llenar tambi\u00e9n de motivos aterradores los edificios  civiles? \u00bfAcaso le aguarda algo similar a quien no pague el sello del  coche?, podr\u00e1 preguntarse cualquiera que se d\u00e9 un garbeo por delante de  la fachada plateresca del Ayuntamiento de Sevilla. Una joya de mediados  del siglo XVI que ahora mismo deber\u00eda de estar restaur\u00e1ndose por espacio  de dos a\u00f1os (en verano dijeron que empezar\u00edan, y ya corre agosto que se  las pela) y que de momento sigue como estaba. Quiz\u00e1 sea mejor no  quejarse mucho del retraso, porque la cosa dicen que sale por unos  250.000 euros, sino centrarse en la contemplaci\u00f3n de sus seres  imposibles.<br \/>\n<\/p>\n<p>\u00bfQu\u00e9 hacen, por ejemplo, unas calaveras humanas en  un consistorio? \u00bfTienen algo que ver con la supresi\u00f3n del Plan Centro?  Pues no, para su sorpresa. Es que eso es el Plateresco. De momento, los  amantes de lo misterioso van a tener un d\u00eda de campo. Qu\u00e9dense con un  nombre: Diego de Ria\u00f1o, el que esboz\u00f3 el edificio. Un tipo singular con  toda una historia a sus espaldas y un mar de dudas alrededor de su  persona: \u00bffue un soberbio arquitecto, tanto como para merecer una calle y  el prestigio de firmar ciertas capillas de la Catedral, o apenas pas\u00f3  de avezado cantero (probabilidad m\u00e1s cercana al parecer del arquitecto y  profesor sevillano Ricardo Sierra) y no es obra suya todo lo que se  dice? Menudo personaje. Tuvo que huir de Sevilla escopetado cuando  descalabr\u00f3 de un mazazo a su colega Pedro de Rozas, y no pudo volver  hasta ser perdonado por el hermano del muerto. Pero volvi\u00f3, y acab\u00f3  siendo (lo de <em>acab\u00f3 siendo<\/em> es literal: muri\u00f3 mientras cumpl\u00eda con su encargo) director de las obras de este palacio.<\/p>\n<p>\u00c1ngeles y dragones, monstruos y calaveras, hombres aterrorizados, <em>atrezzo<\/em>  funerario de civilizaciones antiguas y un bestiario moralizante  mezclado con otros adornos m\u00e1s&#8230; cortesanos, por as\u00ed decirlo, se asoman  a la Plaza de San Francisco desde esos frisos y esas volutas  renacentistas. Alfredo J. Morales, doctor en Historia del Arte por la  Universidad de Sevilla, justifica esta imaginer\u00eda en la vecindad  existente entre el nuevo edificio y el Convento de San Francisco, que  estaban pegados (de hecho, el Arquillo era el acceso al comp\u00e1s del  convento); ello \u00abexplica la presencia de motivos religiosos en la  ornamentaci\u00f3n de un edificio civil\u00bb.<\/p>\n<p>No se sabe qui\u00e9n eligi\u00f3 esas  esculturas y no otras, pero s\u00ed se conjetura que con ello tambi\u00e9n se  quiso ensalzar el origen m\u00edtico de la ciudad, como se\u00f1ala Morales, as\u00ed  como la grandeza de sus h\u00e9roes y el esplendor del presente. <\/p>\n<p>Un  constructor homicida, una \u00e9poca de tr\u00e1nsito entre los rescoldos de la  Edad Media y los incipientes fulgores del Renacimiento, un entallador  desconocido, un convento al lado y una disimulada galer\u00eda de horrores  que contempla al paseante. Ya tiene los mimbres para imaginarse su  propia novela la pr\u00f3xima vez que pase por all\u00ed.  <\/p>\n<\/p><\/div>\n<div style=\"text-align: justify;\"> \t\t \t\t \t\t\t \t\t\t \t\t\t<\/div>\n<div style=\"text-align: right;\"><small> \t\t\t\t\tC\u00e9sar Rufino: <a href=\"http:\/\/www.elcorreoweb.es\/sevilla\/128140\/edificio\/miedo\"><span style=\"font-style: italic;\">Un edificio de miedo<\/span><\/a>, El Correo de Andaluc\u00eda, 8 de agosto de 2011<\/small><\/div>\n<div class=\"blogger-post-footer\">http:\/\/feeds.feedburner.com\/blogspot\/aSxe<img width='1' height='1' src='https:\/\/blogger.googleusercontent.com\/tracker\/5642478656887788-7457665756724934502?l=carbularte.blogspot.com' alt='' \/><\/div>\n","protected":false},"excerpt":{"rendered":"<p><img decoding=\"async\" style=\"width: 470px;height: 354px\" src=\"http:\/\/www.elcorreoweb.es\/resources\/archivos\/2011\/8\/8\/1312829035320MASEVILLAdn.jpg\" alt=\"Fragmento de la Fachada  del Ayuntamiento\" title=\"Fragmento de la Fachada  del Ayuntamiento\" align=\"left\" hspace=\"4\" vspace=\"4\" \/> \t\t \t\t <\/p>\n<div style=\"text-align: justify\" id=\"zonaAmpliarTexto1\">\n<div style=\"font-style: italic\" class=\"entradilla_noticia\">\u00bfLa Catedral? \u00bfUna iglesia?  Pues no: estos bichejos viven en la fachada plateresca del Ayuntamiento  de Sevilla. No, no es que hayan salido con el humo: su presencia all\u00ed  tiene otras razones.<\/div>\n<p>Sevilla est\u00e1 llena de monstruos, mejorando lo presente. La  Catedral, por ejemplo, con sus g\u00e1rgolas y sus demonios, sus bichejos de  fantas\u00eda. Era muy propio salpicar de criaturitas absolutamente  impresentables (en lo f\u00edsico y en lo moral, por no hablar de los modales  en la mesa) los templos medievales, para acongojar al feligr\u00e9s y  advertirle de la clase de estopa que lo esperaba si se descantillaba un  pelo. Pero, \u00bfpor qu\u00e9 llenar tambi\u00e9n de motivos aterradores los edificios  civiles? \u00bfAcaso le aguarda algo similar a quien no pague el sello del  coche?, podr\u00e1 preguntarse cualquiera que se d\u00e9 un garbeo por delante de  la fachada plateresca del Ayuntamiento de Sevilla. Una joya de mediados  del siglo XVI que ahora mismo deber\u00eda de estar restaur\u00e1ndose por espacio  de dos a\u00f1os (en verano dijeron que empezar\u00edan, y ya corre agosto que se  las pela) y que de momento sigue como estaba. Quiz\u00e1 sea mejor no  quejarse mucho del retraso, porque la cosa dicen que sale por unos  250.000 euros, sino centrarse en la contemplaci\u00f3n de sus seres  imposibles.<br \/>\n<\/p>\n<p>\u00bfQu\u00e9 hacen, por ejemplo, unas calaveras humanas en  un consistorio? \u00bfTienen algo que ver con la supresi\u00f3n del Plan Centro?  Pues no, para su sorpresa. Es que eso es el Plateresco. De momento, los  amantes de lo misterioso van a tener un d\u00eda de campo. Qu\u00e9dense con un  nombre: Diego de Ria\u00f1o, el que esboz\u00f3 el edificio. Un tipo singular con  toda una historia a sus espaldas y un mar de dudas alrededor de su  persona: \u00bffue un soberbio arquitecto, tanto como para merecer una calle y  el prestigio de firmar ciertas capillas de la Catedral, o apenas pas\u00f3  de avezado cantero (probabilidad m\u00e1s cercana al parecer del arquitecto y  profesor sevillano Ricardo Sierra) y no es obra suya todo lo que se  dice? Menudo personaje. Tuvo que huir de Sevilla escopetado cuando  descalabr\u00f3 de un mazazo a su colega Pedro de Rozas, y no pudo volver  hasta ser perdonado por el hermano del muerto. Pero volvi\u00f3, y acab\u00f3  siendo (lo de <em>acab\u00f3 siendo<\/em> es literal: muri\u00f3 mientras cumpl\u00eda con su encargo) director de las obras de este palacio.<\/p>\n<p>\u00c1ngeles y dragones, monstruos y calaveras, hombres aterrorizados, <em>atrezzo<\/em>  funerario de civilizaciones antiguas y un bestiario moralizante  mezclado con otros adornos m\u00e1s&#8230; cortesanos, por as\u00ed decirlo, se asoman  a la Plaza de San Francisco desde esos frisos y esas volutas  renacentistas. Alfredo J. Morales, doctor en Historia del Arte por la  Universidad de Sevilla, justifica esta imaginer\u00eda en la vecindad  existente entre el nuevo edificio y el Convento de San Francisco, que  estaban pegados (de hecho, el Arquillo era el acceso al comp\u00e1s del  convento); ello \u00abexplica la presencia de motivos religiosos en la  ornamentaci\u00f3n de un edificio civil\u00bb.<\/p>\n<p>No se sabe qui\u00e9n eligi\u00f3 esas  esculturas y no otras, pero s\u00ed se conjetura que con ello tambi\u00e9n se  quiso ensalzar el origen m\u00edtico de la ciudad, como se\u00f1ala Morales, as\u00ed  como la grandeza de sus h\u00e9roes y el esplendor del presente. <\/p>\n<p>Un  constructor homicida, una \u00e9poca de tr\u00e1nsito entre los rescoldos de la  Edad Media y los incipientes fulgores del Renacimiento, un entallador  desconocido, un convento al lado y una disimulada galer\u00eda de horrores  que contempla al paseante. Ya tiene los mimbres para imaginarse su  propia novela la pr\u00f3xima vez que pase por all\u00ed.  <\/p>\n<\/p><\/div>\n<div style=\"text-align: justify\"> \t\t \t\t \t\t\t \t\t\t \t\t\t<\/div>\n<div style=\"text-align: right\"> \t\t\t\t\tC\u00e9sar Rufino: <a href=\"http:\/\/www.elcorreoweb.es\/sevilla\/128140\/edificio\/miedo\"><span style=\"font-style: italic\">Un edificio de miedo<\/span><\/a>, El Correo de Andaluc\u00eda, 8 de agosto de 2011<\/div>\n<div class=\"blogger-post-footer\">http:\/\/feeds.feedburner.com\/blogspot\/aSxe<img width='1' height='1' src='https:\/\/blogger.googleusercontent.com\/tracker\/5642478656887788-7457665756724934502?l=carbularte.blogspot.com' alt='' \/><\/div>\n","protected":false},"author":211,"featured_media":0,"comment_status":"closed","ping_status":"closed","sticky":false,"template":"","format":"standard","meta":{"ngg_post_thumbnail":0,"footnotes":""},"categories":[1,661],"tags":[9125],"aioseo_notices":[],"_links":{"self":[{"href":"https:\/\/blogsaverroes.juntadeandalucia.es\/geohistoria\/wp-json\/wp\/v2\/posts\/19900"}],"collection":[{"href":"https:\/\/blogsaverroes.juntadeandalucia.es\/geohistoria\/wp-json\/wp\/v2\/posts"}],"about":[{"href":"https:\/\/blogsaverroes.juntadeandalucia.es\/geohistoria\/wp-json\/wp\/v2\/types\/post"}],"author":[{"embeddable":true,"href":"https:\/\/blogsaverroes.juntadeandalucia.es\/geohistoria\/wp-json\/wp\/v2\/users\/211"}],"replies":[{"embeddable":true,"href":"https:\/\/blogsaverroes.juntadeandalucia.es\/geohistoria\/wp-json\/wp\/v2\/comments?post=19900"}],"version-history":[{"count":0,"href":"https:\/\/blogsaverroes.juntadeandalucia.es\/geohistoria\/wp-json\/wp\/v2\/posts\/19900\/revisions"}],"wp:attachment":[{"href":"https:\/\/blogsaverroes.juntadeandalucia.es\/geohistoria\/wp-json\/wp\/v2\/media?parent=19900"}],"wp:term":[{"taxonomy":"category","embeddable":true,"href":"https:\/\/blogsaverroes.juntadeandalucia.es\/geohistoria\/wp-json\/wp\/v2\/categories?post=19900"},{"taxonomy":"post_tag","embeddable":true,"href":"https:\/\/blogsaverroes.juntadeandalucia.es\/geohistoria\/wp-json\/wp\/v2\/tags?post=19900"}],"curies":[{"name":"wp","href":"https:\/\/api.w.org\/{rel}","templated":true}]}}