{"id":22996,"date":"2011-10-06T17:22:53","date_gmt":"2011-10-06T17:22:53","guid":{"rendered":"http:\/\/socialescepcor.wordpress.com\/2011\/10\/06\/del-e-learning-al-cloud-learning-relpe\/"},"modified":"2011-10-06T17:22:53","modified_gmt":"2011-10-06T17:22:53","slug":"del-e-learning-al-cloud-learning","status":"publish","type":"post","link":"https:\/\/blogsaverroes.juntadeandalucia.es\/geohistoria\/2011\/10\/06\/del-e-learning-al-cloud-learning\/","title":{"rendered":"Del e-learning al cloud learning."},"content":{"rendered":"<p>Via Scoop.it &#8211; Geograf\u00eda e Historia en Secundaria Madri+d publica el documento expuesto en EDULEARN11 (foro internacional en que se presentar\u00e1n proyectos y discutir\u00e1n las \u00faltimas innovaciones y resultados en el \u00e1mbito de las Nuevas Tecnolog\u00edas en la Educaci\u00f3n, e-learning y las metodolog\u00edas aplicadas a la Educaci\u00f3n e Investigaci\u00f3n) sobre el cambio de paradigma educativo, [&#8230;]<img loading=\"lazy\" decoding=\"async\" alt=\"\" border=\"0\" src=\"http:\/\/stats.wordpress.com\/b.gif?host=socialescepcor.wordpress.com&amp;blog=2457837&amp;post=2686&amp;subd=socialescepcor&amp;ref=&amp;feed=1\" width=\"1\" height=\"1\" \/><\/p>\n","protected":false},"excerpt":{"rendered":"<p>Via Scoop.it &#8211; Geograf\u00eda e Historia en Secundaria Madri+d publica el documento expuesto en EDULEARN11 (foro internacional en que se presentar\u00e1n proyectos y discutir\u00e1n las \u00faltimas innovaciones y resultados en el \u00e1mbito de las Nuevas Tecnolog\u00edas en la Educaci\u00f3n, e-learning y las metodolog\u00edas aplicadas a la Educaci\u00f3n e Investigaci\u00f3n) sobre el cambio de paradigma educativo, [&#8230;]<img loading=\"lazy\" decoding=\"async\" alt=\"\" border=\"0\" src=\"http:\/\/stats.wordpress.com\/b.gif?host=socialescepcor.wordpress.com&amp;blog=2457837&amp;post=2686&amp;subd=socialescepcor&amp;ref=&amp;feed=1\" width=\"1\" height=\"1\" \/><\/p>\n","protected":false},"author":169,"featured_media":0,"comment_status":"closed","ping_status":"closed","sticky":false,"template":"","format":"standard","meta":{"ngg_post_thumbnail":0,"footnotes":""},"categories":[80,643,1533,81,1,4],"tags":[],"aioseo_notices":[],"_links":{"self":[{"href":"https:\/\/blogsaverroes.juntadeandalucia.es\/geohistoria\/wp-json\/wp\/v2\/posts\/22996"}],"collection":[{"href":"https:\/\/blogsaverroes.juntadeandalucia.es\/geohistoria\/wp-json\/wp\/v2\/posts"}],"about":[{"href":"https:\/\/blogsaverroes.juntadeandalucia.es\/geohistoria\/wp-json\/wp\/v2\/types\/post"}],"author":[{"embeddable":true,"href":"https:\/\/blogsaverroes.juntadeandalucia.es\/geohistoria\/wp-json\/wp\/v2\/users\/169"}],"replies":[{"embeddable":true,"href":"https:\/\/blogsaverroes.juntadeandalucia.es\/geohistoria\/wp-json\/wp\/v2\/comments?post=22996"}],"version-history":[{"count":0,"href":"https:\/\/blogsaverroes.juntadeandalucia.es\/geohistoria\/wp-json\/wp\/v2\/posts\/22996\/revisions"}],"wp:attachment":[{"href":"https:\/\/blogsaverroes.juntadeandalucia.es\/geohistoria\/wp-json\/wp\/v2\/media?parent=22996"}],"wp:term":[{"taxonomy":"category","embeddable":true,"href":"https:\/\/blogsaverroes.juntadeandalucia.es\/geohistoria\/wp-json\/wp\/v2\/categories?post=22996"},{"taxonomy":"post_tag","embeddable":true,"href":"https:\/\/blogsaverroes.juntadeandalucia.es\/geohistoria\/wp-json\/wp\/v2\/tags?post=22996"}],"curies":[{"name":"wp","href":"https:\/\/api.w.org\/{rel}","templated":true}]}}