{"id":29114,"date":"2012-02-21T01:07:26","date_gmt":"2012-02-21T01:07:26","guid":{"rendered":"http:\/\/blog.educastur.es\/revolucion\/2012\/02\/21\/escapismo-krahe\/"},"modified":"2012-02-21T01:07:26","modified_gmt":"2012-02-21T01:07:26","slug":"escapismo-krahe","status":"publish","type":"post","link":"https:\/\/blogsaverroes.juntadeandalucia.es\/geohistoria\/2012\/02\/21\/escapismo-krahe\/","title":{"rendered":"Escapismo Krahe"},"content":{"rendered":"<ul>\n<li>Tengo un amigo militar. A los amigos ya se sabe, se les perdona todo. Dice que los militares son como los curas (ning\u00fan cl\u00e9rigo entre mis camaradas, a pesar de la liturgia <img decoding=\"async\" src=\"http:\/\/blog.educastur.es\/revolucion\/wp-includes\/js\/tinymce\/plugins\/emotions\/images\/smiley-wink.gif\" alt=\"Gui\u00f1o\" border=\"0\" \/>), lo son siempre. Las profes, tambi\u00e9n lo somos siempre. La condena es eterna, como el cielo del aula. Dicen por ah\u00ed que tenemos muchas vacaciones, pero como los soldados y los p\u00e1rrocos, estamos siempre de guardia. A esta profe, de todos los lectores de este blog es sabido, la pierde utilizar la m\u00fasica en el aula. \u00a1Dicen tantas cosas las canciones! Por eso, cuando el <a href=\"http:\/\/www.lavozdegalicia.es\/noticia\/amarina\/2012\/02\/06\/concierto-cantautor-javier-krahe-dia-18-ribadeo\/00031328550711091502610.htm\" >s\u00e1bado <\/a>aterriz\u00f3 en el concierto de <a href=\"http:\/\/www.proyectokrahe.org\/index.php\/P%C3%A1gina_Principal\" ><strong><font color=\"#0000FF\">Javier Krahe<\/font><\/strong><\/a> adem\u00e1s de re\u00edrse a mand\u00edbula batiente y tranquilizarse pensando que no todo est\u00e1 perdido, se pas\u00f3 las dos horitas que dur\u00f3 el <a href=\"https:\/\/picasaweb.google.com\/115229892445076568459\/Mafalda#5711380898421484562\" ><em>escapismo <\/em><\/a>(esta vez de lucidez, no de vainilla y pistacho) pensando: <font color=\"#0000FF\"><em>esta me vale para clase<\/em><\/font>.<\/li>\n<\/ul>\n<p align=\"center\"><img loading=\"lazy\" decoding=\"async\" src=\"http:\/\/www.elrincondelcantautor.com\/uploads\/cantautores\/javierkrahe\/foto2.jpg\" height=\"298\" width=\"400\" \/><\/p>\n<ul>\n<li>\u00bfPero profe, este quien es?\u00a0 Como supon\u00eda que me har\u00edas este pregunta os dir\u00e9 que <a href=\"http:\/\/www.publico.es\/culturas\/332444\/quise-ser-tarzan-pero-sabia-que-eso-no-era-un-oficio\" >este tipo <\/a>es un c\u00ednico y por tanto, vive en un tonel (o por lo menos alrededor de \u00e9l). Que tose m\u00e1s que canta, que tiene por bandera la iron\u00eda y que en ocasiones, es el salvavidas de las profes cuando son <em>incapaces de pasar su r\u00edos por debajo de todos los puentes<\/em>. Le debemos joyas como <font color=\"#0000FF\"><em>La<\/em><\/font> <em><font color=\"#0000FF\">hoguera <\/font><\/em>o <font color=\"#0000FF\"><em>Cuervo ingenuo<\/em><\/font>. Tambi\u00e9n <font color=\"#0000FF\"><font color=\"#000000\">lo conocemos por<\/font><em> <\/em><em>Marieta <\/em><\/font>o <em><font color=\"#0000FF\">Un burdo rumor<\/font><\/em>. Pero para el asunto que nos ocupa me quedo con las que os enlazo a continuaci\u00f3n:<\/li>\n<\/ul>\n<p align=\"center\">\n<div id=\"swf5af0_1\" style=\"text-align:center;\">\nEsta pel\u00edcula necesita Flash Player 7\n<\/div>\n<p><script type=\"text\/javascript\">\n\/\/ <![CDATA[ \nvar so = new SWFObject(\"http:\/\/www.goear.com\/files\/external.swf?file=f1ac879\", \"id1\", 353, 132, \"7\", \"blue\");\nso.addParam(\"wmode\", \"window\")\nso.addParam(\"menu\", \"true\")\nso.addParam(\"quality\", \"high\")\nso.addParam(\"salign\", \"tl\")\nso.write(\"swf5af0_1\")\n\/\/ ]]&gt;\n<\/script>\n<\/p>\n\n\n\n\n<p align=\"center\">\n\n<div id=\"swf5af0_2\" style=\"text-align:center;\">\nEsta pel\u00edcula necesita Flash Player 7\n<\/div>\n\n\n<script type=\"text\/javascript\">\n\/\/ <![CDATA[ \nvar so = new SWFObject(\"http:\/\/www.goear.com\/files\/external.swf?file=95dc853\", \"id2\", 353, 132, \"7\", \"blue\");\nso.addParam(\"wmode\", \"window\")\nso.addParam(\"menu\", \"true\")\nso.addParam(\"quality\", \"high\")\nso.addParam(\"salign\", \"tl\")\nso.write(\"swf5af0_2\")\n\/\/ ]]&gt;\n<\/script>\n<\/p>\n\n\n\n\n<p align=\"center\">\n\n<div id=\"swf5af0_3\" style=\"text-align:center;\">\nEsta pel\u00edcula necesita Flash Player 7\n<\/div>\n\n\n<script type=\"text\/javascript\">\n\/\/ <![CDATA[ \nvar so = new SWFObject(\"http:\/\/www.goear.com\/files\/external.swf?file=d948068\", \"id3\", 353, 132, \"7\", \"blue\");\nso.addParam(\"wmode\", \"window\")\nso.addParam(\"menu\", \"true\")\nso.addParam(\"quality\", \"high\")\nso.addParam(\"salign\", \"tl\")\nso.write(\"swf5af0_3\")\n\/\/ ]]&gt;\n<\/script>\n<\/p>\n\n\n\n\n<ul>\n\n\n<li>Y si se me permite la licencia, pong\u00e1monos rom\u00e1nticas.<\/li>\n\n\n<\/ul>\n\n\n\n\n<p align=\"center\">\n\n<div id=\"swf5af0_4\" style=\"text-align:center;\">\nEsta pel\u00edcula necesita Flash Player 7\n<\/div>\n\n\n<script type=\"text\/javascript\">\n\/\/ <![CDATA[ \nvar so = new SWFObject(\"http:\/\/www.goear.com\/files\/external.swf?file=49299e1\", \"id4\", 353, 132, \"7\", \"blue\");\nso.addParam(\"wmode\", \"window\")\nso.addParam(\"menu\", \"true\")\nso.addParam(\"quality\", \"high\")\nso.addParam(\"salign\", \"tl\")\nso.write(\"swf5af0_4\")\n\/\/ ]]&gt;\n<\/script>\n<\/p>\n\n\n\n\n<p align=\"center\">&nbsp;<\/p>\n\n\n\n<\/p>\n","protected":false},"excerpt":{"rendered":"<p>Tengo un amigo militar. A los amigos ya se sabe, se les perdona todo. Dice que los militares son como los curas (ning\u00fan cl\u00e9rigo entre mis camaradas, a pesar de la liturgia ), lo son siempre. Las profes, tambi\u00e9n lo somos siempre. La condena es eterna, como el cielo del aula. Dicen por ah\u00ed que [&#8230;]<\/p>\n","protected":false},"author":172,"featured_media":0,"comment_status":"closed","ping_status":"closed","sticky":false,"template":"","format":"standard","meta":{"ngg_post_thumbnail":0,"footnotes":""},"categories":[2091,1,380,668],"tags":[11532,667],"aioseo_notices":[],"_links":{"self":[{"href":"https:\/\/blogsaverroes.juntadeandalucia.es\/geohistoria\/wp-json\/wp\/v2\/posts\/29114"}],"collection":[{"href":"https:\/\/blogsaverroes.juntadeandalucia.es\/geohistoria\/wp-json\/wp\/v2\/posts"}],"about":[{"href":"https:\/\/blogsaverroes.juntadeandalucia.es\/geohistoria\/wp-json\/wp\/v2\/types\/post"}],"author":[{"embeddable":true,"href":"https:\/\/blogsaverroes.juntadeandalucia.es\/geohistoria\/wp-json\/wp\/v2\/users\/172"}],"replies":[{"embeddable":true,"href":"https:\/\/blogsaverroes.juntadeandalucia.es\/geohistoria\/wp-json\/wp\/v2\/comments?post=29114"}],"version-history":[{"count":2218,"href":"https:\/\/blogsaverroes.juntadeandalucia.es\/geohistoria\/wp-json\/wp\/v2\/posts\/29114\/revisions"}],"predecessor-version":[{"id":31570,"href":"https:\/\/blogsaverroes.juntadeandalucia.es\/geohistoria\/wp-json\/wp\/v2\/posts\/29114\/revisions\/31570"}],"wp:attachment":[{"href":"https:\/\/blogsaverroes.juntadeandalucia.es\/geohistoria\/wp-json\/wp\/v2\/media?parent=29114"}],"wp:term":[{"taxonomy":"category","embeddable":true,"href":"https:\/\/blogsaverroes.juntadeandalucia.es\/geohistoria\/wp-json\/wp\/v2\/categories?post=29114"},{"taxonomy":"post_tag","embeddable":true,"href":"https:\/\/blogsaverroes.juntadeandalucia.es\/geohistoria\/wp-json\/wp\/v2\/tags?post=29114"}],"curies":[{"name":"wp","href":"https:\/\/api.w.org\/{rel}","templated":true}]}}