{"id":29175,"date":"2012-02-23T13:03:07","date_gmt":"2012-02-23T13:03:07","guid":{"rendered":"http:\/\/blog.educastur.es\/revolucion\/2012\/02\/23\/cruce-de-cables\/"},"modified":"2012-02-23T13:03:07","modified_gmt":"2012-02-23T13:03:07","slug":"cruce-de-cables","status":"publish","type":"post","link":"https:\/\/blogsaverroes.juntadeandalucia.es\/geohistoria\/2012\/02\/23\/cruce-de-cables\/","title":{"rendered":"Cruce de cables"},"content":{"rendered":"<p align=\"center\"><a href=\"http:\/\/sociedad.elpais.com\/sociedad\/2012\/02\/23\/actualidad\/1330002677_821302.html\" ><img decoding=\"async\" src=\"http:\/\/blog.educastur.es\/revolucion\/files\/2012\/02\/rompetechos-einstein.JPG\" alt=\"Rompe-Einstein\" \/><\/a><\/p>\n<ul>\n<li>Empiezo a entender, estimada muchachada, porqu\u00e9 dispar\u00e1is respuestas irreflexivas ante casi cualquier cuesti\u00f3n que os planteo. La inmediatez prima en la sociedad de la comunicaci\u00f3n, en la era de la revoluci\u00f3n tecnol\u00f3gica.<font color=\"#0000FF\"> <em>\u00bfReflexionar, qu\u00e9 es eso?<\/em><\/font> Lo importante es dar luz y publicidad a mis respuestas, a mis (buenos) resultados, a mis inmejorables e inmediatas estad\u00edsticas. Correctas o no, mis intervenciones son las que cuentan. <em><font color=\"#0000FF\">\u00a1No disparen al pianista!<\/font><\/em> La profe se desga\u00f1ita para evitar que abr\u00e1is la boca con la sana intenci\u00f3n de responder cualquier tonter\u00eda. In\u00fatil af\u00e1n el m\u00edo. <em><font color=\"#0000FF\">Fulanito es muy bueno, pero no participa <\/font><\/em>me canso de escuchar en las REDES. Hace a\u00f1os, en una alarde de autarqu\u00eda propio de tiempos pret\u00e9ritos, el padre de servidora tuvo a bien aprovechar un viejo enchufe y colocarlo en uno de los cabos del cable de la antena de la televisi\u00f3n. Mi estimada madre, menos ducha en tecnolog\u00eda y cabler\u00edos varios, confundi\u00f3 empalmes y nuestra caja tonta sufri\u00f3 las terribles consecuencias de la err\u00f3nea conexi\u00f3n. \u00a1Aquello s\u00ed fue un encuentro en la tercera fase! Desde entonces, los aparatos el\u00e9ctricos, (especialmente las computadoras) traen clavijas imposibles de intercambiar. <em><font color=\"#0000FF\">\u00bfD\u00f3nde enchufo esto? <\/font><\/em>D\u00f3nde quepa, no ha lugar a error. <em><font color=\"#0000FF\">Ya estamos con las batallitas de la profe, d\u00e9jala si cada d\u00eda est\u00e1 peor ahora le da por los enchufes a la pobre<\/font><\/em>. \u00bfPero c\u00f3mo no me va a dar, si en este loco af\u00e1n por innovar y ser los primeros, ya no nos importa ni tirar por tierra las <a href=\"http:\/\/teoria-de-la-relatividad.blogspot.com\/\" >bases de la F\u00edsica<\/a> sin comprobar que el <a href=\"http:\/\/www.mortadeloyfilemon.com\/personajes\/rompetechos\/index.htm\" >Rompetechos <\/a>de turno (tal cual mi santa madre), <a href=\"http:\/\/www.abc.es\/20120223\/ciencia\/abci-encuentran-fallo-experimento-neutrinos-201202230846.html\" >enchuf\u00f3 los cables<\/a> donde no deb\u00eda. Si es que ya, ni de los cient\u00edficos se puede fiar una. Aunque <a href=\"http:\/\/www.rtve.es\/noticias\/20120223\/lentitud-neutrinos-cuestionada-cable-defectuoso\/500510.shtml\" >bendita ciencia, cuando es tan humana<\/a>.<\/li>\n<\/ul>\n<p><font color=\"#FFFFFF\">A<\/font><\/p>\n<ul>\n<li>P.S.: Pues nada, que dice mi muchachada que me confund\u00ed de art\u00edculo. Que los cruces de cables no tienen que ver con la Historia. \u00a1Ay inocentes, si supier\u00e1is el miedo que les dio a muchos otro <a href=\"http:\/\/www.rtve.es\/alacarta\/videos\/programa\/archivo-asalto-tejero-congreso-23-1981\/392929\/\" >cruce de cables<\/a>, otro <a href=\"http:\/\/www.elmundo.es\/especiales\/2001\/02\/nacional\/23-f\/grafico.html\" >23-F<\/a>, cuando un iluminado pretendi\u00f3 ajustarnos a todos las clavijas!<\/li>\n<\/ul>\n","protected":false},"excerpt":{"rendered":"<p>Empiezo a entender, estimada muchachada, porqu\u00e9 dispar\u00e1is respuestas irreflexivas ante casi cualquier cuesti\u00f3n que os planteo. La inmediatez prima en la sociedad de la comunicaci\u00f3n, en la era de la revoluci\u00f3n tecnol\u00f3gica. \u00bfReflexionar, qu\u00e9 es eso? Lo importante es dar luz y publicidad a mis respuestas, a mis (buenos) resultados, a mis inmejorables e inmediatas [&#8230;]<\/p>\n","protected":false},"author":172,"featured_media":0,"comment_status":"closed","ping_status":"closed","sticky":false,"template":"","format":"standard","meta":{"ngg_post_thumbnail":0,"footnotes":""},"categories":[1,380],"tags":[11532],"aioseo_notices":[],"_links":{"self":[{"href":"https:\/\/blogsaverroes.juntadeandalucia.es\/geohistoria\/wp-json\/wp\/v2\/posts\/29175"}],"collection":[{"href":"https:\/\/blogsaverroes.juntadeandalucia.es\/geohistoria\/wp-json\/wp\/v2\/posts"}],"about":[{"href":"https:\/\/blogsaverroes.juntadeandalucia.es\/geohistoria\/wp-json\/wp\/v2\/types\/post"}],"author":[{"embeddable":true,"href":"https:\/\/blogsaverroes.juntadeandalucia.es\/geohistoria\/wp-json\/wp\/v2\/users\/172"}],"replies":[{"embeddable":true,"href":"https:\/\/blogsaverroes.juntadeandalucia.es\/geohistoria\/wp-json\/wp\/v2\/comments?post=29175"}],"version-history":[{"count":10,"href":"https:\/\/blogsaverroes.juntadeandalucia.es\/geohistoria\/wp-json\/wp\/v2\/posts\/29175\/revisions"}],"predecessor-version":[{"id":37620,"href":"https:\/\/blogsaverroes.juntadeandalucia.es\/geohistoria\/wp-json\/wp\/v2\/posts\/29175\/revisions\/37620"}],"wp:attachment":[{"href":"https:\/\/blogsaverroes.juntadeandalucia.es\/geohistoria\/wp-json\/wp\/v2\/media?parent=29175"}],"wp:term":[{"taxonomy":"category","embeddable":true,"href":"https:\/\/blogsaverroes.juntadeandalucia.es\/geohistoria\/wp-json\/wp\/v2\/categories?post=29175"},{"taxonomy":"post_tag","embeddable":true,"href":"https:\/\/blogsaverroes.juntadeandalucia.es\/geohistoria\/wp-json\/wp\/v2\/tags?post=29175"}],"curies":[{"name":"wp","href":"https:\/\/api.w.org\/{rel}","templated":true}]}}