{"id":30243,"date":"2012-04-02T21:25:00","date_gmt":"2012-04-02T21:25:00","guid":{"rendered":"tag:blogger.com,1999:blog-555334299752829644.post-6504806962723486110"},"modified":"2012-04-02T21:25:14","modified_gmt":"2012-04-02T21:25:14","slug":"fragas-do-eume","status":"publish","type":"post","link":"https:\/\/blogsaverroes.juntadeandalucia.es\/geohistoria\/2012\/04\/02\/fragas-do-eume\/","title":{"rendered":"Fragas do Eume"},"content":{"rendered":"<p>Arde un dos lugares m\u00e1is fermosos de Galicia. <\/p>\n<div class=\"separator\" style=\"clear: both; text-align: center;\">\n<a href=\"http:\/\/3.bp.blogspot.com\/-MEkJEx3ZBJA\/T3gwuYuLbhI\/AAAAAAAAA2I\/pSLDTgk2vI8\/s1600\/incendio_fraga.jpg\" imageanchor=\"1\" style=\"margin-left: 1em; margin-right: 1em;\"><img loading=\"lazy\" decoding=\"async\" border=\"0\" height=\"225\" src=\"http:\/\/3.bp.blogspot.com\/-MEkJEx3ZBJA\/T3gwuYuLbhI\/AAAAAAAAA2I\/pSLDTgk2vI8\/s400\/incendio_fraga.jpg\" width=\"400\" \/><\/a><\/div>\n<div style=\"text-align: center;\">\n<span style=\"font-size: x-small;\"><i>(c) La Voz de Galicia<\/i><\/span><\/div>\n<p>\nV Televisi\u00f3n percorre o coraz\u00f3n das Fragas do Eume.<br \/>\n<object data=\"http:\/\/media.vtelevision.es\/video\/flowplayer.commercial-3.1.5.swf\" height=\"236\" type=\"application\/x-shockwave-flash\" width=\"420\"><param name=\"movie\" value=\"http:\/\/media.vtelevision.es\/video\/flowplayer.commercial-3.1.5.swf\" \/><param name=\"allowfullscreen\" value=\"true\" \/><param name=\"allowscriptaccess\" value=\"always\" \/><param name=\"flashvars\" value='config={\"key\":\"#$65f19e0dd8ab233181e\",\"canvas\":{\"backgroundColor\":\"#000000\",\"backgroundGradient\":\"none\"},\"play\":{\"replayLabel\":\"Ver otra vez\",\"opacity\":1},\"playlist\":[{\"url\":\"http:\/\/media.vtelevision.es\/default\/2012\/04\/02\/0031_26_134117\/Foto\/img_134117.jpg\",\"fadeInSpeed\":500,\"fadeOutSpeed\":0,\"scaling\":\"fit\"},{\"url\":\"http:\/\/media.vtelevision.es\/default\/2012\/04\/02\/0031_26_134117\/Video\/video_134117.mp4\",\"fadeInSpeed\":500,\"fadeOutSpeed\":0,\"scaling\":\"fit\"}],\"clip\":{\"fadeInSpeed\":500,\"fadeOutSpeed\":0,\"scaling\":\"fit\"},\"plugins\":{\"controls\":{\"url\":\"http:\/\/media.vtelevision.es\/video\/flowplayer.controls-3.1.5.swf\",\"autoHide\":\"always\",\"backgroundColor\":\"transparent\",\"backgroundGradient\":\"none\",\"sliderColor\":\"#ffffff\",\"sliderBorder\":\"1.5px solid rgba(160,160,160,0.7)\",\"volumeSliderColor\":\"#ffffff\",\"volumeBorder\":\"1.5px solid rgba(160,160,160,0.7)\",\"bufferColor\":\"#cccccc\",\"progressColor\":\"#AE101A\",\"buttonOverColor\":\"#AE101A\",\"buttonColor\":\"#AE101A\",\"timeBgColor\":\"#AE101A\",\"timeColor\":\"#ffffff\",\"durationColor\":\"#cccccc\",\"tooltipColor\":\"rgba(255, 255, 255, 0.7)\",\"tooltipTextColor\":\"#AE101A\"},\"content\":{\"url\":\"http:\/\/media.vtelevision.es\/video\/flowplayer.content-3.1.0.swf\",\"height\":40,\"width\":\"100pct\",\"top\":0,\"backgroundColor\":\"#000000\",\"border\":\"none\",\"borderRadius\":0,\"style\":{\"a\":{\"color\":\"#ffffff\",\"fontSize\":20,\"fontWeight\":\"bold\",\"marginLeft\":20}},\"opacity\":0.9,\"html\":null,\"display\":\"none\"},\"openAdStreamer\":{\"url\":\"http:\/\/media.vtelevision.es\/video\/OpenAdStreamer.swf\",\"autoPlay\":false,\"player\":{\"metaData\":false,\"scaling\":\"fit\"},\"ads\":{\"notice\":{\"type\":\"countdown\",\"textStyle\":\"smalltext\",\"message\":\"La publicidad finaliza en _countdown_ sg.\"},\"disableControls\":false,\"servers\":[{\"type\":\"direct\",\"tag\":\"http:\/\/reachandrich.antevenio.com\/call\/pubj\/18844\/135289\/4332\/M\/%5Btimestamp%5D\/%5Btarget%5D?[countgo]\"}],\"schedule\":[{\"position\":\"pre-roll\"}]}}}}' \/><\/object><\/p>\n<p>Informaci\u00f3n sobre a Fraga do Eume:<\/p>\n<ul>\n<li><a href=\"http:\/\/www.galiciamaxica.eu\/Sitios\/A%20CORUNA\/Fragas%20do%20Eume.html\" >Parque natural As Fragas do Eume<\/a> en Galicia M\u00e1xica<\/li>\n<li><a href=\"http:\/\/mediorural.xunta.es\/areas\/conservacion\/espazos_protexidos\/rede_galega\/parque_natural\/fragas_do_eume\/\" >Materiais da Conseller\u00eda do Medio Rural e do Mar <\/a><\/li>\n<li><a href=\"http:\/\/www.lavozdegalicia.es\/temas\/incendios-galicia\" >Noticias sobre incendios en Galicia<\/a> en La Voz de Galicia<\/li>\n<\/ul>\n<div style=\"text-align: center;\">\n<object height=\"213\" width=\"419\"><param name=\"movie\" value=\"http:\/\/www.youtube.com\/v\/00Uy9uQF3bI?version=3&amp;hl=es_ES\"><\/param><param name=\"allowFullScreen\" value=\"true\"><\/param><param name=\"allowscriptaccess\" value=\"always\"><\/param><embed src=\"http:\/\/www.youtube.com\/v\/00Uy9uQF3bI?version=3&amp;hl=es_ES\" type=\"application\/x-shockwave-flash\" width=\"419\" height=\"213\" allowscriptaccess=\"always\" allowfullscreen=\"true\"><\/embed><\/object>\n<\/div>\n<p>Recordando unhas fotograf\u00edas que saquei cunha sinxela c\u00e1mara fotogr\u00e1fica. Pulsa na imaxe para acceder ao <a href=\"https:\/\/picasaweb.google.com\/102746080913650291429\/FragasDoEume?authuser=0&amp;feat=directlink\" >\u00e1lbum<\/a>.<\/p>\n<table style=\"width: 194px;\">\n<tbody>\n<tr>\n<td align=\"center\" style=\"background: url(https:\/\/picasaweb.google.com\/s\/c\/transparent_album_background.gif) no-repeat left; height: 194px;\"><a href=\"https:\/\/picasaweb.google.com\/102746080913650291429\/FragasDoEume?authuser=0&amp;feat=embedwebsite\"><img loading=\"lazy\" decoding=\"async\" height=\"400\" src=\"https:\/\/lh5.googleusercontent.com\/-UZZwHo6iRjM\/T3oM0aviJbE\/AAAAAAAAA6Y\/ufMXx03yXDM\/s160-c\/FragasDoEume.jpg\" style=\"margin: 1px 0pt 0pt 4px;\" width=\"400\" \/><\/a><\/td>\n<\/tr>\n<tr>\n<td style=\"font-family: arial,sans-serif; font-size: 11px; text-align: center;\"><a href=\"https:\/\/picasaweb.google.com\/102746080913650291429\/FragasDoEume?authuser=0&amp;feat=embedwebsite\" style=\"color: #4d4d4d; font-weight: bold; text-decoration: none;\">Fragas do Eume<\/a><\/td>\n<\/tr>\n<\/tbody>\n<\/table>\n<div class=\"blogger-post-footer\"><img width='1' height='1' src='https:\/\/blogger.googleusercontent.com\/tracker\/555334299752829644-6504806962723486110?l=oblogdesociais.blogspot.com' alt='' \/><\/div>\n","protected":false},"excerpt":{"rendered":"<p>Arde un dos lugares m\u00e1is fermosos de Galicia. <\/p>\n<p>(c) La Voz de Galicia<\/p>\n<p>V Televisi\u00f3n percorre o coraz\u00f3n das Fragas do Eume.<\/p>\n<p>Informaci\u00f3n sobre a Fraga do Eume:<\/p>\n<p>Parque natural As Fragas do Eume en Galicia M\u00e1xica<br \/>\nMate&#8230;<\/p>\n","protected":false},"author":1297,"featured_media":0,"comment_status":"closed","ping_status":"closed","sticky":false,"template":"","format":"standard","meta":{"ngg_post_thumbnail":0,"footnotes":""},"categories":[643,81,1,648],"tags":[620,1428],"aioseo_notices":[],"_links":{"self":[{"href":"https:\/\/blogsaverroes.juntadeandalucia.es\/geohistoria\/wp-json\/wp\/v2\/posts\/30243"}],"collection":[{"href":"https:\/\/blogsaverroes.juntadeandalucia.es\/geohistoria\/wp-json\/wp\/v2\/posts"}],"about":[{"href":"https:\/\/blogsaverroes.juntadeandalucia.es\/geohistoria\/wp-json\/wp\/v2\/types\/post"}],"author":[{"embeddable":true,"href":"https:\/\/blogsaverroes.juntadeandalucia.es\/geohistoria\/wp-json\/wp\/v2\/users\/1297"}],"replies":[{"embeddable":true,"href":"https:\/\/blogsaverroes.juntadeandalucia.es\/geohistoria\/wp-json\/wp\/v2\/comments?post=30243"}],"version-history":[{"count":0,"href":"https:\/\/blogsaverroes.juntadeandalucia.es\/geohistoria\/wp-json\/wp\/v2\/posts\/30243\/revisions"}],"wp:attachment":[{"href":"https:\/\/blogsaverroes.juntadeandalucia.es\/geohistoria\/wp-json\/wp\/v2\/media?parent=30243"}],"wp:term":[{"taxonomy":"category","embeddable":true,"href":"https:\/\/blogsaverroes.juntadeandalucia.es\/geohistoria\/wp-json\/wp\/v2\/categories?post=30243"},{"taxonomy":"post_tag","embeddable":true,"href":"https:\/\/blogsaverroes.juntadeandalucia.es\/geohistoria\/wp-json\/wp\/v2\/tags?post=30243"}],"curies":[{"name":"wp","href":"https:\/\/api.w.org\/{rel}","templated":true}]}}