{"id":491,"date":"2007-11-12T08:29:37","date_gmt":"2007-11-12T08:29:37","guid":{"rendered":"http:\/\/blocs.xtec.cat\/cienciessocials\/archives\/102"},"modified":"2007-11-12T08:29:37","modified_gmt":"2007-11-12T08:29:37","slug":"impressionisme-i-postimpressionisme","status":"publish","type":"post","link":"https:\/\/blogsaverroes.juntadeandalucia.es\/geohistoria\/2007\/11\/12\/impressionisme-i-postimpressionisme\/","title":{"rendered":"Impressionisme i postimpressionisme"},"content":{"rendered":"<p><iframe loading=\"lazy\" src=\"http:\/\/www.slideshare.net\/slideshow\/embed_code\/25014\" width=\"425\" height=\"356\" frameborder=\"0\" marginwidth=\"0\" marginheight=\"0\" scrolling=\"no\"><\/iframe><\/p>\n<p><strong>Slide 1: <\/strong>JOAQUIM SOROLLA    Francesc Breva Franch   1<\/p>\n<p><strong>Slide 2: <\/strong>Francesc Breva Franch                 2                         Autoretrat.<\/p>\n<p><strong>Slide 3: <\/strong>Xiquets a la platja                   Francesc Breva Franch   3<\/p>\n<p><strong>Slide 4: <\/strong>                        Pesca Francesc Breva Franch           4<\/p>\n<p><strong>Slide 5: <\/strong>Escena de platja.                     Francesc Breva Franch   5<\/p>\n<p><strong>Slide 6: <\/strong>                        La pesca de la tonyina.     Francesc Breva Franch                        6<\/p>\n<p><strong>Slide 7: <\/strong>                     Francesc Breva Franch   7 I encara diuen que el peix \u00e9s car.<\/p>\n<p><strong>Slide 8: <\/strong>La tornada de pescar.   Francesc Breva Franch   8<\/p>\n<p><strong>Slide 9: <\/strong>                  Francesc Breva Franch   9 Les veles. 1916<\/p>\n<p><strong>Slide 10: <\/strong>La platja de  Zarautz.                    Francesc Breva Franch   10<\/p>\n<p><strong>Slide 11: <\/strong>Jard\u00ed de El Alcazar de Sevilla.                              Francesc Breva Franch   11<\/p>\n<p><strong>Slide 12: <\/strong>VINCENT VAN GOGH    Francesc Breva Franch   12<\/p>\n<p><strong>Slide 13: <\/strong>                                  Francesc Breva Franch   13 Els menjadors de cre\u00eflles. 1885<\/p>\n<p><strong>Slide 14: <\/strong>                       Francesc Breva Franch   14 El caf\u00e9 per la nit. 1888<\/p>\n<p><strong>Slide 15: <\/strong>                        La cadira de Van Gogh.                                  1888.     Francesc Breva Franch                        15<\/p>\n<p><strong>Slide 16: <\/strong>                        Els girasols. 1888     Francesc Breva Franch                        16<\/p>\n<p><strong>Slide 17: <\/strong>Dormitori de l\u2019artista a Arl\u00e9s.1889                        Francesc Breva Franch   17<\/p>\n<p><strong>Slide 18: <\/strong>                        Autoretrat. 1889     Francesc Breva Franch                      18<\/p>\n<p><strong>Slide 19: <\/strong>Autoretrat amb orella embenada. 1889                             Francesc Breva Franch   19<\/p>\n<p><strong>Slide 20: <\/strong>                Francesc Breva Franch   20 Lliris. 1889.<\/p>\n<p><strong>Slide 21: <\/strong>La nit estrelada.1889   Francesc Breva Franch   21<\/p>\n<p><strong>Slide 22: <\/strong>                           Francesc Breva Franch   22 Camp de blat amb xiprer. 1889<\/p>\n<p><strong>Slide 23: <\/strong>El doctor Gachet. 1890                              Francesc Breva Franch   23<\/p>\n<p><strong>Slide 24: <\/strong>      L\u2019esgl\u00e9sia d\u2019Auvers-sur-Oise. 1890                               Francesc Breva Franch   24<\/p>\n<p><strong>Slide 25: <\/strong>Carrer de poble a Auvers. 1890                              Francesc Breva Franch   25<\/p>\n<p><strong>Slide 26: <\/strong>  PAUL GAUGUIN    Francesc Breva Franch   26<\/p>\n<p><strong>Slide 27: <\/strong>                              Francesc Breva Franch             27 La visi\u00f3 despr\u00e9s del serm\u00f3. (Jacob lluitant amb l\u2019\u00e0ngel).1888<\/p>\n<p><strong>Slide 28: <\/strong>El Crist groc. 1889.                            Francesc Breva Franch   28<\/p>\n<p><strong>Slide 29: <\/strong>            Francesc Breva Franch   29 Paisatge de Bretanya.1889<\/p>\n<p><strong>Slide 30: <\/strong>                    Francesc Breva Franch   30 Dones tahitianes a la platja. 1891<\/p>\n<p><strong>Slide 31: <\/strong>Arearea. 1892   Francesc Breva Franch   31<\/p>\n<p><strong>Slide 32: <\/strong>                              Francesc Breva Franch   32 L\u2019esperit dels morts vela. 1892<\/p>\n<p><strong>Slide 33: <\/strong>Autoretrat. 1893                        Francesc Breva Franch   33<\/p>\n<p><strong>Slide 34: <\/strong>D\u2019on venim?, on anem? .1897             Francesc Breva Franch   34<\/p>\n<p><strong>Slide 35: <\/strong>El cavall blanc. 1898                             Francesc Breva Franch   35<\/p>\n<p><strong>Slide 36: <\/strong>  PAUL CEZANNE    Francesc Breva Franch   36<\/p>\n<p><strong>Slide 37: <\/strong>Autoretrat. 1875                        Francesc Breva Franch   37<\/p>\n<p><strong>Slide 38: <\/strong>Cam\u00ed a Chantilly. 1888                              Francesc Breva Franch   38<\/p>\n<p><strong>Slide 39: <\/strong>                      Francesc Breva Franch   39 Els jugadors de cartes. 1890<\/p>\n<p><strong>Slide 40: <\/strong>Banyistes. 1890   Francesc Breva Franch   40<\/p>\n<p><strong>Slide 41: <\/strong>Dona amb cafetera. 1890                               Francesc Breva Franch   41<\/p>\n<p><strong>Slide 42: <\/strong>                               Francesc Breva Franch   42 Natura morta amb pomes. 1895<\/p>\n<p><strong>Slide 43: <\/strong>Mont Sainte Victoire. 1897   Francesc Breva Franch   43<\/p>\n<p><strong>Slide 44: <\/strong>Carrer de Mongeroult. 1898                                  Francesc Breva Franch   44<\/p>\n<p><strong>Slide 45: <\/strong>                          Francesc Breva Franch   45 Natura morta amb pomes i taronges. 1899.<\/p>\n<p><strong>Slide 46: <\/strong>                             Francesc Breva Franch   46 Mont Sainte Victoire. 1902<\/p>\n<p><strong>Slide 47: <\/strong>Mont Sainte Victoire. 1902                                Francesc Breva Franch   47<\/p>\n<p><strong>Slide 48: <\/strong>                    Francesc Breva Franch   48 Les grans banyistes. 1906<\/p>\n","protected":false},"excerpt":{"rendered":"<p>Slide 1: JOAQUIM SOROLLA Francesc Breva Franch 1 Slide 2: Francesc Breva Franch 2 Autoretrat. Slide 3: Xiquets a la platja Francesc Breva Franch 3 Slide 4: Pesca Francesc Breva Franch 4 Slide 5: Escena de platja. Francesc Breva Franch 5 Slide 6: La pesca de la tonyina. Francesc Breva Franch 6 Slide 7: Francesc [&hellip;]<\/p>\n","protected":false},"author":1277,"featured_media":0,"comment_status":"closed","ping_status":"closed","sticky":false,"template":"","format":"standard","meta":{"ngg_post_thumbnail":0,"footnotes":""},"categories":[562,1,74,380,709],"tags":[867990,1434,1438,765],"aioseo_notices":[],"_links":{"self":[{"href":"https:\/\/blogsaverroes.juntadeandalucia.es\/geohistoria\/wp-json\/wp\/v2\/posts\/491"}],"collection":[{"href":"https:\/\/blogsaverroes.juntadeandalucia.es\/geohistoria\/wp-json\/wp\/v2\/posts"}],"about":[{"href":"https:\/\/blogsaverroes.juntadeandalucia.es\/geohistoria\/wp-json\/wp\/v2\/types\/post"}],"author":[{"embeddable":true,"href":"https:\/\/blogsaverroes.juntadeandalucia.es\/geohistoria\/wp-json\/wp\/v2\/users\/1277"}],"replies":[{"embeddable":true,"href":"https:\/\/blogsaverroes.juntadeandalucia.es\/geohistoria\/wp-json\/wp\/v2\/comments?post=491"}],"version-history":[{"count":12,"href":"https:\/\/blogsaverroes.juntadeandalucia.es\/geohistoria\/wp-json\/wp\/v2\/posts\/491\/revisions"}],"predecessor-version":[{"id":76963,"href":"https:\/\/blogsaverroes.juntadeandalucia.es\/geohistoria\/wp-json\/wp\/v2\/posts\/491\/revisions\/76963"}],"wp:attachment":[{"href":"https:\/\/blogsaverroes.juntadeandalucia.es\/geohistoria\/wp-json\/wp\/v2\/media?parent=491"}],"wp:term":[{"taxonomy":"category","embeddable":true,"href":"https:\/\/blogsaverroes.juntadeandalucia.es\/geohistoria\/wp-json\/wp\/v2\/categories?post=491"},{"taxonomy":"post_tag","embeddable":true,"href":"https:\/\/blogsaverroes.juntadeandalucia.es\/geohistoria\/wp-json\/wp\/v2\/tags?post=491"}],"curies":[{"name":"wp","href":"https:\/\/api.w.org\/{rel}","templated":true}]}}