{"id":64441,"date":"2013-11-21T06:50:54","date_gmt":"2013-11-21T06:50:54","guid":{"rendered":"http:\/\/vicentecamarasa.wordpress.com\/?p=3759"},"modified":"2013-11-21T06:50:54","modified_gmt":"2013-11-21T06:50:54","slug":"los-bulevares","status":"publish","type":"post","link":"https:\/\/blogsaverroes.juntadeandalucia.es\/geohistoria\/2013\/11\/21\/los-bulevares\/","title":{"rendered":"LOS BULEVARES"},"content":{"rendered":"<p>La palabra proviene del franc\u00e9s,\u00a0boulevard, pues fue en Par\u00eds en donde se generaron los primeros con los grandes cambios urban\u00edsticos por el bar\u00f3n Haussman en tiempos de Napole\u00f3n III. Al derribarse las murallas con el crecimiento de la ciudad industrial se generaron largas v\u00edas, de una anchura muy superior a las tradicionales, que rodeaban la [&#8230;]<img loading=\"lazy\" decoding=\"async\" alt=\"\" border=\"0\" src=\"http:\/\/stats.wordpress.com\/b.gif?host=vicentecamarasa.wordpress.com&#038;blog=6219840&#038;post=3759&#038;subd=vicentecamarasa&#038;ref=&#038;feed=1\" width=\"1\" height=\"1\" \/><\/p>\n","protected":false},"excerpt":{"rendered":"<p>La palabra proviene del franc\u00e9s,\u00a0boulevard, pues fue en Par\u00eds en donde se generaron los primeros con los grandes cambios urban\u00edsticos por el bar\u00f3n Haussman en tiempos de Napole\u00f3n III. Al derribarse las murallas con el crecimiento de la ciudad industrial se generaron largas v\u00edas, de una anchura muy superior a las tradicionales, que rodeaban la [&#8230;]<img loading=\"lazy\" decoding=\"async\" alt=\"\" border=\"0\" src=\"http:\/\/stats.wordpress.com\/b.gif?host=vicentecamarasa.wordpress.com&#038;blog=6219840&#038;post=3759&#038;subd=vicentecamarasa&#038;ref=&#038;feed=1\" width=\"1\" height=\"1\" \/><\/p>\n","protected":false},"author":227,"featured_media":0,"comment_status":"closed","ping_status":"closed","sticky":false,"template":"","format":"standard","meta":{"ngg_post_thumbnail":0,"footnotes":""},"categories":[562,1,74,709],"tags":[867979,867998],"aioseo_notices":[],"_links":{"self":[{"href":"https:\/\/blogsaverroes.juntadeandalucia.es\/geohistoria\/wp-json\/wp\/v2\/posts\/64441"}],"collection":[{"href":"https:\/\/blogsaverroes.juntadeandalucia.es\/geohistoria\/wp-json\/wp\/v2\/posts"}],"about":[{"href":"https:\/\/blogsaverroes.juntadeandalucia.es\/geohistoria\/wp-json\/wp\/v2\/types\/post"}],"author":[{"embeddable":true,"href":"https:\/\/blogsaverroes.juntadeandalucia.es\/geohistoria\/wp-json\/wp\/v2\/users\/227"}],"replies":[{"embeddable":true,"href":"https:\/\/blogsaverroes.juntadeandalucia.es\/geohistoria\/wp-json\/wp\/v2\/comments?post=64441"}],"version-history":[{"count":0,"href":"https:\/\/blogsaverroes.juntadeandalucia.es\/geohistoria\/wp-json\/wp\/v2\/posts\/64441\/revisions"}],"wp:attachment":[{"href":"https:\/\/blogsaverroes.juntadeandalucia.es\/geohistoria\/wp-json\/wp\/v2\/media?parent=64441"}],"wp:term":[{"taxonomy":"category","embeddable":true,"href":"https:\/\/blogsaverroes.juntadeandalucia.es\/geohistoria\/wp-json\/wp\/v2\/categories?post=64441"},{"taxonomy":"post_tag","embeddable":true,"href":"https:\/\/blogsaverroes.juntadeandalucia.es\/geohistoria\/wp-json\/wp\/v2\/tags?post=64441"}],"curies":[{"name":"wp","href":"https:\/\/api.w.org\/{rel}","templated":true}]}}