{"id":90172,"date":"2016-01-21T08:07:00","date_gmt":"2016-01-21T07:07:00","guid":{"rendered":"https:\/\/blogsaverroes.juntadeandalucia.es\/geohistoria\/?guid=72d61ef6305873f24a3a9b8831e95b2e"},"modified":"2016-07-17T11:15:05","modified_gmt":"2016-07-17T10:15:05","slug":"com-fer-una-linia-de-temps","status":"publish","type":"post","link":"https:\/\/blogsaverroes.juntadeandalucia.es\/geohistoria\/2016\/01\/21\/com-fer-una-linia-de-temps\/","title":{"rendered":"Com fer una l\u00ednia de temps"},"content":{"rendered":"<div style=\"text-align: justify;\">\n<div class=\"separator\" style=\"clear: left; float: left; margin-bottom: 1em; margin-right: 1em; text-align: center;\"><a href=\"http:\/\/www.profesorfrancisco.es\/2013\/07\/como-hacer-una-linea-del-tiempo.html\"><img loading=\"lazy\" decoding=\"async\" alt=\"http:\/\/www.profesorfrancisco.es\/2013\/07\/como-hacer-una-linea-del-tiempo.html\" border=\"0\" src=\"http:\/\/1.bp.blogspot.com\/_nqapLMgpkL0\/TU77Ad6K92I\/AAAAAAAAAhg\/9SJlrgk0s4U\/s72-c\/lineatiempo.png\" height=\"72\" width=\"72\"><\/a><\/div>\n<p>La l\u00ednia, eix o fris cronol\u00f2gic \u00e9s un gr\u00e0fic amb el <span style=\"color: purple;\">qual <\/span>representem per\u00edodes hist\u00f2rics y <span style=\"color: purple;\">successos<\/span>. T\u00e9 quatre parts: l\u2019eix on es <span style=\"color: purple;\">marquen <\/span>les dades (que pot ser una l\u00ednia o una barra rectangular), els anys que s\u2019<span style=\"color: purple;\">assenyalen <\/span>per indicar l\u2019escala, els per\u00edodes hist\u00f2rics i els esdeveniments indicats amb fletxes.<\/p>\n<div style=\"text-align: center;\">\u00a0<span style=\"font-size: x-small;\"><a href=\"http:\/\/www.profesorfrancisco.es\/2013\/07\/como-hacer-una-linea-del-tiempo.html\"><span style=\"font-size: xx-small;\">(tamb\u00e9 en castell\u00e0 en aquest enlla\u00e7)<\/span><\/a><\/span> <\/div>\n<\/div>\n<p><a href=\"http:\/\/www.profesorfrancisco.es\/2016\/01\/com-fer-un-linia-de-temps.html#more\"><\/a><\/p>\n","protected":false},"excerpt":{"rendered":"<div>\n<div><a href=\"http:\/\/www.profesorfrancisco.es\/2013\/07\/como-hacer-una-linea-del-tiempo.html\"><img loading=\"lazy\" decoding=\"async\" alt=\"http:\/\/www.profesorfrancisco.es\/2013\/07\/como-hacer-una-linea-del-tiempo.html\" border=\"0\" src=\"http:\/\/1.bp.blogspot.com\/_nqapLMgpkL0\/TU77Ad6K92I\/AAAAAAAAAhg\/9SJlrgk0s4U\/s72-c\/lineatiempo.png\" height=\"72\" width=\"72\"><\/a><\/div>\n<p>La l&iacute;nia, eix o fris cronol&ograve;gic &eacute;s un gr&agrave;fic amb el <span>qual <\/span>representem per&iacute;odes hist&ograve;rics y <span>successos<\/span>. T&eacute; quatre parts: l&rsquo;eix on es <span>marquen <\/span>les dades (que pot ser una l&iacute;nia o una barra rectangular), els anys que s&rsquo;<span>assenyalen <\/span>per indicar l&rsquo;escala, els per&iacute;odes hist&ograve;rics i els esdeveniments indicats amb fletxes.<\/p>\n<div>&nbsp;<span><a href=\"http:\/\/www.profesorfrancisco.es\/2013\/07\/como-hacer-una-linea-del-tiempo.html\"><span>(tamb&eacute; en castell&agrave; en aquest enlla&ccedil;)<\/span><\/a><\/span> <\/div>\n<\/div>\n<p><a href=\"http:\/\/www.profesorfrancisco.es\/2016\/01\/com-fer-un-linia-de-temps.html#more\"><\/a><\/p>\n","protected":false},"author":1297,"featured_media":0,"comment_status":"closed","ping_status":"closed","sticky":false,"template":"","format":"standard","meta":{"ngg_post_thumbnail":0,"footnotes":""},"categories":[562,13487,60,1,74,380,656,709],"tags":[38703,141149],"aioseo_notices":[],"_links":{"self":[{"href":"https:\/\/blogsaverroes.juntadeandalucia.es\/geohistoria\/wp-json\/wp\/v2\/posts\/90172"}],"collection":[{"href":"https:\/\/blogsaverroes.juntadeandalucia.es\/geohistoria\/wp-json\/wp\/v2\/posts"}],"about":[{"href":"https:\/\/blogsaverroes.juntadeandalucia.es\/geohistoria\/wp-json\/wp\/v2\/types\/post"}],"author":[{"embeddable":true,"href":"https:\/\/blogsaverroes.juntadeandalucia.es\/geohistoria\/wp-json\/wp\/v2\/users\/1297"}],"replies":[{"embeddable":true,"href":"https:\/\/blogsaverroes.juntadeandalucia.es\/geohistoria\/wp-json\/wp\/v2\/comments?post=90172"}],"version-history":[{"count":1,"href":"https:\/\/blogsaverroes.juntadeandalucia.es\/geohistoria\/wp-json\/wp\/v2\/posts\/90172\/revisions"}],"predecessor-version":[{"id":90173,"href":"https:\/\/blogsaverroes.juntadeandalucia.es\/geohistoria\/wp-json\/wp\/v2\/posts\/90172\/revisions\/90173"}],"wp:attachment":[{"href":"https:\/\/blogsaverroes.juntadeandalucia.es\/geohistoria\/wp-json\/wp\/v2\/media?parent=90172"}],"wp:term":[{"taxonomy":"category","embeddable":true,"href":"https:\/\/blogsaverroes.juntadeandalucia.es\/geohistoria\/wp-json\/wp\/v2\/categories?post=90172"},{"taxonomy":"post_tag","embeddable":true,"href":"https:\/\/blogsaverroes.juntadeandalucia.es\/geohistoria\/wp-json\/wp\/v2\/tags?post=90172"}],"curies":[{"name":"wp","href":"https:\/\/api.w.org\/{rel}","templated":true}]}}