{"id":97724,"date":"2019-09-19T20:39:00","date_gmt":"2019-09-19T19:39:00","guid":{"rendered":"http:\/\/blogsaverroes.juntadeandalucia.es\/geohistoria\/?guid=12e4e4d20f6c850cb7ee9e380f105687"},"modified":"2019-09-19T20:39:56","modified_gmt":"2019-09-19T19:39:56","slug":"apuntes-sobre-los-pensadores-ilustrados","status":"publish","type":"post","link":"https:\/\/blogsaverroes.juntadeandalucia.es\/geohistoria\/2019\/09\/19\/apuntes-sobre-los-pensadores-ilustrados\/","title":{"rendered":"APUNTES SOBRE LOS PENSADORES ILUSTRADOS"},"content":{"rendered":"<p>Aqu\u00ed ten\u00e9is los apuntes necesarios para completar la escasa informaci\u00f3n que sobre este tema nos ofrece el libro de texto<\/p>\n<p>Para descargar <a href=\"https:\/\/docs.google.com\/viewer?a=v&amp;pid=sites&amp;srcid=ZGVmYXVsdGRvbWFpbnxwcm9mZXNvcmx1aXNlbnJpcXVldmlpaXxneDo2M2E0YTlhMjQ4MjA4MzRi\">pulsar aqu\u00ed<\/a><\/p>\n<div class=\"separator\" style=\"clear: both; text-align: center;\"><a href=\"https:\/\/1.bp.blogspot.com\/-3oVyGvWXG7M\/XYPZQRYLwgI\/AAAAAAADLSs\/DlVt0-fwswofUdRWy7Fiw07y1eTwBtrKwCLcBGAsYHQ\/s1600\/Filosofos%2BIlustrados.jpg\" imageanchor=\"1\" style=\"margin-left: 1em; margin-right: 1em;\"><img loading=\"lazy\" decoding=\"async\" border=\"0\" data-original-height=\"720\" data-original-width=\"960\" height=\"480\" src=\"https:\/\/1.bp.blogspot.com\/-3oVyGvWXG7M\/XYPZQRYLwgI\/AAAAAAADLSs\/DlVt0-fwswofUdRWy7Fiw07y1eTwBtrKwCLcBGAsYHQ\/s640\/Filosofos%2BIlustrados.jpg\" width=\"640\" \/><\/a><\/div>\n<p><\/p>\n","protected":false},"excerpt":{"rendered":"<p>Aqu\u00ed ten\u00e9is los apuntes necesarios para completar la escasa informaci\u00f3n que sobre este tema nos ofrece el libro de textoPara descargar pulsar aqu\u00ed<\/p>\n","protected":false},"author":1234,"featured_media":0,"comment_status":"closed","ping_status":"closed","sticky":false,"template":"","format":"standard","meta":{"ngg_post_thumbnail":0,"footnotes":""},"categories":[320941,1265,643,13487,60,1,709,368155],"tags":[],"aioseo_notices":[],"_links":{"self":[{"href":"https:\/\/blogsaverroes.juntadeandalucia.es\/geohistoria\/wp-json\/wp\/v2\/posts\/97724"}],"collection":[{"href":"https:\/\/blogsaverroes.juntadeandalucia.es\/geohistoria\/wp-json\/wp\/v2\/posts"}],"about":[{"href":"https:\/\/blogsaverroes.juntadeandalucia.es\/geohistoria\/wp-json\/wp\/v2\/types\/post"}],"author":[{"embeddable":true,"href":"https:\/\/blogsaverroes.juntadeandalucia.es\/geohistoria\/wp-json\/wp\/v2\/users\/1234"}],"replies":[{"embeddable":true,"href":"https:\/\/blogsaverroes.juntadeandalucia.es\/geohistoria\/wp-json\/wp\/v2\/comments?post=97724"}],"version-history":[{"count":2,"href":"https:\/\/blogsaverroes.juntadeandalucia.es\/geohistoria\/wp-json\/wp\/v2\/posts\/97724\/revisions"}],"predecessor-version":[{"id":97726,"href":"https:\/\/blogsaverroes.juntadeandalucia.es\/geohistoria\/wp-json\/wp\/v2\/posts\/97724\/revisions\/97726"}],"wp:attachment":[{"href":"https:\/\/blogsaverroes.juntadeandalucia.es\/geohistoria\/wp-json\/wp\/v2\/media?parent=97724"}],"wp:term":[{"taxonomy":"category","embeddable":true,"href":"https:\/\/blogsaverroes.juntadeandalucia.es\/geohistoria\/wp-json\/wp\/v2\/categories?post=97724"},{"taxonomy":"post_tag","embeddable":true,"href":"https:\/\/blogsaverroes.juntadeandalucia.es\/geohistoria\/wp-json\/wp\/v2\/tags?post=97724"}],"curies":[{"name":"wp","href":"https:\/\/api.w.org\/{rel}","templated":true}]}}