{"id":102,"date":"2020-10-05T15:42:23","date_gmt":"2020-10-05T15:42:23","guid":{"rendered":"https:\/\/blogsaverroes.juntadeandalucia.es\/gerynfantil\/?p=102"},"modified":"2020-10-05T15:59:38","modified_gmt":"2020-10-05T15:59:38","slug":"el-colegio-3anos","status":"publish","type":"post","link":"https:\/\/blogsaverroes.juntadeandalucia.es\/gerynfantil\/el-colegio-3anos\/","title":{"rendered":"El colegio  (3a\u00f1os)"},"content":{"rendered":"<p style=\"text-align: center\"><span style=\"color: #993300;font-family: 'comic sans ms', sans-serif\">Hoy vamos a trabajar la conciencia fonol\u00f3gica de la letra p.<\/span><\/p>\n<p style=\"text-align: center\"><img loading=\"lazy\" decoding=\"async\" class=\"aligncenter\" style=\"border-style: double\" src=\"https:\/\/1.bp.blogspot.com\/-Q3qx69bADxw\/TpqGqV5rzpI\/AAAAAAAAAJU\/gn-DTaubM8Y\/w1200-h630-p-k-no-nu\/cartel+P.JPG\" alt=\"Panadero P\" width=\"231\" height=\"186\" \/>Para ello os escribimos aqu\u00ed los enlaces a los diferentes v\u00eddeos de cuentos y canciones para ello; pinchad en los enlaces y podr\u00e9is verlos:<\/p>\n<p style=\"text-align: center\"><a href=\"https:\/\/www.youtube.com\/watch?v=ee1hVVHOj6k\">https:\/\/www.youtube.com\/watch?v=ee1hVVHOj6k<\/a><\/p>\n<p style=\"text-align: center\"><a href=\"https:\/\/www.youtube.com\/watch?v=TTCVAWc7qXw\">https:\/\/www.youtube.com\/watch?v=TTCVAWc7qXw<\/a><\/p>\n<p><img loading=\"lazy\" decoding=\"async\" class=\"alignnone size-full wp-image-105 aligncenter\" src=\"https:\/\/blogsaverroes.juntadeandalucia.es\/gerynfantil\/files\/2020\/10\/0001_mini.png\" alt=\"\" width=\"212\" height=\"166\" srcset=\"https:\/\/blogsaverroes.juntadeandalucia.es\/gerynfantil\/files\/2020\/10\/0001_mini.png 212w, https:\/\/blogsaverroes.juntadeandalucia.es\/gerynfantil\/files\/2020\/10\/0001_mini-24x19.png 24w, https:\/\/blogsaverroes.juntadeandalucia.es\/gerynfantil\/files\/2020\/10\/0001_mini-36x28.png 36w, https:\/\/blogsaverroes.juntadeandalucia.es\/gerynfantil\/files\/2020\/10\/0001_mini-48x38.png 48w\" sizes=\"(max-width: 212px) 100vw, 212px\" \/><img loading=\"lazy\" decoding=\"async\" class=\"alignnone size-medium wp-image-106 aligncenter\" src=\"https:\/\/blogsaverroes.juntadeandalucia.es\/gerynfantil\/files\/2020\/10\/0002_info-300x110.jpg\" alt=\"\" width=\"300\" height=\"110\" srcset=\"https:\/\/blogsaverroes.juntadeandalucia.es\/gerynfantil\/files\/2020\/10\/0002_info-300x110.jpg 300w, https:\/\/blogsaverroes.juntadeandalucia.es\/gerynfantil\/files\/2020\/10\/0002_info-24x9.jpg 24w, https:\/\/blogsaverroes.juntadeandalucia.es\/gerynfantil\/files\/2020\/10\/0002_info-36x13.jpg 36w, https:\/\/blogsaverroes.juntadeandalucia.es\/gerynfantil\/files\/2020\/10\/0002_info-48x18.jpg 48w, https:\/\/blogsaverroes.juntadeandalucia.es\/gerynfantil\/files\/2020\/10\/0002_info-600x220.jpg 600w, https:\/\/blogsaverroes.juntadeandalucia.es\/gerynfantil\/files\/2020\/10\/0002_info.jpg 616w\" sizes=\"(max-width: 300px) 100vw, 300px\" \/><\/p>\n","protected":false},"excerpt":{"rendered":"<p>Hoy vamos a trabajar la conciencia fonol\u00f3gica de la letra p. Para ello os escribimos aqu\u00ed los enlaces a los diferentes v\u00eddeos de cuentos y canciones para ello; pinchad en los enlaces y podr\u00e9is verlos: https:\/\/www.youtube.com\/watch?v=ee1hVVHOj6k https:\/\/www.youtube.com\/watch?v=TTCVAWc7qXw<\/p>\n","protected":false},"author":10888,"featured_media":0,"comment_status":"open","ping_status":"open","sticky":false,"template":"","format":"standard","meta":{"ngg_post_thumbnail":0,"footnotes":""},"categories":[11909],"tags":[],"aioseo_notices":[],"_links":{"self":[{"href":"https:\/\/blogsaverroes.juntadeandalucia.es\/gerynfantil\/wp-json\/wp\/v2\/posts\/102"}],"collection":[{"href":"https:\/\/blogsaverroes.juntadeandalucia.es\/gerynfantil\/wp-json\/wp\/v2\/posts"}],"about":[{"href":"https:\/\/blogsaverroes.juntadeandalucia.es\/gerynfantil\/wp-json\/wp\/v2\/types\/post"}],"author":[{"embeddable":true,"href":"https:\/\/blogsaverroes.juntadeandalucia.es\/gerynfantil\/wp-json\/wp\/v2\/users\/10888"}],"replies":[{"embeddable":true,"href":"https:\/\/blogsaverroes.juntadeandalucia.es\/gerynfantil\/wp-json\/wp\/v2\/comments?post=102"}],"version-history":[{"count":3,"href":"https:\/\/blogsaverroes.juntadeandalucia.es\/gerynfantil\/wp-json\/wp\/v2\/posts\/102\/revisions"}],"predecessor-version":[{"id":107,"href":"https:\/\/blogsaverroes.juntadeandalucia.es\/gerynfantil\/wp-json\/wp\/v2\/posts\/102\/revisions\/107"}],"wp:attachment":[{"href":"https:\/\/blogsaverroes.juntadeandalucia.es\/gerynfantil\/wp-json\/wp\/v2\/media?parent=102"}],"wp:term":[{"taxonomy":"category","embeddable":true,"href":"https:\/\/blogsaverroes.juntadeandalucia.es\/gerynfantil\/wp-json\/wp\/v2\/categories?post=102"},{"taxonomy":"post_tag","embeddable":true,"href":"https:\/\/blogsaverroes.juntadeandalucia.es\/gerynfantil\/wp-json\/wp\/v2\/tags?post=102"}],"curies":[{"name":"wp","href":"https:\/\/api.w.org\/{rel}","templated":true}]}}