{"id":153,"date":"2024-11-05T12:50:52","date_gmt":"2024-11-05T11:50:52","guid":{"rendered":"https:\/\/blogsaverroes.juntadeandalucia.es\/granadaconvive\/?p=153"},"modified":"2025-10-09T23:05:19","modified_gmt":"2025-10-09T21:05:19","slug":"direccion","status":"publish","type":"post","link":"https:\/\/blogsaverroes.juntadeandalucia.es\/granadaconvive\/2024\/11\/05\/direccion\/","title":{"rendered":"Direcci\u00f3n"},"content":{"rendered":"<p class=\"moz-signature\"><strong><span style=\"color: #008000\">Gabinete Provincial de Asesoramiento sobre Convivencia Escolar e Igualdad.<\/span><\/strong><\/p>\n<p class=\"moz-signature\">Servicio de Ordenaci\u00f3n Educativa Delegaci\u00f3n Territorial de Educaci\u00f3n de Granada<\/p>\n<p class=\"moz-signature\">Calle Gran V\u00eda de Col\u00f3n 56.<\/p>\n<p>18010, Granada<\/p>\n<p class=\"moz-signature\">Planta 4\u00aa. Servicio de Ordenaci\u00f3n Educativa<\/p>\n<p class=\"moz-signature\">Correo electr\u00f3nico: gabineteconvivencia.dpgr.ced@juntadeandalucia.es<\/p>\n<p class=\"moz-signature\">Tel\u00e9fonos:<\/p>\n<p class=\"moz-signature\">958029089 &#8211; 129089<\/p>\n<p class=\"moz-signature\">958029153 &#8211; 129153<\/p>\n<p><img loading=\"lazy\" decoding=\"async\" class=\"alignnone wp-image-522 size-large\" src=\"https:\/\/blogsaverroes.juntadeandalucia.es\/granadaconvive\/files\/2024\/11\/DIRECTORIO-TELEFONOS-ETPOEP-25-26-1-1024x575.jpg\" alt=\"\" width=\"1024\" height=\"575\" srcset=\"https:\/\/blogsaverroes.juntadeandalucia.es\/granadaconvive\/files\/2024\/11\/DIRECTORIO-TELEFONOS-ETPOEP-25-26-1-1024x575.jpg 1024w, https:\/\/blogsaverroes.juntadeandalucia.es\/granadaconvive\/files\/2024\/11\/DIRECTORIO-TELEFONOS-ETPOEP-25-26-1-300x169.jpg 300w, https:\/\/blogsaverroes.juntadeandalucia.es\/granadaconvive\/files\/2024\/11\/DIRECTORIO-TELEFONOS-ETPOEP-25-26-1-768x431.jpg 768w, https:\/\/blogsaverroes.juntadeandalucia.es\/granadaconvive\/files\/2024\/11\/DIRECTORIO-TELEFONOS-ETPOEP-25-26-1.jpg 1440w\" sizes=\"(max-width: 1024px) 100vw, 1024px\" \/><\/p>\n<p><a href=\"https:\/\/blogsaverroes.juntadeandalucia.es\/granadaconvive\/files\/2024\/11\/DIRECTORIO-TELEFONOS-ETPOEP-25-26-1.pdf\">DIRECTORIO TELE\u0301FONOS ETPOEP 25-26 (1)<\/a><\/p>\n","protected":false},"excerpt":{"rendered":"<p>Gabinete Provincial de Asesoramiento sobre Convivencia Escolar e Igualdad. Servicio de Ordenaci\u00f3n Educativa Delegaci\u00f3n Territorial de Educaci\u00f3n de Granada Calle Gran V\u00eda de Col\u00f3n 56. 18010, Granada Planta 4\u00aa. Servicio de Ordenaci\u00f3n Educativa Correo&#46;&#46;&#46;<\/p>\n","protected":false},"author":12581,"featured_media":26,"comment_status":"open","ping_status":"open","sticky":false,"template":"","format":"standard","meta":{"footnotes":""},"categories":[14],"tags":[],"aioseo_notices":[],"_links":{"self":[{"href":"https:\/\/blogsaverroes.juntadeandalucia.es\/granadaconvive\/wp-json\/wp\/v2\/posts\/153"}],"collection":[{"href":"https:\/\/blogsaverroes.juntadeandalucia.es\/granadaconvive\/wp-json\/wp\/v2\/posts"}],"about":[{"href":"https:\/\/blogsaverroes.juntadeandalucia.es\/granadaconvive\/wp-json\/wp\/v2\/types\/post"}],"author":[{"embeddable":true,"href":"https:\/\/blogsaverroes.juntadeandalucia.es\/granadaconvive\/wp-json\/wp\/v2\/users\/12581"}],"replies":[{"embeddable":true,"href":"https:\/\/blogsaverroes.juntadeandalucia.es\/granadaconvive\/wp-json\/wp\/v2\/comments?post=153"}],"version-history":[{"count":8,"href":"https:\/\/blogsaverroes.juntadeandalucia.es\/granadaconvive\/wp-json\/wp\/v2\/posts\/153\/revisions"}],"predecessor-version":[{"id":523,"href":"https:\/\/blogsaverroes.juntadeandalucia.es\/granadaconvive\/wp-json\/wp\/v2\/posts\/153\/revisions\/523"}],"wp:featuredmedia":[{"embeddable":true,"href":"https:\/\/blogsaverroes.juntadeandalucia.es\/granadaconvive\/wp-json\/wp\/v2\/media\/26"}],"wp:attachment":[{"href":"https:\/\/blogsaverroes.juntadeandalucia.es\/granadaconvive\/wp-json\/wp\/v2\/media?parent=153"}],"wp:term":[{"taxonomy":"category","embeddable":true,"href":"https:\/\/blogsaverroes.juntadeandalucia.es\/granadaconvive\/wp-json\/wp\/v2\/categories?post=153"},{"taxonomy":"post_tag","embeddable":true,"href":"https:\/\/blogsaverroes.juntadeandalucia.es\/granadaconvive\/wp-json\/wp\/v2\/tags?post=153"}],"curies":[{"name":"wp","href":"https:\/\/api.w.org\/{rel}","templated":true}]}}