{"id":236,"date":"2025-01-31T09:45:08","date_gmt":"2025-01-31T08:45:08","guid":{"rendered":"https:\/\/blogsaverroes.juntadeandalucia.es\/granadaconvive\/?p=236"},"modified":"2025-03-11T09:50:07","modified_gmt":"2025-03-11T08:50:07","slug":"carrera-solidaria","status":"publish","type":"post","link":"https:\/\/blogsaverroes.juntadeandalucia.es\/granadaconvive\/2025\/01\/31\/carrera-solidaria\/","title":{"rendered":"Carrera Solidaria"},"content":{"rendered":"<p data-pm-slice=\"1 1 []\">El <strong>pasado 31 de enero, en conmemoraci\u00f3n del D\u00eda Escolar de la No Violencia y la Paz celebrado el 30 de enero<\/strong>, el Gabinete de Convivencia e Igualdad tuvo el honor de asistir al Encuentro Intercentros organizado por el<strong> CEIP San Antonio de Motril,<\/strong> junto a los centros <strong>CEIP Pablo Picasso y CEIP Los \u00c1lamos<\/strong>. Este evento reuni\u00f3 a m\u00e1s de<strong> 500 alumnos, desde 3 a\u00f1os hasta 2\u00ba de la ESO<\/strong>, en una jornada llena de valores, solidaridad y compromiso.<\/p>\n<p>La actividad central de la jornada fue una carrera solidaria, en la que los estudiantes participaron con entusiasmo, sabiendo que su esfuerzo contribuir\u00eda a una causa ben\u00e9fica. Los fondos recaudados ser\u00e1n destinados a obras sociales, reflejando el compromiso de la comunidad educativa con la ayuda a quienes m\u00e1s lo necesitan.<\/p>\n<p>A lo largo del encuentro, adem\u00e1s de la carrera, se llevaron a cabo diversas actividades que fomentaron la convivencia, la cooperaci\u00f3n y el respeto entre el alumnado. Los ni\u00f1os y ni\u00f1as participaron en talleres de manualidades, juegos colectivos y espacios de reflexi\u00f3n sobre la importancia de la paz y la resoluci\u00f3n pac\u00edfica de conflictos.<\/p>\n<p>Para concluir la jornada, todos los participantes se reunieron en un emotivo acto final, en el que disfrutaron de un animado baile colectivo. Este momento de celebraci\u00f3n permiti\u00f3 reforzar el mensaje de uni\u00f3n, respeto y paz que hab\u00eda guiado todo el evento.<\/p>\n<p>Desde el Gabinete de Convivencia e Igualdad, valoramos enormemente estas iniciativas que refuerzan la importancia de la educaci\u00f3n en valores y la creaci\u00f3n de entornos escolares basados en el respeto y la inclusi\u00f3n. Agradecemos a los organizadores\/as, docentes y alumnos\/as su implicaci\u00f3n y reafirmamos nuestro compromiso con la construcci\u00f3n de una sociedad m\u00e1s justa, equitativa y solidaria.<\/p>\n","protected":false},"excerpt":{"rendered":"<p>El pasado 31 de enero, en conmemoraci\u00f3n del D\u00eda Escolar de la No Violencia y la Paz celebrado el 30 de enero, el Gabinete de Convivencia e Igualdad tuvo el honor de asistir al&#46;&#46;&#46;<\/p>\n","protected":false},"author":20685,"featured_media":242,"comment_status":"closed","ping_status":"open","sticky":false,"template":"","format":"standard","meta":{"footnotes":""},"categories":[16],"tags":[],"aioseo_notices":[],"_links":{"self":[{"href":"https:\/\/blogsaverroes.juntadeandalucia.es\/granadaconvive\/wp-json\/wp\/v2\/posts\/236"}],"collection":[{"href":"https:\/\/blogsaverroes.juntadeandalucia.es\/granadaconvive\/wp-json\/wp\/v2\/posts"}],"about":[{"href":"https:\/\/blogsaverroes.juntadeandalucia.es\/granadaconvive\/wp-json\/wp\/v2\/types\/post"}],"author":[{"embeddable":true,"href":"https:\/\/blogsaverroes.juntadeandalucia.es\/granadaconvive\/wp-json\/wp\/v2\/users\/20685"}],"replies":[{"embeddable":true,"href":"https:\/\/blogsaverroes.juntadeandalucia.es\/granadaconvive\/wp-json\/wp\/v2\/comments?post=236"}],"version-history":[{"count":1,"href":"https:\/\/blogsaverroes.juntadeandalucia.es\/granadaconvive\/wp-json\/wp\/v2\/posts\/236\/revisions"}],"predecessor-version":[{"id":243,"href":"https:\/\/blogsaverroes.juntadeandalucia.es\/granadaconvive\/wp-json\/wp\/v2\/posts\/236\/revisions\/243"}],"wp:featuredmedia":[{"embeddable":true,"href":"https:\/\/blogsaverroes.juntadeandalucia.es\/granadaconvive\/wp-json\/wp\/v2\/media\/242"}],"wp:attachment":[{"href":"https:\/\/blogsaverroes.juntadeandalucia.es\/granadaconvive\/wp-json\/wp\/v2\/media?parent=236"}],"wp:term":[{"taxonomy":"category","embeddable":true,"href":"https:\/\/blogsaverroes.juntadeandalucia.es\/granadaconvive\/wp-json\/wp\/v2\/categories?post=236"},{"taxonomy":"post_tag","embeddable":true,"href":"https:\/\/blogsaverroes.juntadeandalucia.es\/granadaconvive\/wp-json\/wp\/v2\/tags?post=236"}],"curies":[{"name":"wp","href":"https:\/\/api.w.org\/{rel}","templated":true}]}}