{"id":11063,"date":"2019-11-14T08:14:18","date_gmt":"2019-11-14T06:14:18","guid":{"rendered":"https:\/\/blogsaverroes.juntadeandalucia.es\/grancapitan\/?p=11063"},"modified":"2019-11-14T10:17:47","modified_gmt":"2019-11-14T08:17:47","slug":"11063","status":"publish","type":"post","link":"https:\/\/blogsaverroes.juntadeandalucia.es\/grancapitan\/2019\/11\/14\/11063\/","title":{"rendered":"Visita del Obispo al Gran Capit\u00e1n"},"content":{"rendered":"<p>Por la se\u00f1o Ana de Religi\u00f3n.<\/p>\n<p>Hoy, 13 de noviembre, el Sr. Obispo de C\u00f3rdoba, Monse\u00f1or Demetrio Fern\u00e1ndez, ha visitado el aula de Religi\u00f3n de nuestro centro acompa\u00f1ado del p\u00e1rroco D. Rafael.<\/p>\n<p>Los alumnos y alumnas de 6\u00baA han estado con \u00e9l durante su sesi\u00f3n de Religi\u00f3n, haci\u00e9ndole preguntas sobre su vida personal y pastoral.<\/p>\n<p><img loading=\"lazy\" decoding=\"async\" class=\"alignnone size-medium wp-image-11038\" src=\"https:\/\/blogsaverroes.juntadeandalucia.es\/grancapitan\/files\/2019\/11\/IMG-20191113-WA0002-300x225.jpg\" alt=\"\" width=\"300\" height=\"225\" srcset=\"https:\/\/blogsaverroes.juntadeandalucia.es\/grancapitan\/files\/2019\/11\/IMG-20191113-WA0002-300x225.jpg 300w, https:\/\/blogsaverroes.juntadeandalucia.es\/grancapitan\/files\/2019\/11\/IMG-20191113-WA0002-768x576.jpg 768w, https:\/\/blogsaverroes.juntadeandalucia.es\/grancapitan\/files\/2019\/11\/IMG-20191113-WA0002-1024x768.jpg 1024w, https:\/\/blogsaverroes.juntadeandalucia.es\/grancapitan\/files\/2019\/11\/IMG-20191113-WA0002-700x525.jpg 700w, https:\/\/blogsaverroes.juntadeandalucia.es\/grancapitan\/files\/2019\/11\/IMG-20191113-WA0002-24x18.jpg 24w, https:\/\/blogsaverroes.juntadeandalucia.es\/grancapitan\/files\/2019\/11\/IMG-20191113-WA0002-36x27.jpg 36w, https:\/\/blogsaverroes.juntadeandalucia.es\/grancapitan\/files\/2019\/11\/IMG-20191113-WA0002-48x36.jpg 48w, https:\/\/blogsaverroes.juntadeandalucia.es\/grancapitan\/files\/2019\/11\/IMG-20191113-WA0002.jpg 1600w\" sizes=\"(max-width: 300px) 100vw, 300px\" \/> <img loading=\"lazy\" decoding=\"async\" class=\"alignnone size-medium wp-image-11033\" src=\"https:\/\/blogsaverroes.juntadeandalucia.es\/grancapitan\/files\/2019\/11\/IMG-20191113-WA0008-300x225.jpg\" alt=\"\" width=\"300\" height=\"225\" srcset=\"https:\/\/blogsaverroes.juntadeandalucia.es\/grancapitan\/files\/2019\/11\/IMG-20191113-WA0008-300x225.jpg 300w, https:\/\/blogsaverroes.juntadeandalucia.es\/grancapitan\/files\/2019\/11\/IMG-20191113-WA0008-768x576.jpg 768w, https:\/\/blogsaverroes.juntadeandalucia.es\/grancapitan\/files\/2019\/11\/IMG-20191113-WA0008-1024x768.jpg 1024w, https:\/\/blogsaverroes.juntadeandalucia.es\/grancapitan\/files\/2019\/11\/IMG-20191113-WA0008-700x525.jpg 700w, https:\/\/blogsaverroes.juntadeandalucia.es\/grancapitan\/files\/2019\/11\/IMG-20191113-WA0008-24x18.jpg 24w, https:\/\/blogsaverroes.juntadeandalucia.es\/grancapitan\/files\/2019\/11\/IMG-20191113-WA0008-36x27.jpg 36w, https:\/\/blogsaverroes.juntadeandalucia.es\/grancapitan\/files\/2019\/11\/IMG-20191113-WA0008-48x36.jpg 48w, https:\/\/blogsaverroes.juntadeandalucia.es\/grancapitan\/files\/2019\/11\/IMG-20191113-WA0008.jpg 1600w\" sizes=\"(max-width: 300px) 100vw, 300px\" \/> <img loading=\"lazy\" decoding=\"async\" class=\"alignnone size-medium wp-image-11034\" src=\"https:\/\/blogsaverroes.juntadeandalucia.es\/grancapitan\/files\/2019\/11\/IMG-20191113-WA0009-300x225.jpg\" alt=\"\" width=\"300\" height=\"225\" srcset=\"https:\/\/blogsaverroes.juntadeandalucia.es\/grancapitan\/files\/2019\/11\/IMG-20191113-WA0009-300x225.jpg 300w, https:\/\/blogsaverroes.juntadeandalucia.es\/grancapitan\/files\/2019\/11\/IMG-20191113-WA0009-768x576.jpg 768w, https:\/\/blogsaverroes.juntadeandalucia.es\/grancapitan\/files\/2019\/11\/IMG-20191113-WA0009-1024x768.jpg 1024w, https:\/\/blogsaverroes.juntadeandalucia.es\/grancapitan\/files\/2019\/11\/IMG-20191113-WA0009-700x525.jpg 700w, https:\/\/blogsaverroes.juntadeandalucia.es\/grancapitan\/files\/2019\/11\/IMG-20191113-WA0009-24x18.jpg 24w, https:\/\/blogsaverroes.juntadeandalucia.es\/grancapitan\/files\/2019\/11\/IMG-20191113-WA0009-36x27.jpg 36w, https:\/\/blogsaverroes.juntadeandalucia.es\/grancapitan\/files\/2019\/11\/IMG-20191113-WA0009-48x36.jpg 48w, https:\/\/blogsaverroes.juntadeandalucia.es\/grancapitan\/files\/2019\/11\/IMG-20191113-WA0009.jpg 1600w\" sizes=\"(max-width: 300px) 100vw, 300px\" \/> <img loading=\"lazy\" decoding=\"async\" class=\"alignnone size-medium wp-image-11035\" src=\"https:\/\/blogsaverroes.juntadeandalucia.es\/grancapitan\/files\/2019\/11\/IMG-20191113-WA0010-300x225.jpg\" alt=\"\" width=\"300\" height=\"225\" srcset=\"https:\/\/blogsaverroes.juntadeandalucia.es\/grancapitan\/files\/2019\/11\/IMG-20191113-WA0010-300x225.jpg 300w, https:\/\/blogsaverroes.juntadeandalucia.es\/grancapitan\/files\/2019\/11\/IMG-20191113-WA0010-768x576.jpg 768w, https:\/\/blogsaverroes.juntadeandalucia.es\/grancapitan\/files\/2019\/11\/IMG-20191113-WA0010-1024x768.jpg 1024w, https:\/\/blogsaverroes.juntadeandalucia.es\/grancapitan\/files\/2019\/11\/IMG-20191113-WA0010-700x525.jpg 700w, https:\/\/blogsaverroes.juntadeandalucia.es\/grancapitan\/files\/2019\/11\/IMG-20191113-WA0010-24x18.jpg 24w, https:\/\/blogsaverroes.juntadeandalucia.es\/grancapitan\/files\/2019\/11\/IMG-20191113-WA0010-36x27.jpg 36w, https:\/\/blogsaverroes.juntadeandalucia.es\/grancapitan\/files\/2019\/11\/IMG-20191113-WA0010-48x36.jpg 48w, https:\/\/blogsaverroes.juntadeandalucia.es\/grancapitan\/files\/2019\/11\/IMG-20191113-WA0010.jpg 1600w\" sizes=\"(max-width: 300px) 100vw, 300px\" \/> <img loading=\"lazy\" decoding=\"async\" class=\"alignnone size-medium wp-image-11036\" src=\"https:\/\/blogsaverroes.juntadeandalucia.es\/grancapitan\/files\/2019\/11\/IMG-20191113-WA0011-300x225.jpg\" alt=\"\" width=\"300\" height=\"225\" srcset=\"https:\/\/blogsaverroes.juntadeandalucia.es\/grancapitan\/files\/2019\/11\/IMG-20191113-WA0011-300x225.jpg 300w, https:\/\/blogsaverroes.juntadeandalucia.es\/grancapitan\/files\/2019\/11\/IMG-20191113-WA0011-768x576.jpg 768w, https:\/\/blogsaverroes.juntadeandalucia.es\/grancapitan\/files\/2019\/11\/IMG-20191113-WA0011-1024x768.jpg 1024w, https:\/\/blogsaverroes.juntadeandalucia.es\/grancapitan\/files\/2019\/11\/IMG-20191113-WA0011-700x525.jpg 700w, https:\/\/blogsaverroes.juntadeandalucia.es\/grancapitan\/files\/2019\/11\/IMG-20191113-WA0011-24x18.jpg 24w, https:\/\/blogsaverroes.juntadeandalucia.es\/grancapitan\/files\/2019\/11\/IMG-20191113-WA0011-36x27.jpg 36w, https:\/\/blogsaverroes.juntadeandalucia.es\/grancapitan\/files\/2019\/11\/IMG-20191113-WA0011-48x36.jpg 48w, https:\/\/blogsaverroes.juntadeandalucia.es\/grancapitan\/files\/2019\/11\/IMG-20191113-WA0011.jpg 1600w\" sizes=\"(max-width: 300px) 100vw, 300px\" \/> <img loading=\"lazy\" decoding=\"async\" class=\"alignnone size-medium wp-image-11037\" src=\"https:\/\/blogsaverroes.juntadeandalucia.es\/grancapitan\/files\/2019\/11\/IMG-20191113-WA0012-300x225.jpg\" alt=\"\" width=\"300\" height=\"225\" srcset=\"https:\/\/blogsaverroes.juntadeandalucia.es\/grancapitan\/files\/2019\/11\/IMG-20191113-WA0012-300x225.jpg 300w, https:\/\/blogsaverroes.juntadeandalucia.es\/grancapitan\/files\/2019\/11\/IMG-20191113-WA0012-768x576.jpg 768w, https:\/\/blogsaverroes.juntadeandalucia.es\/grancapitan\/files\/2019\/11\/IMG-20191113-WA0012-1024x768.jpg 1024w, https:\/\/blogsaverroes.juntadeandalucia.es\/grancapitan\/files\/2019\/11\/IMG-20191113-WA0012-700x525.jpg 700w, https:\/\/blogsaverroes.juntadeandalucia.es\/grancapitan\/files\/2019\/11\/IMG-20191113-WA0012-24x18.jpg 24w, https:\/\/blogsaverroes.juntadeandalucia.es\/grancapitan\/files\/2019\/11\/IMG-20191113-WA0012-36x27.jpg 36w, https:\/\/blogsaverroes.juntadeandalucia.es\/grancapitan\/files\/2019\/11\/IMG-20191113-WA0012-48x36.jpg 48w, https:\/\/blogsaverroes.juntadeandalucia.es\/grancapitan\/files\/2019\/11\/IMG-20191113-WA0012.jpg 1600w\" sizes=\"(max-width: 300px) 100vw, 300px\" \/> <img loading=\"lazy\" decoding=\"async\" class=\"alignnone size-medium wp-image-11032\" src=\"https:\/\/blogsaverroes.juntadeandalucia.es\/grancapitan\/files\/2019\/11\/IMG-20191113-WA0007-300x225.jpg\" alt=\"\" width=\"300\" height=\"225\" srcset=\"https:\/\/blogsaverroes.juntadeandalucia.es\/grancapitan\/files\/2019\/11\/IMG-20191113-WA0007-300x225.jpg 300w, https:\/\/blogsaverroes.juntadeandalucia.es\/grancapitan\/files\/2019\/11\/IMG-20191113-WA0007-768x576.jpg 768w, https:\/\/blogsaverroes.juntadeandalucia.es\/grancapitan\/files\/2019\/11\/IMG-20191113-WA0007-1024x768.jpg 1024w, https:\/\/blogsaverroes.juntadeandalucia.es\/grancapitan\/files\/2019\/11\/IMG-20191113-WA0007-700x525.jpg 700w, https:\/\/blogsaverroes.juntadeandalucia.es\/grancapitan\/files\/2019\/11\/IMG-20191113-WA0007-24x18.jpg 24w, https:\/\/blogsaverroes.juntadeandalucia.es\/grancapitan\/files\/2019\/11\/IMG-20191113-WA0007-36x27.jpg 36w, https:\/\/blogsaverroes.juntadeandalucia.es\/grancapitan\/files\/2019\/11\/IMG-20191113-WA0007-48x36.jpg 48w, https:\/\/blogsaverroes.juntadeandalucia.es\/grancapitan\/files\/2019\/11\/IMG-20191113-WA0007.jpg 1600w\" sizes=\"(max-width: 300px) 100vw, 300px\" \/> <img loading=\"lazy\" decoding=\"async\" class=\"alignnone size-medium wp-image-11031\" src=\"https:\/\/blogsaverroes.juntadeandalucia.es\/grancapitan\/files\/2019\/11\/IMG-20191113-WA0018-300x225.jpg\" alt=\"\" width=\"300\" height=\"225\" srcset=\"https:\/\/blogsaverroes.juntadeandalucia.es\/grancapitan\/files\/2019\/11\/IMG-20191113-WA0018-300x225.jpg 300w, https:\/\/blogsaverroes.juntadeandalucia.es\/grancapitan\/files\/2019\/11\/IMG-20191113-WA0018-768x576.jpg 768w, https:\/\/blogsaverroes.juntadeandalucia.es\/grancapitan\/files\/2019\/11\/IMG-20191113-WA0018-1024x768.jpg 1024w, https:\/\/blogsaverroes.juntadeandalucia.es\/grancapitan\/files\/2019\/11\/IMG-20191113-WA0018-700x525.jpg 700w, https:\/\/blogsaverroes.juntadeandalucia.es\/grancapitan\/files\/2019\/11\/IMG-20191113-WA0018-24x18.jpg 24w, https:\/\/blogsaverroes.juntadeandalucia.es\/grancapitan\/files\/2019\/11\/IMG-20191113-WA0018-36x27.jpg 36w, https:\/\/blogsaverroes.juntadeandalucia.es\/grancapitan\/files\/2019\/11\/IMG-20191113-WA0018-48x36.jpg 48w, https:\/\/blogsaverroes.juntadeandalucia.es\/grancapitan\/files\/2019\/11\/IMG-20191113-WA0018.jpg 1600w\" sizes=\"(max-width: 300px) 100vw, 300px\" \/> <img loading=\"lazy\" decoding=\"async\" class=\"alignnone size-medium wp-image-11030\" src=\"https:\/\/blogsaverroes.juntadeandalucia.es\/grancapitan\/files\/2019\/11\/IMG-20191113-WA0017-300x225.jpg\" alt=\"\" width=\"300\" height=\"225\" srcset=\"https:\/\/blogsaverroes.juntadeandalucia.es\/grancapitan\/files\/2019\/11\/IMG-20191113-WA0017-300x225.jpg 300w, https:\/\/blogsaverroes.juntadeandalucia.es\/grancapitan\/files\/2019\/11\/IMG-20191113-WA0017-768x576.jpg 768w, https:\/\/blogsaverroes.juntadeandalucia.es\/grancapitan\/files\/2019\/11\/IMG-20191113-WA0017-1024x768.jpg 1024w, https:\/\/blogsaverroes.juntadeandalucia.es\/grancapitan\/files\/2019\/11\/IMG-20191113-WA0017-700x525.jpg 700w, https:\/\/blogsaverroes.juntadeandalucia.es\/grancapitan\/files\/2019\/11\/IMG-20191113-WA0017-24x18.jpg 24w, https:\/\/blogsaverroes.juntadeandalucia.es\/grancapitan\/files\/2019\/11\/IMG-20191113-WA0017-36x27.jpg 36w, https:\/\/blogsaverroes.juntadeandalucia.es\/grancapitan\/files\/2019\/11\/IMG-20191113-WA0017-48x36.jpg 48w, https:\/\/blogsaverroes.juntadeandalucia.es\/grancapitan\/files\/2019\/11\/IMG-20191113-WA0017.jpg 1600w\" sizes=\"(max-width: 300px) 100vw, 300px\" \/> <img loading=\"lazy\" decoding=\"async\" class=\"alignnone size-medium wp-image-11029\" src=\"https:\/\/blogsaverroes.juntadeandalucia.es\/grancapitan\/files\/2019\/11\/IMG-20191113-WA0006-300x225.jpg\" alt=\"\" width=\"300\" height=\"225\" srcset=\"https:\/\/blogsaverroes.juntadeandalucia.es\/grancapitan\/files\/2019\/11\/IMG-20191113-WA0006-300x225.jpg 300w, https:\/\/blogsaverroes.juntadeandalucia.es\/grancapitan\/files\/2019\/11\/IMG-20191113-WA0006-768x576.jpg 768w, https:\/\/blogsaverroes.juntadeandalucia.es\/grancapitan\/files\/2019\/11\/IMG-20191113-WA0006-1024x768.jpg 1024w, https:\/\/blogsaverroes.juntadeandalucia.es\/grancapitan\/files\/2019\/11\/IMG-20191113-WA0006-700x525.jpg 700w, https:\/\/blogsaverroes.juntadeandalucia.es\/grancapitan\/files\/2019\/11\/IMG-20191113-WA0006-24x18.jpg 24w, https:\/\/blogsaverroes.juntadeandalucia.es\/grancapitan\/files\/2019\/11\/IMG-20191113-WA0006-36x27.jpg 36w, https:\/\/blogsaverroes.juntadeandalucia.es\/grancapitan\/files\/2019\/11\/IMG-20191113-WA0006-48x36.jpg 48w, https:\/\/blogsaverroes.juntadeandalucia.es\/grancapitan\/files\/2019\/11\/IMG-20191113-WA0006.jpg 1600w\" sizes=\"(max-width: 300px) 100vw, 300px\" \/> <img loading=\"lazy\" decoding=\"async\" class=\"alignnone size-medium wp-image-11028\" src=\"https:\/\/blogsaverroes.juntadeandalucia.es\/grancapitan\/files\/2019\/11\/IMG-20191113-WA0016-300x225.jpg\" alt=\"\" width=\"300\" height=\"225\" srcset=\"https:\/\/blogsaverroes.juntadeandalucia.es\/grancapitan\/files\/2019\/11\/IMG-20191113-WA0016-300x225.jpg 300w, https:\/\/blogsaverroes.juntadeandalucia.es\/grancapitan\/files\/2019\/11\/IMG-20191113-WA0016-768x576.jpg 768w, https:\/\/blogsaverroes.juntadeandalucia.es\/grancapitan\/files\/2019\/11\/IMG-20191113-WA0016-1024x768.jpg 1024w, https:\/\/blogsaverroes.juntadeandalucia.es\/grancapitan\/files\/2019\/11\/IMG-20191113-WA0016-700x525.jpg 700w, https:\/\/blogsaverroes.juntadeandalucia.es\/grancapitan\/files\/2019\/11\/IMG-20191113-WA0016-24x18.jpg 24w, https:\/\/blogsaverroes.juntadeandalucia.es\/grancapitan\/files\/2019\/11\/IMG-20191113-WA0016-36x27.jpg 36w, https:\/\/blogsaverroes.juntadeandalucia.es\/grancapitan\/files\/2019\/11\/IMG-20191113-WA0016-48x36.jpg 48w, https:\/\/blogsaverroes.juntadeandalucia.es\/grancapitan\/files\/2019\/11\/IMG-20191113-WA0016.jpg 1600w\" sizes=\"(max-width: 300px) 100vw, 300px\" \/> <img loading=\"lazy\" decoding=\"async\" class=\"alignnone size-medium wp-image-11023\" src=\"https:\/\/blogsaverroes.juntadeandalucia.es\/grancapitan\/files\/2019\/11\/IMG-20191113-WA0003-300x225.jpg\" alt=\"\" width=\"300\" height=\"225\" srcset=\"https:\/\/blogsaverroes.juntadeandalucia.es\/grancapitan\/files\/2019\/11\/IMG-20191113-WA0003-300x225.jpg 300w, https:\/\/blogsaverroes.juntadeandalucia.es\/grancapitan\/files\/2019\/11\/IMG-20191113-WA0003-768x576.jpg 768w, https:\/\/blogsaverroes.juntadeandalucia.es\/grancapitan\/files\/2019\/11\/IMG-20191113-WA0003-1024x768.jpg 1024w, https:\/\/blogsaverroes.juntadeandalucia.es\/grancapitan\/files\/2019\/11\/IMG-20191113-WA0003-700x525.jpg 700w, https:\/\/blogsaverroes.juntadeandalucia.es\/grancapitan\/files\/2019\/11\/IMG-20191113-WA0003-24x18.jpg 24w, https:\/\/blogsaverroes.juntadeandalucia.es\/grancapitan\/files\/2019\/11\/IMG-20191113-WA0003-36x27.jpg 36w, https:\/\/blogsaverroes.juntadeandalucia.es\/grancapitan\/files\/2019\/11\/IMG-20191113-WA0003-48x36.jpg 48w, https:\/\/blogsaverroes.juntadeandalucia.es\/grancapitan\/files\/2019\/11\/IMG-20191113-WA0003.jpg 1600w\" sizes=\"(max-width: 300px) 100vw, 300px\" \/> <img loading=\"lazy\" decoding=\"async\" class=\"alignnone size-medium wp-image-11024\" src=\"https:\/\/blogsaverroes.juntadeandalucia.es\/grancapitan\/files\/2019\/11\/IMG-20191113-WA0014-300x225.jpg\" alt=\"\" width=\"300\" height=\"225\" srcset=\"https:\/\/blogsaverroes.juntadeandalucia.es\/grancapitan\/files\/2019\/11\/IMG-20191113-WA0014-300x225.jpg 300w, https:\/\/blogsaverroes.juntadeandalucia.es\/grancapitan\/files\/2019\/11\/IMG-20191113-WA0014-768x576.jpg 768w, https:\/\/blogsaverroes.juntadeandalucia.es\/grancapitan\/files\/2019\/11\/IMG-20191113-WA0014-1024x768.jpg 1024w, https:\/\/blogsaverroes.juntadeandalucia.es\/grancapitan\/files\/2019\/11\/IMG-20191113-WA0014-700x525.jpg 700w, https:\/\/blogsaverroes.juntadeandalucia.es\/grancapitan\/files\/2019\/11\/IMG-20191113-WA0014-24x18.jpg 24w, https:\/\/blogsaverroes.juntadeandalucia.es\/grancapitan\/files\/2019\/11\/IMG-20191113-WA0014-36x27.jpg 36w, https:\/\/blogsaverroes.juntadeandalucia.es\/grancapitan\/files\/2019\/11\/IMG-20191113-WA0014-48x36.jpg 48w, https:\/\/blogsaverroes.juntadeandalucia.es\/grancapitan\/files\/2019\/11\/IMG-20191113-WA0014.jpg 1600w\" sizes=\"(max-width: 300px) 100vw, 300px\" \/> <img loading=\"lazy\" decoding=\"async\" class=\"alignnone size-medium wp-image-11025\" src=\"https:\/\/blogsaverroes.juntadeandalucia.es\/grancapitan\/files\/2019\/11\/IMG-20191113-WA0004-300x225.jpg\" alt=\"\" width=\"300\" height=\"225\" srcset=\"https:\/\/blogsaverroes.juntadeandalucia.es\/grancapitan\/files\/2019\/11\/IMG-20191113-WA0004-300x225.jpg 300w, https:\/\/blogsaverroes.juntadeandalucia.es\/grancapitan\/files\/2019\/11\/IMG-20191113-WA0004-768x576.jpg 768w, https:\/\/blogsaverroes.juntadeandalucia.es\/grancapitan\/files\/2019\/11\/IMG-20191113-WA0004-1024x768.jpg 1024w, https:\/\/blogsaverroes.juntadeandalucia.es\/grancapitan\/files\/2019\/11\/IMG-20191113-WA0004-700x525.jpg 700w, https:\/\/blogsaverroes.juntadeandalucia.es\/grancapitan\/files\/2019\/11\/IMG-20191113-WA0004-24x18.jpg 24w, https:\/\/blogsaverroes.juntadeandalucia.es\/grancapitan\/files\/2019\/11\/IMG-20191113-WA0004-36x27.jpg 36w, https:\/\/blogsaverroes.juntadeandalucia.es\/grancapitan\/files\/2019\/11\/IMG-20191113-WA0004-48x36.jpg 48w, https:\/\/blogsaverroes.juntadeandalucia.es\/grancapitan\/files\/2019\/11\/IMG-20191113-WA0004.jpg 1600w\" sizes=\"(max-width: 300px) 100vw, 300px\" \/> <img loading=\"lazy\" decoding=\"async\" class=\"alignnone size-medium wp-image-11026\" src=\"https:\/\/blogsaverroes.juntadeandalucia.es\/grancapitan\/files\/2019\/11\/IMG-20191113-WA0015-300x225.jpg\" alt=\"\" width=\"300\" height=\"225\" srcset=\"https:\/\/blogsaverroes.juntadeandalucia.es\/grancapitan\/files\/2019\/11\/IMG-20191113-WA0015-300x225.jpg 300w, https:\/\/blogsaverroes.juntadeandalucia.es\/grancapitan\/files\/2019\/11\/IMG-20191113-WA0015-768x576.jpg 768w, https:\/\/blogsaverroes.juntadeandalucia.es\/grancapitan\/files\/2019\/11\/IMG-20191113-WA0015-1024x768.jpg 1024w, https:\/\/blogsaverroes.juntadeandalucia.es\/grancapitan\/files\/2019\/11\/IMG-20191113-WA0015-700x525.jpg 700w, https:\/\/blogsaverroes.juntadeandalucia.es\/grancapitan\/files\/2019\/11\/IMG-20191113-WA0015-24x18.jpg 24w, https:\/\/blogsaverroes.juntadeandalucia.es\/grancapitan\/files\/2019\/11\/IMG-20191113-WA0015-36x27.jpg 36w, https:\/\/blogsaverroes.juntadeandalucia.es\/grancapitan\/files\/2019\/11\/IMG-20191113-WA0015-48x36.jpg 48w, https:\/\/blogsaverroes.juntadeandalucia.es\/grancapitan\/files\/2019\/11\/IMG-20191113-WA0015.jpg 1600w\" sizes=\"(max-width: 300px) 100vw, 300px\" \/><\/p>\n<p>Como obsequio le han regalado un libro realizado&nbsp; e ilustrado por ellos donde se puede leer el Padre Nuestro, tanto en espa\u00f1ol como en ingl\u00e9s, que ha gustado mucho al Sr. Obispo.<\/p>\n<p><img loading=\"lazy\" decoding=\"async\" class=\"alignnone size-medium wp-image-11039\" src=\"https:\/\/blogsaverroes.juntadeandalucia.es\/grancapitan\/files\/2019\/11\/IMG-20191113-WA0013-e1573686030821-225x300.jpg\" alt=\"\" width=\"225\" height=\"300\" srcset=\"https:\/\/blogsaverroes.juntadeandalucia.es\/grancapitan\/files\/2019\/11\/IMG-20191113-WA0013-e1573686030821-225x300.jpg 225w, https:\/\/blogsaverroes.juntadeandalucia.es\/grancapitan\/files\/2019\/11\/IMG-20191113-WA0013-e1573686030821-768x1024.jpg 768w, https:\/\/blogsaverroes.juntadeandalucia.es\/grancapitan\/files\/2019\/11\/IMG-20191113-WA0013-e1573686030821-700x933.jpg 700w, https:\/\/blogsaverroes.juntadeandalucia.es\/grancapitan\/files\/2019\/11\/IMG-20191113-WA0013-e1573686030821-18x24.jpg 18w, https:\/\/blogsaverroes.juntadeandalucia.es\/grancapitan\/files\/2019\/11\/IMG-20191113-WA0013-e1573686030821-27x36.jpg 27w, https:\/\/blogsaverroes.juntadeandalucia.es\/grancapitan\/files\/2019\/11\/IMG-20191113-WA0013-e1573686030821-36x48.jpg 36w, https:\/\/blogsaverroes.juntadeandalucia.es\/grancapitan\/files\/2019\/11\/IMG-20191113-WA0013-e1573686030821.jpg 1200w\" sizes=\"(max-width: 225px) 100vw, 225px\" \/> <img loading=\"lazy\" decoding=\"async\" class=\"alignnone size-medium wp-image-11027\" src=\"https:\/\/blogsaverroes.juntadeandalucia.es\/grancapitan\/files\/2019\/11\/IMG-20191113-WA0005-225x300.jpg\" alt=\"\" width=\"225\" height=\"300\" srcset=\"https:\/\/blogsaverroes.juntadeandalucia.es\/grancapitan\/files\/2019\/11\/IMG-20191113-WA0005-225x300.jpg 225w, https:\/\/blogsaverroes.juntadeandalucia.es\/grancapitan\/files\/2019\/11\/IMG-20191113-WA0005-768x1024.jpg 768w, https:\/\/blogsaverroes.juntadeandalucia.es\/grancapitan\/files\/2019\/11\/IMG-20191113-WA0005-700x933.jpg 700w, https:\/\/blogsaverroes.juntadeandalucia.es\/grancapitan\/files\/2019\/11\/IMG-20191113-WA0005-18x24.jpg 18w, https:\/\/blogsaverroes.juntadeandalucia.es\/grancapitan\/files\/2019\/11\/IMG-20191113-WA0005-27x36.jpg 27w, https:\/\/blogsaverroes.juntadeandalucia.es\/grancapitan\/files\/2019\/11\/IMG-20191113-WA0005-36x48.jpg 36w, https:\/\/blogsaverroes.juntadeandalucia.es\/grancapitan\/files\/2019\/11\/IMG-20191113-WA0005.jpg 1200w\" sizes=\"(max-width: 225px) 100vw, 225px\" \/><\/p>\n","protected":false},"excerpt":{"rendered":"<p>Por la se\u00f1o Ana de Religi\u00f3n. Hoy, 13 de noviembre, el Sr. Obispo de C\u00f3rdoba, Monse\u00f1or Demetrio Fern\u00e1ndez, ha visitado el aula de Religi\u00f3n de&hellip;<\/p>\n","protected":false},"author":3368,"featured_media":11039,"comment_status":"open","ping_status":"open","sticky":false,"template":"","format":"standard","meta":{"ngg_post_thumbnail":0,"footnotes":""},"categories":[451451],"tags":[],"aioseo_notices":[],"_links":{"self":[{"href":"https:\/\/blogsaverroes.juntadeandalucia.es\/grancapitan\/wp-json\/wp\/v2\/posts\/11063"}],"collection":[{"href":"https:\/\/blogsaverroes.juntadeandalucia.es\/grancapitan\/wp-json\/wp\/v2\/posts"}],"about":[{"href":"https:\/\/blogsaverroes.juntadeandalucia.es\/grancapitan\/wp-json\/wp\/v2\/types\/post"}],"author":[{"embeddable":true,"href":"https:\/\/blogsaverroes.juntadeandalucia.es\/grancapitan\/wp-json\/wp\/v2\/users\/3368"}],"replies":[{"embeddable":true,"href":"https:\/\/blogsaverroes.juntadeandalucia.es\/grancapitan\/wp-json\/wp\/v2\/comments?post=11063"}],"version-history":[{"count":5,"href":"https:\/\/blogsaverroes.juntadeandalucia.es\/grancapitan\/wp-json\/wp\/v2\/posts\/11063\/revisions"}],"predecessor-version":[{"id":11068,"href":"https:\/\/blogsaverroes.juntadeandalucia.es\/grancapitan\/wp-json\/wp\/v2\/posts\/11063\/revisions\/11068"}],"wp:featuredmedia":[{"embeddable":true,"href":"https:\/\/blogsaverroes.juntadeandalucia.es\/grancapitan\/wp-json\/wp\/v2\/media\/11039"}],"wp:attachment":[{"href":"https:\/\/blogsaverroes.juntadeandalucia.es\/grancapitan\/wp-json\/wp\/v2\/media?parent=11063"}],"wp:term":[{"taxonomy":"category","embeddable":true,"href":"https:\/\/blogsaverroes.juntadeandalucia.es\/grancapitan\/wp-json\/wp\/v2\/categories?post=11063"},{"taxonomy":"post_tag","embeddable":true,"href":"https:\/\/blogsaverroes.juntadeandalucia.es\/grancapitan\/wp-json\/wp\/v2\/tags?post=11063"}],"curies":[{"name":"wp","href":"https:\/\/api.w.org\/{rel}","templated":true}]}}