{"id":13838,"date":"2021-06-25T09:53:33","date_gmt":"2021-06-25T08:53:33","guid":{"rendered":"https:\/\/blogsaverroes.juntadeandalucia.es\/grancapitan\/?p=13838"},"modified":"2021-06-25T09:53:33","modified_gmt":"2021-06-25T08:53:33","slug":"fiesta-fin-de-curso","status":"publish","type":"post","link":"https:\/\/blogsaverroes.juntadeandalucia.es\/grancapitan\/2021\/06\/25\/fiesta-fin-de-curso\/","title":{"rendered":"Fiesta fin de curso"},"content":{"rendered":"<p>\u00a1Ay! otra vez ha querido la pandemia que no podamos celebrar nuestra fiesta fin de curso&#8230;pero que equivocada estaba si pensaba que en nuestro cole no ibamos a celebrarlo.<\/p>\n<p>Profesores y alumnado nos pusimos manos a la obra y entre actividades de clase y ratos robados al estudio hemos montado todo un repertorio de n\u00fameros musicales y teatros. No os aconsejamos que los ve\u00e1is todos de un tir\u00f3n, pero no dej\u00e9is de ver a nuestras estrellas dando lo mejor de si mismas.<\/p>\n<p>Comenzamos con infantil de 3 a\u00f1os que nos baila \u00abLa bamba\u00bb.<\/p>\n<p><a href=\"https:\/\/drive.google.com\/file\/d\/1jaj0-e4u42zIrkJZUKh2f9FamlMxbqIk\/view?usp=sharing\"><img loading=\"lazy\" decoding=\"async\" class=\"alignnone size-medium wp-image-13841\" src=\"https:\/\/blogsaverroes.juntadeandalucia.es\/grancapitan\/files\/2021\/06\/Inf-3-a\u00f1os-300x171.png\" alt=\"\" width=\"300\" height=\"171\" srcset=\"https:\/\/blogsaverroes.juntadeandalucia.es\/grancapitan\/files\/2021\/06\/Inf-3-a\u00f1os-300x171.png 300w, https:\/\/blogsaverroes.juntadeandalucia.es\/grancapitan\/files\/2021\/06\/Inf-3-a\u00f1os.png 640w\" sizes=\"(max-width: 300px) 100vw, 300px\" \/><\/a><\/p>\n<p>Los alumnos y alumnas de 4 a\u00f1os se marcan un rock para ir a la playa.<\/p>\n<p><a href=\"https:\/\/drive.google.com\/file\/d\/1jaWoCVlDjA5dLji583jQGBV_RxvbxtSo\/view?usp=sharing\"><img loading=\"lazy\" decoding=\"async\" class=\"alignnone size-medium wp-image-13840\" src=\"https:\/\/blogsaverroes.juntadeandalucia.es\/grancapitan\/files\/2021\/06\/Inf-4-a\u00f1os-300x167.png\" alt=\"\" width=\"300\" height=\"167\" srcset=\"https:\/\/blogsaverroes.juntadeandalucia.es\/grancapitan\/files\/2021\/06\/Inf-4-a\u00f1os-300x167.png 300w, https:\/\/blogsaverroes.juntadeandalucia.es\/grancapitan\/files\/2021\/06\/Inf-4-a\u00f1os-1024x570.png 1024w, https:\/\/blogsaverroes.juntadeandalucia.es\/grancapitan\/files\/2021\/06\/Inf-4-a\u00f1os-768x428.png 768w, https:\/\/blogsaverroes.juntadeandalucia.es\/grancapitan\/files\/2021\/06\/Inf-4-a\u00f1os-700x393.png 700w, https:\/\/blogsaverroes.juntadeandalucia.es\/grancapitan\/files\/2021\/06\/Inf-4-a\u00f1os.png 1106w\" sizes=\"(max-width: 300px) 100vw, 300px\" \/><\/a><\/p>\n<p>Y terminamos con los m\u00e1s grandes de los peques siguiendo las caderas de Chayane al ritmo del tambor.<\/p>\n<p><a href=\"https:\/\/drive.google.com\/file\/d\/1NBU86Adlj4LYmgtyCe99IAyE0qqZRzF7\/view?usp=sharing\"><img loading=\"lazy\" decoding=\"async\" class=\"alignnone size-medium wp-image-13839\" src=\"https:\/\/blogsaverroes.juntadeandalucia.es\/grancapitan\/files\/2021\/06\/Inf-5-a\u00f1os-300x167.png\" alt=\"\" width=\"300\" height=\"167\" srcset=\"https:\/\/blogsaverroes.juntadeandalucia.es\/grancapitan\/files\/2021\/06\/Inf-5-a\u00f1os-300x167.png 300w, https:\/\/blogsaverroes.juntadeandalucia.es\/grancapitan\/files\/2021\/06\/Inf-5-a\u00f1os.png 638w\" sizes=\"(max-width: 300px) 100vw, 300px\" \/><\/a><\/p>\n<p>La m\u00fasica y los juegos tradicionales han marcado el trabajo de los ni\u00f1os y ni\u00f1as de primero para su baile fin de curso.<\/p>\n<p><a href=\"https:\/\/drive.google.com\/file\/d\/1PIeg3mbrlStmLe8uBZvl_Fgq0BWaLBB-\/view?usp=sharing\"><img loading=\"lazy\" decoding=\"async\" class=\"alignnone size-medium wp-image-13861\" src=\"https:\/\/blogsaverroes.juntadeandalucia.es\/grancapitan\/files\/2021\/06\/1\u00ba-El-patio-de-mi-casa-300x169.png\" alt=\"\" width=\"300\" height=\"169\" srcset=\"https:\/\/blogsaverroes.juntadeandalucia.es\/grancapitan\/files\/2021\/06\/1\u00ba-El-patio-de-mi-casa-300x169.png 300w, https:\/\/blogsaverroes.juntadeandalucia.es\/grancapitan\/files\/2021\/06\/1\u00ba-El-patio-de-mi-casa.png 633w\" sizes=\"(max-width: 300px) 100vw, 300px\" \/><\/a><\/p>\n<p><a href=\"https:\/\/drive.google.com\/file\/d\/1PJ2ZP0csIoOrHkhgKE05anZOegpZeu70\/view?usp=sharing\"><img loading=\"lazy\" decoding=\"async\" class=\"alignnone size-medium wp-image-13860\" src=\"https:\/\/blogsaverroes.juntadeandalucia.es\/grancapitan\/files\/2021\/06\/1\u00ba-ritmo-300x170.png\" alt=\"\" width=\"300\" height=\"170\" srcset=\"https:\/\/blogsaverroes.juntadeandalucia.es\/grancapitan\/files\/2021\/06\/1\u00ba-ritmo-300x170.png 300w, https:\/\/blogsaverroes.juntadeandalucia.es\/grancapitan\/files\/2021\/06\/1\u00ba-ritmo-1024x579.png 1024w, https:\/\/blogsaverroes.juntadeandalucia.es\/grancapitan\/files\/2021\/06\/1\u00ba-ritmo-768x434.png 768w, https:\/\/blogsaverroes.juntadeandalucia.es\/grancapitan\/files\/2021\/06\/1\u00ba-ritmo-700x396.png 700w, https:\/\/blogsaverroes.juntadeandalucia.es\/grancapitan\/files\/2021\/06\/1\u00ba-ritmo.png 1109w\" sizes=\"(max-width: 300px) 100vw, 300px\" \/><\/a><\/p>\n<p>Segundo esta lleno de ratitras presumidas, pero solo una puede serlo&#8230;descrubelo en su peque\u00f1o teatro.<\/p>\n<p><a href=\"https:\/\/drive.google.com\/file\/d\/1jlbwxuQv-CwG2Gf4fIXI-Nsa66wiAHpq\/view?usp=sharing\"><img loading=\"lazy\" decoding=\"async\" class=\"alignnone size-medium wp-image-13862\" src=\"https:\/\/blogsaverroes.juntadeandalucia.es\/grancapitan\/files\/2021\/06\/2\u00ba-Ratita-ratita-300x165.png\" alt=\"\" width=\"300\" height=\"165\" srcset=\"https:\/\/blogsaverroes.juntadeandalucia.es\/grancapitan\/files\/2021\/06\/2\u00ba-Ratita-ratita-300x165.png 300w, https:\/\/blogsaverroes.juntadeandalucia.es\/grancapitan\/files\/2021\/06\/2\u00ba-Ratita-ratita.png 622w\" sizes=\"(max-width: 300px) 100vw, 300px\" \/><\/a><\/p>\n<p>A bailar, a bailar, a bailar, alegres sevillanas&#8230; Andaluc\u00eda ha sido un tema muy importante en tercero este a\u00f1o: turismo, exposiciones y como no&#8230;bailes, por sevillanas.<\/p>\n<p><a href=\"https:\/\/drive.google.com\/file\/d\/1PQcK8lS3sNKJrmPoiVZWnL054wR0wzWe\/view?usp=sharing\"><img loading=\"lazy\" decoding=\"async\" class=\"alignnone size-medium wp-image-13859\" src=\"https:\/\/blogsaverroes.juntadeandalucia.es\/grancapitan\/files\/2021\/06\/3\u00ba-A-Bailar-300x168.png\" alt=\"\" width=\"300\" height=\"168\" srcset=\"https:\/\/blogsaverroes.juntadeandalucia.es\/grancapitan\/files\/2021\/06\/3\u00ba-A-Bailar-300x168.png 300w, https:\/\/blogsaverroes.juntadeandalucia.es\/grancapitan\/files\/2021\/06\/3\u00ba-A-Bailar-1024x574.png 1024w, https:\/\/blogsaverroes.juntadeandalucia.es\/grancapitan\/files\/2021\/06\/3\u00ba-A-Bailar-768x431.png 768w, https:\/\/blogsaverroes.juntadeandalucia.es\/grancapitan\/files\/2021\/06\/3\u00ba-A-Bailar-700x393.png 700w, https:\/\/blogsaverroes.juntadeandalucia.es\/grancapitan\/files\/2021\/06\/3\u00ba-A-Bailar.png 1107w\" sizes=\"(max-width: 300px) 100vw, 300px\" \/><\/a><\/p>\n<p>Un pasodoble es algo muy t\u00edpico espa\u00f1ol, los ni\u00f1os y ni\u00f1as de cuarto dicen que lo bailan sus abuelos ya buelas, por qu\u00e9 no ellos&#8230;<\/p>\n<p><a href=\"https:\/\/drive.google.com\/file\/d\/1PXBJeEuuFvboRm5Yzy3mbpUfV6ogzyQH\/view?usp=sharing\"><img loading=\"lazy\" decoding=\"async\" class=\"alignnone size-medium wp-image-13858\" src=\"https:\/\/blogsaverroes.juntadeandalucia.es\/grancapitan\/files\/2021\/06\/4\u00ba-Pasodoble-300x169.png\" alt=\"\" width=\"300\" height=\"169\" srcset=\"https:\/\/blogsaverroes.juntadeandalucia.es\/grancapitan\/files\/2021\/06\/4\u00ba-Pasodoble-300x169.png 300w, https:\/\/blogsaverroes.juntadeandalucia.es\/grancapitan\/files\/2021\/06\/4\u00ba-Pasodoble.png 636w\" sizes=\"(max-width: 300px) 100vw, 300px\" \/><\/a><\/p>\n<p>El alumnado de 5\u00ba, despu\u00e9s del programa The dancer, se ha venido arriba y se han convertido en sus propios core\u00f3grafos y core\u00f3grafas y han montado 8 n\u00fameros c\u00f3mo aut\u00e9nticos profesionales.<\/p>\n<p><a href=\"https:\/\/drive.google.com\/file\/d\/1iqkw80rCfXPanccauFiHh909UmNbhBBn\/view?usp=sharing\"><img loading=\"lazy\" decoding=\"async\" class=\"alignnone size-medium wp-image-13857\" src=\"https:\/\/blogsaverroes.juntadeandalucia.es\/grancapitan\/files\/2021\/06\/5\u00baA-Baile-1-300x168.png\" alt=\"\" width=\"300\" height=\"168\" srcset=\"https:\/\/blogsaverroes.juntadeandalucia.es\/grancapitan\/files\/2021\/06\/5\u00baA-Baile-1-300x168.png 300w, https:\/\/blogsaverroes.juntadeandalucia.es\/grancapitan\/files\/2021\/06\/5\u00baA-Baile-1.png 639w\" sizes=\"(max-width: 300px) 100vw, 300px\" \/><\/a> <a href=\"https:\/\/drive.google.com\/file\/d\/1ipWVbFZvvKIgKhAXAt0Hv_QmE7IowbZd\/view?usp=sharing\"><img loading=\"lazy\" decoding=\"async\" class=\"alignnone size-medium wp-image-13856\" src=\"https:\/\/blogsaverroes.juntadeandalucia.es\/grancapitan\/files\/2021\/06\/5\u00baA-Baile-2-300x169.png\" alt=\"\" width=\"300\" height=\"169\" srcset=\"https:\/\/blogsaverroes.juntadeandalucia.es\/grancapitan\/files\/2021\/06\/5\u00baA-Baile-2-300x169.png 300w, https:\/\/blogsaverroes.juntadeandalucia.es\/grancapitan\/files\/2021\/06\/5\u00baA-Baile-2-1024x577.png 1024w, https:\/\/blogsaverroes.juntadeandalucia.es\/grancapitan\/files\/2021\/06\/5\u00baA-Baile-2-768x433.png 768w, https:\/\/blogsaverroes.juntadeandalucia.es\/grancapitan\/files\/2021\/06\/5\u00baA-Baile-2-700x393.png 700w, https:\/\/blogsaverroes.juntadeandalucia.es\/grancapitan\/files\/2021\/06\/5\u00baA-Baile-2.png 1109w\" sizes=\"(max-width: 300px) 100vw, 300px\" \/><\/a> <a href=\"https:\/\/drive.google.com\/file\/d\/1PHGm1KeOsVyd6gt6pGkw-0C90TTz4V0p\/view?usp=sharing\"><img loading=\"lazy\" decoding=\"async\" class=\"alignnone size-medium wp-image-13855\" src=\"https:\/\/blogsaverroes.juntadeandalucia.es\/grancapitan\/files\/2021\/06\/5\u00baA-Baile-3-300x169.png\" alt=\"\" width=\"300\" height=\"169\" srcset=\"https:\/\/blogsaverroes.juntadeandalucia.es\/grancapitan\/files\/2021\/06\/5\u00baA-Baile-3-300x169.png 300w, https:\/\/blogsaverroes.juntadeandalucia.es\/grancapitan\/files\/2021\/06\/5\u00baA-Baile-3-1024x576.png 1024w, https:\/\/blogsaverroes.juntadeandalucia.es\/grancapitan\/files\/2021\/06\/5\u00baA-Baile-3-768x432.png 768w, https:\/\/blogsaverroes.juntadeandalucia.es\/grancapitan\/files\/2021\/06\/5\u00baA-Baile-3-700x393.png 700w, https:\/\/blogsaverroes.juntadeandalucia.es\/grancapitan\/files\/2021\/06\/5\u00baA-Baile-3.png 1107w\" sizes=\"(max-width: 300px) 100vw, 300px\" \/><\/a> <a href=\"https:\/\/drive.google.com\/file\/d\/1ijxtfCZG--elCjhc0Ux3PNvuBak5odJZ\/view?usp=sharing\"><img loading=\"lazy\" decoding=\"async\" class=\"alignnone size-medium wp-image-13854\" src=\"https:\/\/blogsaverroes.juntadeandalucia.es\/grancapitan\/files\/2021\/06\/5\u00baA-Baile-4-300x166.png\" alt=\"\" width=\"300\" height=\"166\" srcset=\"https:\/\/blogsaverroes.juntadeandalucia.es\/grancapitan\/files\/2021\/06\/5\u00baA-Baile-4-300x166.png 300w, https:\/\/blogsaverroes.juntadeandalucia.es\/grancapitan\/files\/2021\/06\/5\u00baA-Baile-4-1024x568.png 1024w, https:\/\/blogsaverroes.juntadeandalucia.es\/grancapitan\/files\/2021\/06\/5\u00baA-Baile-4-768x426.png 768w, https:\/\/blogsaverroes.juntadeandalucia.es\/grancapitan\/files\/2021\/06\/5\u00baA-Baile-4-700x388.png 700w, https:\/\/blogsaverroes.juntadeandalucia.es\/grancapitan\/files\/2021\/06\/5\u00baA-Baile-4.png 1109w\" sizes=\"(max-width: 300px) 100vw, 300px\" \/><\/a> <a href=\"https:\/\/drive.google.com\/file\/d\/1OKP-IofHkMzFk3SZ3vvWuNXQHT-YzMsT\/view?usp=sharing\"><img loading=\"lazy\" decoding=\"async\" class=\"alignnone size-medium wp-image-13853\" src=\"https:\/\/blogsaverroes.juntadeandalucia.es\/grancapitan\/files\/2021\/06\/5\u00baB-Baile-1-300x168.png\" alt=\"\" width=\"300\" height=\"168\" srcset=\"https:\/\/blogsaverroes.juntadeandalucia.es\/grancapitan\/files\/2021\/06\/5\u00baB-Baile-1-300x168.png 300w, https:\/\/blogsaverroes.juntadeandalucia.es\/grancapitan\/files\/2021\/06\/5\u00baB-Baile-1-1024x572.png 1024w, https:\/\/blogsaverroes.juntadeandalucia.es\/grancapitan\/files\/2021\/06\/5\u00baB-Baile-1-768x429.png 768w, https:\/\/blogsaverroes.juntadeandalucia.es\/grancapitan\/files\/2021\/06\/5\u00baB-Baile-1-700x393.png 700w, https:\/\/blogsaverroes.juntadeandalucia.es\/grancapitan\/files\/2021\/06\/5\u00baB-Baile-1.png 1111w\" sizes=\"(max-width: 300px) 100vw, 300px\" \/><\/a> <a href=\"https:\/\/drive.google.com\/file\/d\/1idh29oPI6akquejv7L0O2fciJaqDMEQJ\/view?usp=sharing\"><img loading=\"lazy\" decoding=\"async\" class=\"alignnone size-medium wp-image-13852\" src=\"https:\/\/blogsaverroes.juntadeandalucia.es\/grancapitan\/files\/2021\/06\/5\u00baB-Baile-2-300x166.png\" alt=\"\" width=\"300\" height=\"166\" srcset=\"https:\/\/blogsaverroes.juntadeandalucia.es\/grancapitan\/files\/2021\/06\/5\u00baB-Baile-2-300x166.png 300w, https:\/\/blogsaverroes.juntadeandalucia.es\/grancapitan\/files\/2021\/06\/5\u00baB-Baile-2-1024x567.png 1024w, https:\/\/blogsaverroes.juntadeandalucia.es\/grancapitan\/files\/2021\/06\/5\u00baB-Baile-2-768x425.png 768w, https:\/\/blogsaverroes.juntadeandalucia.es\/grancapitan\/files\/2021\/06\/5\u00baB-Baile-2-700x387.png 700w, https:\/\/blogsaverroes.juntadeandalucia.es\/grancapitan\/files\/2021\/06\/5\u00baB-Baile-2.png 1115w\" sizes=\"(max-width: 300px) 100vw, 300px\" \/><\/a> <a href=\"https:\/\/drive.google.com\/file\/d\/1igHgFdpM7xE-UGgM2IvGp_qGRtsuop8X\/view?usp=sharing\"><img loading=\"lazy\" decoding=\"async\" class=\"alignnone size-medium wp-image-13851\" src=\"https:\/\/blogsaverroes.juntadeandalucia.es\/grancapitan\/files\/2021\/06\/5\u00baB-Baile-3-300x169.png\" alt=\"\" width=\"300\" height=\"169\" srcset=\"https:\/\/blogsaverroes.juntadeandalucia.es\/grancapitan\/files\/2021\/06\/5\u00baB-Baile-3-300x169.png 300w, https:\/\/blogsaverroes.juntadeandalucia.es\/grancapitan\/files\/2021\/06\/5\u00baB-Baile-3-1024x578.png 1024w, https:\/\/blogsaverroes.juntadeandalucia.es\/grancapitan\/files\/2021\/06\/5\u00baB-Baile-3-768x433.png 768w, https:\/\/blogsaverroes.juntadeandalucia.es\/grancapitan\/files\/2021\/06\/5\u00baB-Baile-3-700x393.png 700w, https:\/\/blogsaverroes.juntadeandalucia.es\/grancapitan\/files\/2021\/06\/5\u00baB-Baile-3.png 1111w\" sizes=\"(max-width: 300px) 100vw, 300px\" \/><\/a> <a href=\"https:\/\/drive.google.com\/file\/d\/1O56uTsTh2neyfu0w_VsWu5iKifms99qr\/view?usp=sharing\"><img loading=\"lazy\" decoding=\"async\" class=\"alignnone size-medium wp-image-13850\" src=\"https:\/\/blogsaverroes.juntadeandalucia.es\/grancapitan\/files\/2021\/06\/5\u00baB-Baile-4-300x166.png\" alt=\"\" width=\"300\" height=\"166\" srcset=\"https:\/\/blogsaverroes.juntadeandalucia.es\/grancapitan\/files\/2021\/06\/5\u00baB-Baile-4-300x166.png 300w, https:\/\/blogsaverroes.juntadeandalucia.es\/grancapitan\/files\/2021\/06\/5\u00baB-Baile-4-1024x567.png 1024w, https:\/\/blogsaverroes.juntadeandalucia.es\/grancapitan\/files\/2021\/06\/5\u00baB-Baile-4-768x425.png 768w, https:\/\/blogsaverroes.juntadeandalucia.es\/grancapitan\/files\/2021\/06\/5\u00baB-Baile-4-700x387.png 700w, https:\/\/blogsaverroes.juntadeandalucia.es\/grancapitan\/files\/2021\/06\/5\u00baB-Baile-4.png 1111w\" sizes=\"(max-width: 300px) 100vw, 300px\" \/><\/a><\/p>\n<p>Y llegan nuestros gradoados y graduadas, que antes de irse de picos pardos a Hornachuelos dejaron unas obras de teatro adaptadas , decoradas e interpretadas por ellos mismos. No hagan mutis por el foro y echen un vistazo a estos cortos&#8230;<\/p>\n<p><a href=\"https:\/\/drive.google.com\/file\/d\/1NgawKcvBjO1wZBVxhl7XKZ36s1Nfvq5k\/view?usp=sharing\"><img loading=\"lazy\" decoding=\"async\" class=\"alignnone size-medium wp-image-13849\" src=\"https:\/\/blogsaverroes.juntadeandalucia.es\/grancapitan\/files\/2021\/06\/6\u00baA-teatro-1-300x169.png\" alt=\"\" width=\"300\" height=\"169\" srcset=\"https:\/\/blogsaverroes.juntadeandalucia.es\/grancapitan\/files\/2021\/06\/6\u00baA-teatro-1-300x169.png 300w, https:\/\/blogsaverroes.juntadeandalucia.es\/grancapitan\/files\/2021\/06\/6\u00baA-teatro-1-1024x577.png 1024w, https:\/\/blogsaverroes.juntadeandalucia.es\/grancapitan\/files\/2021\/06\/6\u00baA-teatro-1-768x433.png 768w, https:\/\/blogsaverroes.juntadeandalucia.es\/grancapitan\/files\/2021\/06\/6\u00baA-teatro-1-700x393.png 700w, https:\/\/blogsaverroes.juntadeandalucia.es\/grancapitan\/files\/2021\/06\/6\u00baA-teatro-1.png 1105w\" sizes=\"(max-width: 300px) 100vw, 300px\" \/><\/a> <a href=\"https:\/\/drive.google.com\/file\/d\/1NtgVwcd8FKHmQ5tlcS1tIEENg3UwB5Fi\/view?usp=sharing\"><img loading=\"lazy\" decoding=\"async\" class=\"alignnone size-medium wp-image-13848\" src=\"https:\/\/blogsaverroes.juntadeandalucia.es\/grancapitan\/files\/2021\/06\/6\u00baA-teatro-2-300x169.png\" alt=\"\" width=\"300\" height=\"169\" srcset=\"https:\/\/blogsaverroes.juntadeandalucia.es\/grancapitan\/files\/2021\/06\/6\u00baA-teatro-2-300x169.png 300w, https:\/\/blogsaverroes.juntadeandalucia.es\/grancapitan\/files\/2021\/06\/6\u00baA-teatro-2-1024x575.png 1024w, https:\/\/blogsaverroes.juntadeandalucia.es\/grancapitan\/files\/2021\/06\/6\u00baA-teatro-2-768x432.png 768w, https:\/\/blogsaverroes.juntadeandalucia.es\/grancapitan\/files\/2021\/06\/6\u00baA-teatro-2-700x393.png 700w, https:\/\/blogsaverroes.juntadeandalucia.es\/grancapitan\/files\/2021\/06\/6\u00baA-teatro-2.png 1091w\" sizes=\"(max-width: 300px) 100vw, 300px\" \/><\/a> <a href=\"https:\/\/drive.google.com\/file\/d\/1O6XUR33Qj5rFEY38N1hqvLcVfhm09FEF\/view?usp=sharing\"><img loading=\"lazy\" decoding=\"async\" class=\"alignnone size-medium wp-image-13847\" src=\"https:\/\/blogsaverroes.juntadeandalucia.es\/grancapitan\/files\/2021\/06\/6\u00baA-teatro-3-300x169.png\" alt=\"\" width=\"300\" height=\"169\" srcset=\"https:\/\/blogsaverroes.juntadeandalucia.es\/grancapitan\/files\/2021\/06\/6\u00baA-teatro-3-300x169.png 300w, https:\/\/blogsaverroes.juntadeandalucia.es\/grancapitan\/files\/2021\/06\/6\u00baA-teatro-3-1024x577.png 1024w, https:\/\/blogsaverroes.juntadeandalucia.es\/grancapitan\/files\/2021\/06\/6\u00baA-teatro-3-768x433.png 768w, https:\/\/blogsaverroes.juntadeandalucia.es\/grancapitan\/files\/2021\/06\/6\u00baA-teatro-3-700x393.png 700w, https:\/\/blogsaverroes.juntadeandalucia.es\/grancapitan\/files\/2021\/06\/6\u00baA-teatro-3.png 1109w\" sizes=\"(max-width: 300px) 100vw, 300px\" \/><\/a> <a href=\"https:\/\/drive.google.com\/file\/d\/1Nj0GZd1CTyw0MdA9ZmHEFd9OK1HXgCjH\/view?usp=sharing\"><img loading=\"lazy\" decoding=\"async\" class=\"alignnone size-medium wp-image-13846\" src=\"https:\/\/blogsaverroes.juntadeandalucia.es\/grancapitan\/files\/2021\/06\/6\u00baA-teatro-4-300x166.png\" alt=\"\" width=\"300\" height=\"166\" srcset=\"https:\/\/blogsaverroes.juntadeandalucia.es\/grancapitan\/files\/2021\/06\/6\u00baA-teatro-4-300x166.png 300w, https:\/\/blogsaverroes.juntadeandalucia.es\/grancapitan\/files\/2021\/06\/6\u00baA-teatro-4-1024x568.png 1024w, https:\/\/blogsaverroes.juntadeandalucia.es\/grancapitan\/files\/2021\/06\/6\u00baA-teatro-4-768x426.png 768w, https:\/\/blogsaverroes.juntadeandalucia.es\/grancapitan\/files\/2021\/06\/6\u00baA-teatro-4-700x388.png 700w, https:\/\/blogsaverroes.juntadeandalucia.es\/grancapitan\/files\/2021\/06\/6\u00baA-teatro-4.png 1113w\" sizes=\"(max-width: 300px) 100vw, 300px\" \/><\/a> <a href=\"https:\/\/drive.google.com\/file\/d\/1NdCxR4Zdg0fp23wpqogl36ZPoFot7szZ\/view?usp=sharing\"><img loading=\"lazy\" decoding=\"async\" class=\"alignnone size-medium wp-image-13845\" src=\"https:\/\/blogsaverroes.juntadeandalucia.es\/grancapitan\/files\/2021\/06\/6\u00baB-teatro-1-300x167.png\" alt=\"\" width=\"300\" height=\"167\" srcset=\"https:\/\/blogsaverroes.juntadeandalucia.es\/grancapitan\/files\/2021\/06\/6\u00baB-teatro-1-300x167.png 300w, https:\/\/blogsaverroes.juntadeandalucia.es\/grancapitan\/files\/2021\/06\/6\u00baB-teatro-1-1024x570.png 1024w, https:\/\/blogsaverroes.juntadeandalucia.es\/grancapitan\/files\/2021\/06\/6\u00baB-teatro-1-768x427.png 768w, https:\/\/blogsaverroes.juntadeandalucia.es\/grancapitan\/files\/2021\/06\/6\u00baB-teatro-1-700x393.png 700w, https:\/\/blogsaverroes.juntadeandalucia.es\/grancapitan\/files\/2021\/06\/6\u00baB-teatro-1.png 1113w\" sizes=\"(max-width: 300px) 100vw, 300px\" \/><\/a> <a href=\"https:\/\/drive.google.com\/file\/d\/1PFWAqO2k1up4DXzTwDMq70rkscYtuYld\/view?usp=sharing\"><img loading=\"lazy\" decoding=\"async\" class=\"alignnone size-medium wp-image-13842\" src=\"https:\/\/blogsaverroes.juntadeandalucia.es\/grancapitan\/files\/2021\/06\/6\u00baB-teatro-4-300x168.png\" alt=\"\" width=\"300\" height=\"168\" srcset=\"https:\/\/blogsaverroes.juntadeandalucia.es\/grancapitan\/files\/2021\/06\/6\u00baB-teatro-4-300x168.png 300w, https:\/\/blogsaverroes.juntadeandalucia.es\/grancapitan\/files\/2021\/06\/6\u00baB-teatro-4-1024x573.png 1024w, https:\/\/blogsaverroes.juntadeandalucia.es\/grancapitan\/files\/2021\/06\/6\u00baB-teatro-4-768x429.png 768w, https:\/\/blogsaverroes.juntadeandalucia.es\/grancapitan\/files\/2021\/06\/6\u00baB-teatro-4-700x393.png 700w, https:\/\/blogsaverroes.juntadeandalucia.es\/grancapitan\/files\/2021\/06\/6\u00baB-teatro-4.png 1107w\" sizes=\"(max-width: 300px) 100vw, 300px\" \/><\/a> <a href=\"https:\/\/drive.google.com\/file\/d\/1PD31_VkvsFW3Rd91-1XUHzei2ajZSq5M\/view?usp=sharing\"><img loading=\"lazy\" decoding=\"async\" class=\"alignnone size-medium wp-image-13843\" src=\"https:\/\/blogsaverroes.juntadeandalucia.es\/grancapitan\/files\/2021\/06\/6\u00baB-teatro-3-300x167.png\" alt=\"\" width=\"300\" height=\"167\" srcset=\"https:\/\/blogsaverroes.juntadeandalucia.es\/grancapitan\/files\/2021\/06\/6\u00baB-teatro-3-300x167.png 300w, https:\/\/blogsaverroes.juntadeandalucia.es\/grancapitan\/files\/2021\/06\/6\u00baB-teatro-3-1024x570.png 1024w, https:\/\/blogsaverroes.juntadeandalucia.es\/grancapitan\/files\/2021\/06\/6\u00baB-teatro-3-768x427.png 768w, https:\/\/blogsaverroes.juntadeandalucia.es\/grancapitan\/files\/2021\/06\/6\u00baB-teatro-3-700x393.png 700w, https:\/\/blogsaverroes.juntadeandalucia.es\/grancapitan\/files\/2021\/06\/6\u00baB-teatro-3.png 1113w\" sizes=\"(max-width: 300px) 100vw, 300px\" \/><\/a> <a href=\"https:\/\/drive.google.com\/file\/d\/1P4yJ-EJE02MH1ezlLsIZVLsHbCd48LUY\/view?usp=sharing\"><img loading=\"lazy\" decoding=\"async\" class=\"alignnone size-medium wp-image-13844\" src=\"https:\/\/blogsaverroes.juntadeandalucia.es\/grancapitan\/files\/2021\/06\/6\u00baB-teatro-2-300x168.png\" alt=\"\" width=\"300\" height=\"168\" srcset=\"https:\/\/blogsaverroes.juntadeandalucia.es\/grancapitan\/files\/2021\/06\/6\u00baB-teatro-2-300x168.png 300w, https:\/\/blogsaverroes.juntadeandalucia.es\/grancapitan\/files\/2021\/06\/6\u00baB-teatro-2-1024x572.png 1024w, https:\/\/blogsaverroes.juntadeandalucia.es\/grancapitan\/files\/2021\/06\/6\u00baB-teatro-2-768x429.png 768w, https:\/\/blogsaverroes.juntadeandalucia.es\/grancapitan\/files\/2021\/06\/6\u00baB-teatro-2-700x393.png 700w, https:\/\/blogsaverroes.juntadeandalucia.es\/grancapitan\/files\/2021\/06\/6\u00baB-teatro-2.png 1105w\" sizes=\"(max-width: 300px) 100vw, 300px\" \/><\/a><\/p>\n<p>Y ahora si, como dec\u00eda aquel conejillo que aun hoy sale en los dibujitos animados&#8230;\u00a1Esto es to &#8230;esto es to&#8230;.esto es todo amigos!<\/p>\n","protected":false},"excerpt":{"rendered":"<p>\u00a1Ay! otra vez ha querido la pandemia que no podamos celebrar nuestra fiesta fin de curso&#8230;pero que equivocada estaba si pensaba que en nuestro cole&hellip;<\/p>\n","protected":false},"author":3368,"featured_media":13863,"comment_status":"open","ping_status":"open","sticky":false,"template":"","format":"standard","meta":{"ngg_post_thumbnail":0,"footnotes":""},"categories":[11909],"tags":[],"aioseo_notices":[],"_links":{"self":[{"href":"https:\/\/blogsaverroes.juntadeandalucia.es\/grancapitan\/wp-json\/wp\/v2\/posts\/13838"}],"collection":[{"href":"https:\/\/blogsaverroes.juntadeandalucia.es\/grancapitan\/wp-json\/wp\/v2\/posts"}],"about":[{"href":"https:\/\/blogsaverroes.juntadeandalucia.es\/grancapitan\/wp-json\/wp\/v2\/types\/post"}],"author":[{"embeddable":true,"href":"https:\/\/blogsaverroes.juntadeandalucia.es\/grancapitan\/wp-json\/wp\/v2\/users\/3368"}],"replies":[{"embeddable":true,"href":"https:\/\/blogsaverroes.juntadeandalucia.es\/grancapitan\/wp-json\/wp\/v2\/comments?post=13838"}],"version-history":[{"count":3,"href":"https:\/\/blogsaverroes.juntadeandalucia.es\/grancapitan\/wp-json\/wp\/v2\/posts\/13838\/revisions"}],"predecessor-version":[{"id":13866,"href":"https:\/\/blogsaverroes.juntadeandalucia.es\/grancapitan\/wp-json\/wp\/v2\/posts\/13838\/revisions\/13866"}],"wp:featuredmedia":[{"embeddable":true,"href":"https:\/\/blogsaverroes.juntadeandalucia.es\/grancapitan\/wp-json\/wp\/v2\/media\/13863"}],"wp:attachment":[{"href":"https:\/\/blogsaverroes.juntadeandalucia.es\/grancapitan\/wp-json\/wp\/v2\/media?parent=13838"}],"wp:term":[{"taxonomy":"category","embeddable":true,"href":"https:\/\/blogsaverroes.juntadeandalucia.es\/grancapitan\/wp-json\/wp\/v2\/categories?post=13838"},{"taxonomy":"post_tag","embeddable":true,"href":"https:\/\/blogsaverroes.juntadeandalucia.es\/grancapitan\/wp-json\/wp\/v2\/tags?post=13838"}],"curies":[{"name":"wp","href":"https:\/\/api.w.org\/{rel}","templated":true}]}}