{"id":13877,"date":"2021-09-07T18:48:05","date_gmt":"2021-09-07T17:48:05","guid":{"rendered":"https:\/\/blogsaverroes.juntadeandalucia.es\/grancapitan\/?p=13877"},"modified":"2021-09-07T18:48:05","modified_gmt":"2021-09-07T17:48:05","slug":"comienza-el-curso","status":"publish","type":"post","link":"https:\/\/blogsaverroes.juntadeandalucia.es\/grancapitan\/2021\/09\/07\/comienza-el-curso\/","title":{"rendered":"\u00a1Comienza el curso!"},"content":{"rendered":"<div dir=\"auto\">Ha llegado la hora de volver al cole, de reencontrarnos con los compa\u00f1eros, las se\u00f1os y maestros, de correr por nuestros patios y aprender cosas nuevas y emocionantes. Por eso vamos a explicar como funcionaremos el primer d\u00eda, el viernes 10 de septiembre.<\/div>\n<div dir=\"auto\">&nbsp;<\/div>\n<div dir=\"auto\">Los ni\u00f1os de <b>PRIMARIA <\/b>entrar\u00e1n<strong>&nbsp;a las once de la ma\u00f1ana<\/strong> por su puerta correspondiente:&nbsp; &nbsp;<\/div>\n<div dir=\"auto\">&nbsp;<\/div>\n<ul>\n<li><strong>Primer ciclo<\/strong> entra por la puerta de C\/ Conde de la Cortina m\u00e1s cercana al&nbsp; &nbsp; &nbsp; &nbsp; &nbsp; &nbsp; &nbsp; &nbsp; &nbsp; &nbsp; &nbsp; &nbsp; &nbsp; &nbsp; &nbsp; &nbsp; &nbsp; &nbsp; &nbsp; Vicente&nbsp; Aleixandre.<\/li>\n<li><strong>Segundo ciclo<\/strong> por la Avenida de Andaluc\u00eda.<\/li>\n<li><strong>Tercer ciclo<\/strong> por Conde de la Cortina, puerta m\u00e1s cercana al Inca Garcilaso.<\/li>\n<\/ul>\n<div dir=\"auto\"><strong>Salida a las 13:45<\/strong>, salvo los que van a comedor. El alumnado de 3\u00ba a 6\u00ba, debe traer mochila para llevarse los libros, los de primer ciclo solo estuche los de 2\u00ba y caja de material los de primero.<\/div>\n<div dir=\"auto\">&nbsp;<\/div>\n<div dir=\"auto\">El alumnado de<strong> INFANTIL <\/strong>tendr\u00e1 un horario un poco diferente:<\/div>\n<div dir=\"auto\">&nbsp;<\/div>\n<ul>\n<li>Infantil de<strong> 4 y 5 a\u00f1os a las 11:10:&nbsp; <\/strong>acceso por la puerta de C\/ Conde de la Cortina m\u00e1s cercana al Vicente Aleixandre.<\/li>\n<\/ul>\n<div dir=\"auto\"><strong>Salida a las 13:35<\/strong>, salvo los de comedor que salen en su horario habitual.<\/div>\n<div dir=\"auto\">&nbsp;<\/div>\n<ul>\n<li>&nbsp; &nbsp; Infantil <strong>de 3 a\u00f1os:<\/strong><\/li>\n<\/ul>\n<p><strong>&#8211; Grupo 1 (de 11:15 a 12:15h).<\/strong> Entrada y salida por la puerta principal del centro.<\/p>\n<p>&#8211; <strong>Grupo 2 (de 12:30 a 13:30h). <\/strong>Entrada y salida por la puerta principal del centro.<\/p>\n<p style=\"text-align: center\"><strong>Se informa de que el viernes 10 no habr\u00e1 servicio de Aula Matinal pero s\u00ed de Comedor.<\/strong><\/p>\n<div dir=\"auto\">El lunes 13 de septiembre el horario ser\u00e1 el normal, excepto para el alumnado de infantil de 3 a\u00f1os, de 8:45 a 13:45 y ya habr\u00e1 tanto aula Matinal como comedor.<\/div>\n<div dir=\"auto\">&nbsp;<\/div>\n<div dir=\"auto\">El alumnado de infantil de tres a\u00f1os durante el lunes 13 y el martes 14 entrar\u00e1n siguiendo el plazo de adaptaci\u00f3n establecido accediendo y saliendo durante estos d\u00edas por la puerta principal. Se resume as\u00ed:<\/div>\n<div dir=\"auto\">&nbsp;<\/div>\n<div dir=\"auto\">LUNES 13:<\/div>\n<div dir=\"auto\">Grupo 1 de 9:00h. a&nbsp; 11:00h.<\/div>\n<div dir=\"auto\">Grupo 2 de 11:30h. a 13:30h.<\/div>\n<div dir=\"auto\">&nbsp;<\/div>\n<div dir=\"auto\">\n<div dir=\"auto\">MARTES 14:<\/div>\n<div dir=\"auto\">Grupo 1 de 11:30h. a&nbsp; 13:30h.<\/div>\n<div dir=\"auto\">Grupo 2 de 9:00h. a 11:00h.<\/div>\n<\/div>\n<div dir=\"auto\">&nbsp;<\/div>\n<div dir=\"auto\">&nbsp;MI\u00c9RCOLES 15 y en adelante: Horario normal para el alumnado que presente una correcta adaptaci\u00f3n al centro. Aquellos\/as que a\u00fan necesiten un periodo m\u00e1s largo de adaptaci\u00f3n ser\u00e1 comunicado personalmente a las familias.<\/div>\n<div dir=\"auto\">&nbsp;<\/div>\n<div dir=\"auto\">Un saludo y feliz comienzo de curso.&nbsp;<\/div>\n","protected":false},"excerpt":{"rendered":"<p>Ha llegado la hora de volver al cole, de reencontrarnos con los compa\u00f1eros, las se\u00f1os y maestros, de correr por nuestros patios y aprender cosas&hellip;<\/p>\n","protected":false},"author":3368,"featured_media":13884,"comment_status":"open","ping_status":"open","sticky":false,"template":"","format":"standard","meta":{"ngg_post_thumbnail":0,"footnotes":""},"categories":[451451,13473],"tags":[1838382,1838399],"aioseo_notices":[],"_links":{"self":[{"href":"https:\/\/blogsaverroes.juntadeandalucia.es\/grancapitan\/wp-json\/wp\/v2\/posts\/13877"}],"collection":[{"href":"https:\/\/blogsaverroes.juntadeandalucia.es\/grancapitan\/wp-json\/wp\/v2\/posts"}],"about":[{"href":"https:\/\/blogsaverroes.juntadeandalucia.es\/grancapitan\/wp-json\/wp\/v2\/types\/post"}],"author":[{"embeddable":true,"href":"https:\/\/blogsaverroes.juntadeandalucia.es\/grancapitan\/wp-json\/wp\/v2\/users\/3368"}],"replies":[{"embeddable":true,"href":"https:\/\/blogsaverroes.juntadeandalucia.es\/grancapitan\/wp-json\/wp\/v2\/comments?post=13877"}],"version-history":[{"count":3,"href":"https:\/\/blogsaverroes.juntadeandalucia.es\/grancapitan\/wp-json\/wp\/v2\/posts\/13877\/revisions"}],"predecessor-version":[{"id":13885,"href":"https:\/\/blogsaverroes.juntadeandalucia.es\/grancapitan\/wp-json\/wp\/v2\/posts\/13877\/revisions\/13885"}],"wp:featuredmedia":[{"embeddable":true,"href":"https:\/\/blogsaverroes.juntadeandalucia.es\/grancapitan\/wp-json\/wp\/v2\/media\/13884"}],"wp:attachment":[{"href":"https:\/\/blogsaverroes.juntadeandalucia.es\/grancapitan\/wp-json\/wp\/v2\/media?parent=13877"}],"wp:term":[{"taxonomy":"category","embeddable":true,"href":"https:\/\/blogsaverroes.juntadeandalucia.es\/grancapitan\/wp-json\/wp\/v2\/categories?post=13877"},{"taxonomy":"post_tag","embeddable":true,"href":"https:\/\/blogsaverroes.juntadeandalucia.es\/grancapitan\/wp-json\/wp\/v2\/tags?post=13877"}],"curies":[{"name":"wp","href":"https:\/\/api.w.org\/{rel}","templated":true}]}}