{"id":17902,"date":"2023-03-18T18:21:45","date_gmt":"2023-03-18T16:21:45","guid":{"rendered":"https:\/\/blogsaverroes.juntadeandalucia.es\/grancapitan\/?p=17902"},"modified":"2023-03-18T18:21:45","modified_gmt":"2023-03-18T16:21:45","slug":"st-patricks-day","status":"publish","type":"post","link":"https:\/\/blogsaverroes.juntadeandalucia.es\/grancapitan\/2023\/03\/18\/st-patricks-day\/","title":{"rendered":"ST. PATRICK&#8217;S DAY"},"content":{"rendered":"<p>&nbsp;<\/p>\n<p>17 DE MARZO&#8230; \u00a1Seguro que ya sab\u00e9is qu\u00e9 d\u00eda es! El d\u00eda de San Patricio es una de las festividades irlandesas m\u00e1s famosas del mundo. Lo que comenz\u00f3 como una celebraci\u00f3n religiosa en conmemoraci\u00f3n a su muerte se ha transformado en una fiesta popular y multitudinaria donde el color verde, los tr\u00e9boles y los duendes son parte distintiva del festejo. Seg\u00fan la leyenda, San Patricio no s\u00f3lo llev\u00f3 el cristianismo a la isla sino que puso de moda al <em>shamrock<\/em>&nbsp;(tr\u00e9bol de tres hojas) y liber\u00f3 a Irlanda de serpientes.<\/p>\n<p>Y al llegar este d\u00eda \u00bfQu\u00e9 ha pasado por los pasillos del Gran Capit\u00e1n? \u00bf\u00bfqu\u00e9 son esas peque\u00f1as huellas que han aparecido??<\/p>\n<p><a href=\"https:\/\/blogsaverroes.juntadeandalucia.es\/grancapitan\/files\/2023\/03\/Dise\u00f1o-sin-t\u00edtulo-2.png\"><img loading=\"lazy\" decoding=\"async\" class=\"alignnone size-medium wp-image-17905\" src=\"https:\/\/blogsaverroes.juntadeandalucia.es\/grancapitan\/files\/2023\/03\/Dise\u00f1o-sin-t\u00edtulo-2-212x300.png\" alt=\"\" width=\"212\" height=\"300\" srcset=\"https:\/\/blogsaverroes.juntadeandalucia.es\/grancapitan\/files\/2023\/03\/Dise\u00f1o-sin-t\u00edtulo-2-212x300.png 212w, https:\/\/blogsaverroes.juntadeandalucia.es\/grancapitan\/files\/2023\/03\/Dise\u00f1o-sin-t\u00edtulo-2-724x1024.png 724w, https:\/\/blogsaverroes.juntadeandalucia.es\/grancapitan\/files\/2023\/03\/Dise\u00f1o-sin-t\u00edtulo-2-768x1086.png 768w, https:\/\/blogsaverroes.juntadeandalucia.es\/grancapitan\/files\/2023\/03\/Dise\u00f1o-sin-t\u00edtulo-2-1086x1536.png 1086w, https:\/\/blogsaverroes.juntadeandalucia.es\/grancapitan\/files\/2023\/03\/Dise\u00f1o-sin-t\u00edtulo-2-700x990.png 700w, https:\/\/blogsaverroes.juntadeandalucia.es\/grancapitan\/files\/2023\/03\/Dise\u00f1o-sin-t\u00edtulo-2.png 1131w\" sizes=\"(max-width: 212px) 100vw, 212px\" \/><\/a><\/p>\n<p>\u00a1Un peque\u00f1o Leprechaun se ha colado en el cole! Y nos indica el camino a seguir para encontrar el tesoro al final del arcoiris&#8230; \u00bfQu\u00e9 nos encontraremos?<\/p>\n<p>Estamos preparados para lo que nos quiera mostrar porque Abby ya nos ha ense\u00f1ado todo el vocabulario:&nbsp;<\/p>\n<div style=\"width: 843px;\" class=\"wp-video\"><!--[if lt IE 9]><script>document.createElement('video');<\/script><![endif]-->\n<video class=\"wp-video-shortcode\" id=\"video-17902-1\" width=\"843\" height=\"474\" preload=\"metadata\" controls=\"controls\"><source type=\"video\/mp4\" src=\"https:\/\/blogsaverroes.juntadeandalucia.es\/grancapitan\/files\/2023\/03\/Dise\u00f1o-sin-t\u00edtulo.mp4?_=1\" \/><a href=\"https:\/\/blogsaverroes.juntadeandalucia.es\/grancapitan\/files\/2023\/03\/Dise\u00f1o-sin-t\u00edtulo.mp4\">https:\/\/blogsaverroes.juntadeandalucia.es\/grancapitan\/files\/2023\/03\/Dise\u00f1o-sin-t\u00edtulo.mp4<\/a><\/video><\/div>\n<p>&nbsp;<\/p>\n<figure id=\"attachment_17909\" aria-describedby=\"caption-attachment-17909\" style=\"width: 225px\" class=\"wp-caption alignleft\"><a href=\"https:\/\/blogsaverroes.juntadeandalucia.es\/grancapitan\/files\/2023\/03\/IMG_6592-rotated.jpg\"><img loading=\"lazy\" decoding=\"async\" class=\"size-medium wp-image-17909\" src=\"https:\/\/blogsaverroes.juntadeandalucia.es\/grancapitan\/files\/2023\/03\/IMG_6592-225x300.jpg\" alt=\"Vocabulary worksheet\" width=\"225\" height=\"300\" srcset=\"https:\/\/blogsaverroes.juntadeandalucia.es\/grancapitan\/files\/2023\/03\/IMG_6592-225x300.jpg 225w, https:\/\/blogsaverroes.juntadeandalucia.es\/grancapitan\/files\/2023\/03\/IMG_6592-rotated.jpg 480w\" sizes=\"(max-width: 225px) 100vw, 225px\" \/><\/a><figcaption id=\"caption-attachment-17909\" class=\"wp-caption-text\">Vocabulary worksheet<\/figcaption><\/figure>\n<figure id=\"attachment_17910\" aria-describedby=\"caption-attachment-17910\" style=\"width: 300px\" class=\"wp-caption alignright\"><a href=\"https:\/\/blogsaverroes.juntadeandalucia.es\/grancapitan\/files\/2023\/03\/IMG_6594-rotated.jpg\"><img loading=\"lazy\" decoding=\"async\" class=\"size-medium wp-image-17910\" src=\"https:\/\/blogsaverroes.juntadeandalucia.es\/grancapitan\/files\/2023\/03\/IMG_6594-300x225.jpg\" alt=\"Memory game\" width=\"300\" height=\"225\" srcset=\"https:\/\/blogsaverroes.juntadeandalucia.es\/grancapitan\/files\/2023\/03\/IMG_6594-300x225.jpg 300w, https:\/\/blogsaverroes.juntadeandalucia.es\/grancapitan\/files\/2023\/03\/IMG_6594-rotated.jpg 640w\" sizes=\"(max-width: 300px) 100vw, 300px\" \/><\/a><figcaption id=\"caption-attachment-17910\" class=\"wp-caption-text\">Memory game<\/figcaption><\/figure>\n<p>&nbsp;<\/p>\n<p>&nbsp;<\/p>\n<p>&nbsp;<\/p>\n<p>&nbsp;<\/p>\n<p>&nbsp;<\/p>\n<p>&nbsp;<\/p>\n<p>&nbsp;<\/p>\n<p>&nbsp;<\/p>\n<p>&nbsp;<\/p>\n<p>Hemos cantado esta canci\u00f3n:&nbsp;<\/p>\n<p><iframe loading=\"lazy\" src=\"\/\/www.youtube.com\/embed\/QUD5ULGBylY\" width=\"560\" height=\"315\" frameborder=\"0\"><\/iframe><\/p>\n<p>En infantil, pintamos nuestros \u00abShamrocks\u00bb<\/p>\nngg_shortcode_0_placeholder\n<p>Y \u00a1sorpresa! recogemos el tesoro de monedas que nos ha dejado:<\/p>\n<p><a href=\"https:\/\/blogsaverroes.juntadeandalucia.es\/grancapitan\/files\/2023\/03\/PHOTO-2023-03-18-11-20-30.jpg\"><img loading=\"lazy\" decoding=\"async\" class=\"alignnone size-medium wp-image-17924\" src=\"https:\/\/blogsaverroes.juntadeandalucia.es\/grancapitan\/files\/2023\/03\/PHOTO-2023-03-18-11-20-30-300x225.jpg\" alt=\"\" width=\"300\" height=\"225\" srcset=\"https:\/\/blogsaverroes.juntadeandalucia.es\/grancapitan\/files\/2023\/03\/PHOTO-2023-03-18-11-20-30-300x225.jpg 300w, https:\/\/blogsaverroes.juntadeandalucia.es\/grancapitan\/files\/2023\/03\/PHOTO-2023-03-18-11-20-30-1024x768.jpg 1024w, https:\/\/blogsaverroes.juntadeandalucia.es\/grancapitan\/files\/2023\/03\/PHOTO-2023-03-18-11-20-30-768x576.jpg 768w, https:\/\/blogsaverroes.juntadeandalucia.es\/grancapitan\/files\/2023\/03\/PHOTO-2023-03-18-11-20-30-1536x1152.jpg 1536w, https:\/\/blogsaverroes.juntadeandalucia.es\/grancapitan\/files\/2023\/03\/PHOTO-2023-03-18-11-20-30-700x525.jpg 700w, https:\/\/blogsaverroes.juntadeandalucia.es\/grancapitan\/files\/2023\/03\/PHOTO-2023-03-18-11-20-30.jpg 1600w\" sizes=\"(max-width: 300px) 100vw, 300px\" \/><\/a><\/p>\n<p>\u00a1Ya estamos preparados para seguir al Leprechaun! Sus huellas nos llevan a &#8230; \u00a1una olla del tesoro! A pot of gold!<\/p>\n<p><a href=\"https:\/\/blogsaverroes.juntadeandalucia.es\/grancapitan\/files\/2023\/03\/E.png\"><img loading=\"lazy\" decoding=\"async\" class=\"alignnone size-medium wp-image-17911\" src=\"https:\/\/blogsaverroes.juntadeandalucia.es\/grancapitan\/files\/2023\/03\/E-212x300.png\" alt=\"\" width=\"212\" height=\"300\" srcset=\"https:\/\/blogsaverroes.juntadeandalucia.es\/grancapitan\/files\/2023\/03\/E-212x300.png 212w, https:\/\/blogsaverroes.juntadeandalucia.es\/grancapitan\/files\/2023\/03\/E-724x1024.png 724w, https:\/\/blogsaverroes.juntadeandalucia.es\/grancapitan\/files\/2023\/03\/E-768x1086.png 768w, https:\/\/blogsaverroes.juntadeandalucia.es\/grancapitan\/files\/2023\/03\/E-1086x1536.png 1086w, https:\/\/blogsaverroes.juntadeandalucia.es\/grancapitan\/files\/2023\/03\/E-700x990.png 700w, https:\/\/blogsaverroes.juntadeandalucia.es\/grancapitan\/files\/2023\/03\/E.png 1131w\" sizes=\"(max-width: 212px) 100vw, 212px\" \/><\/a><\/p>\n<p>\u00bfY qu\u00e9 tesoro tiene dentro? Tenemos que formar nuestra canci\u00f3n con las frases que nos ha dejado en su interior&#8230;\u00a1all\u00e1 vamos!<\/p>\n<figure id=\"attachment_17912\" aria-describedby=\"caption-attachment-17912\" style=\"width: 225px\" class=\"wp-caption alignnone\"><a href=\"https:\/\/blogsaverroes.juntadeandalucia.es\/grancapitan\/files\/2023\/03\/IMG_6647-rotated.jpg\"><img loading=\"lazy\" decoding=\"async\" class=\"size-medium wp-image-17912\" src=\"https:\/\/blogsaverroes.juntadeandalucia.es\/grancapitan\/files\/2023\/03\/IMG_6647-225x300.jpg\" alt=\"Cuarto\" width=\"225\" height=\"300\" srcset=\"https:\/\/blogsaverroes.juntadeandalucia.es\/grancapitan\/files\/2023\/03\/IMG_6647-225x300.jpg 225w, https:\/\/blogsaverroes.juntadeandalucia.es\/grancapitan\/files\/2023\/03\/IMG_6647-rotated.jpg 480w\" sizes=\"(max-width: 225px) 100vw, 225px\" \/><\/a><figcaption id=\"caption-attachment-17912\" class=\"wp-caption-text\">Cuarto<\/figcaption><\/figure>\n<figure id=\"attachment_17913\" aria-describedby=\"caption-attachment-17913\" style=\"width: 300px\" class=\"wp-caption alignnone\"><a href=\"https:\/\/blogsaverroes.juntadeandalucia.es\/grancapitan\/files\/2023\/03\/4d5ebe97-b229-4bcb-8718-ae12abe8c68d.jpg\"><img loading=\"lazy\" decoding=\"async\" class=\"size-medium wp-image-17913\" src=\"https:\/\/blogsaverroes.juntadeandalucia.es\/grancapitan\/files\/2023\/03\/4d5ebe97-b229-4bcb-8718-ae12abe8c68d-300x225.jpg\" alt=\"Tercero\" width=\"300\" height=\"225\" srcset=\"https:\/\/blogsaverroes.juntadeandalucia.es\/grancapitan\/files\/2023\/03\/4d5ebe97-b229-4bcb-8718-ae12abe8c68d-300x225.jpg 300w, https:\/\/blogsaverroes.juntadeandalucia.es\/grancapitan\/files\/2023\/03\/4d5ebe97-b229-4bcb-8718-ae12abe8c68d-1024x768.jpg 1024w, https:\/\/blogsaverroes.juntadeandalucia.es\/grancapitan\/files\/2023\/03\/4d5ebe97-b229-4bcb-8718-ae12abe8c68d-768x576.jpg 768w, https:\/\/blogsaverroes.juntadeandalucia.es\/grancapitan\/files\/2023\/03\/4d5ebe97-b229-4bcb-8718-ae12abe8c68d-1536x1152.jpg 1536w, https:\/\/blogsaverroes.juntadeandalucia.es\/grancapitan\/files\/2023\/03\/4d5ebe97-b229-4bcb-8718-ae12abe8c68d-700x525.jpg 700w, https:\/\/blogsaverroes.juntadeandalucia.es\/grancapitan\/files\/2023\/03\/4d5ebe97-b229-4bcb-8718-ae12abe8c68d.jpg 1600w\" sizes=\"(max-width: 300px) 100vw, 300px\" \/><\/a><figcaption id=\"caption-attachment-17913\" class=\"wp-caption-text\">Tercero<\/figcaption><\/figure>\n<p>&nbsp;<\/p>\n<p>Y todos posamos en el photocall<\/p>\nngg_shortcode_1_placeholder\n<p>HAPPY SAINT PATRICK&#8217;S DAY!!<\/p>\n","protected":false},"excerpt":{"rendered":"<p>&nbsp; 17 DE MARZO&#8230; \u00a1Seguro que ya sab\u00e9is qu\u00e9 d\u00eda es! El d\u00eda de San Patricio es una de las festividades irlandesas m\u00e1s famosas del&hellip;<\/p>\n","protected":false},"author":11982,"featured_media":17911,"comment_status":"open","ping_status":"open","sticky":false,"template":"","format":"standard","meta":{"ngg_post_thumbnail":0,"footnotes":""},"categories":[140],"tags":[1838438,451473],"aioseo_notices":[],"_links":{"self":[{"href":"https:\/\/blogsaverroes.juntadeandalucia.es\/grancapitan\/wp-json\/wp\/v2\/posts\/17902"}],"collection":[{"href":"https:\/\/blogsaverroes.juntadeandalucia.es\/grancapitan\/wp-json\/wp\/v2\/posts"}],"about":[{"href":"https:\/\/blogsaverroes.juntadeandalucia.es\/grancapitan\/wp-json\/wp\/v2\/types\/post"}],"author":[{"embeddable":true,"href":"https:\/\/blogsaverroes.juntadeandalucia.es\/grancapitan\/wp-json\/wp\/v2\/users\/11982"}],"replies":[{"embeddable":true,"href":"https:\/\/blogsaverroes.juntadeandalucia.es\/grancapitan\/wp-json\/wp\/v2\/comments?post=17902"}],"version-history":[{"count":9,"href":"https:\/\/blogsaverroes.juntadeandalucia.es\/grancapitan\/wp-json\/wp\/v2\/posts\/17902\/revisions"}],"predecessor-version":[{"id":17958,"href":"https:\/\/blogsaverroes.juntadeandalucia.es\/grancapitan\/wp-json\/wp\/v2\/posts\/17902\/revisions\/17958"}],"wp:featuredmedia":[{"embeddable":true,"href":"https:\/\/blogsaverroes.juntadeandalucia.es\/grancapitan\/wp-json\/wp\/v2\/media\/17911"}],"wp:attachment":[{"href":"https:\/\/blogsaverroes.juntadeandalucia.es\/grancapitan\/wp-json\/wp\/v2\/media?parent=17902"}],"wp:term":[{"taxonomy":"category","embeddable":true,"href":"https:\/\/blogsaverroes.juntadeandalucia.es\/grancapitan\/wp-json\/wp\/v2\/categories?post=17902"},{"taxonomy":"post_tag","embeddable":true,"href":"https:\/\/blogsaverroes.juntadeandalucia.es\/grancapitan\/wp-json\/wp\/v2\/tags?post=17902"}],"curies":[{"name":"wp","href":"https:\/\/api.w.org\/{rel}","templated":true}]}}