{"id":17959,"date":"2023-03-20T18:35:30","date_gmt":"2023-03-20T16:35:30","guid":{"rendered":"https:\/\/blogsaverroes.juntadeandalucia.es\/grancapitan\/?p=17959"},"modified":"2023-03-20T18:41:12","modified_gmt":"2023-03-20T16:41:12","slug":"acompanacuentos-ven-y-cuentame-2","status":"publish","type":"post","link":"https:\/\/blogsaverroes.juntadeandalucia.es\/grancapitan\/2023\/03\/20\/acompanacuentos-ven-y-cuentame-2\/","title":{"rendered":"Acompa\u00f1acuentos. Ven y cu\u00e9ntame."},"content":{"rendered":"<p>&nbsp;<\/p>\r\n\r\n<p>El alumnado de 2\u00ba y 3\u00ba ciclo contin\u00faa con las tareas para mejorar la Expresi\u00f3n Oral. Al igual que en el primer trimestre y siguiendo con las propuestas recogidas en el plan de actuaci\u00f3n del programa COMUNICA, han contado cuentos en las aulas de infantil. La valoraci\u00f3n es muy positiva, tanto para el alumnado de primaria, que se siente motivado y se le ofrecen oportunidades para poner en pr\u00e1ctica lo aprendido, como para el alumnado de infantil, que tanto disfruta con los cuentos. Os dejo aqu\u00ed los enlaces a los v\u00eddeos.<\/p>\r\n<p><a href=\"https:\/\/drive.google.com\/file\/d\/1oUJUuLjFyEOmlWXNsJSvgnwOguNLmmrA\/view?usp=share_link\">El d\u00eda en que el sol se&nbsp;enfad\u00f3. Alumnado de 6\u00ba.<\/a><\/p>\r\n<p><a href=\"https:\/\/drive.google.com\/file\/d\/18XCqBFXPtEpZyqx6jfF-EGixm01V2OJx\/view?usp=share_link\">Gr\u00fafalo. Alumnado de 5\u00ba.<\/a><\/p>\r\n<p><a href=\"https:\/\/drive.google.com\/file\/d\/10iuwHxvfQ4QtE45cyj-jq1YoCO7J1EIo\/view?usp=share_link\">El topo que quer\u00eda saber qui\u00e9n se hab\u00eda hecho eso en su cabeza. Alumnado de 3\u00ba.<\/a><\/p>\r\n","protected":false},"excerpt":{"rendered":"<p>&nbsp; El alumnado de 2\u00ba y 3\u00ba ciclo contin\u00faa con las tareas para mejorar la Expresi\u00f3n Oral. Al igual que en el primer trimestre y&hellip;<\/p>\n","protected":false},"author":4436,"featured_media":0,"comment_status":"open","ping_status":"open","sticky":false,"template":"","format":"standard","meta":{"ngg_post_thumbnail":0,"footnotes":""},"categories":[160,11909],"tags":[1838452,1838453],"aioseo_notices":[],"_links":{"self":[{"href":"https:\/\/blogsaverroes.juntadeandalucia.es\/grancapitan\/wp-json\/wp\/v2\/posts\/17959"}],"collection":[{"href":"https:\/\/blogsaverroes.juntadeandalucia.es\/grancapitan\/wp-json\/wp\/v2\/posts"}],"about":[{"href":"https:\/\/blogsaverroes.juntadeandalucia.es\/grancapitan\/wp-json\/wp\/v2\/types\/post"}],"author":[{"embeddable":true,"href":"https:\/\/blogsaverroes.juntadeandalucia.es\/grancapitan\/wp-json\/wp\/v2\/users\/4436"}],"replies":[{"embeddable":true,"href":"https:\/\/blogsaverroes.juntadeandalucia.es\/grancapitan\/wp-json\/wp\/v2\/comments?post=17959"}],"version-history":[{"count":6,"href":"https:\/\/blogsaverroes.juntadeandalucia.es\/grancapitan\/wp-json\/wp\/v2\/posts\/17959\/revisions"}],"predecessor-version":[{"id":17965,"href":"https:\/\/blogsaverroes.juntadeandalucia.es\/grancapitan\/wp-json\/wp\/v2\/posts\/17959\/revisions\/17965"}],"wp:attachment":[{"href":"https:\/\/blogsaverroes.juntadeandalucia.es\/grancapitan\/wp-json\/wp\/v2\/media?parent=17959"}],"wp:term":[{"taxonomy":"category","embeddable":true,"href":"https:\/\/blogsaverroes.juntadeandalucia.es\/grancapitan\/wp-json\/wp\/v2\/categories?post=17959"},{"taxonomy":"post_tag","embeddable":true,"href":"https:\/\/blogsaverroes.juntadeandalucia.es\/grancapitan\/wp-json\/wp\/v2\/tags?post=17959"}],"curies":[{"name":"wp","href":"https:\/\/api.w.org\/{rel}","templated":true}]}}