{"id":17967,"date":"2023-03-21T19:03:14","date_gmt":"2023-03-21T17:03:14","guid":{"rendered":"https:\/\/blogsaverroes.juntadeandalucia.es\/grancapitan\/?p=17967"},"modified":"2023-03-21T21:49:30","modified_gmt":"2023-03-21T19:49:30","slug":"carbon-footprint-huella-de-carbono","status":"publish","type":"post","link":"https:\/\/blogsaverroes.juntadeandalucia.es\/grancapitan\/2023\/03\/21\/carbon-footprint-huella-de-carbono\/","title":{"rendered":"CARBON FOOTPRINT-HUELLA DE CARBONO"},"content":{"rendered":"<p class=\"_04xlpA direction-ltr align-justify para-style-body\"><span class=\"S1PPyQ\">El nuevo proyecto Erasmus+ \u00abProponiendo h\u00e1bitos saludables para Europa\u00bb tiene como uno de sus objetivos la creaci\u00f3n de h\u00e1bitos de vida saludables con el medio ambiente. Esto nos lleva a investigar sobre la \u00abhuella de carbono\u00bb de los alimentos que consumimos en nuestras casas. \u00bfDe d\u00f3nde vienen? \u00bfCu\u00e1ntos kil\u00f3metros han recorrido? \u00bfQu\u00e9 supone todo ese recorrido para el medio ambiente? <\/span><\/p>\n<p>Para empezar, visitamos el supermercado. Tenemos que fijarnos bien en las etiquetas para ver de d\u00f3nde vienen los diferentes productos. \u00a1Hay de todas partes del mundo!<\/p>\n<p><a href=\"https:\/\/blogsaverroes.juntadeandalucia.es\/grancapitan\/files\/2023\/03\/IMG-20230218-WA0021-1.jpg\"><img loading=\"lazy\" decoding=\"async\" class=\"alignnone size-medium wp-image-17968\" src=\"https:\/\/blogsaverroes.juntadeandalucia.es\/grancapitan\/files\/2023\/03\/IMG-20230218-WA0021-1-169x300.jpg\" alt=\"\" width=\"169\" height=\"300\" srcset=\"https:\/\/blogsaverroes.juntadeandalucia.es\/grancapitan\/files\/2023\/03\/IMG-20230218-WA0021-1-169x300.jpg 169w, https:\/\/blogsaverroes.juntadeandalucia.es\/grancapitan\/files\/2023\/03\/IMG-20230218-WA0021-1-576x1024.jpg 576w, https:\/\/blogsaverroes.juntadeandalucia.es\/grancapitan\/files\/2023\/03\/IMG-20230218-WA0021-1-768x1365.jpg 768w, https:\/\/blogsaverroes.juntadeandalucia.es\/grancapitan\/files\/2023\/03\/IMG-20230218-WA0021-1-864x1536.jpg 864w, https:\/\/blogsaverroes.juntadeandalucia.es\/grancapitan\/files\/2023\/03\/IMG-20230218-WA0021-1-700x1244.jpg 700w, https:\/\/blogsaverroes.juntadeandalucia.es\/grancapitan\/files\/2023\/03\/IMG-20230218-WA0021-1.jpg 900w\" sizes=\"(max-width: 169px) 100vw, 169px\" \/><\/a> <a href=\"https:\/\/blogsaverroes.juntadeandalucia.es\/grancapitan\/files\/2023\/03\/IMG_20230223_202514-2-scaled.jpg\"><img loading=\"lazy\" decoding=\"async\" class=\"alignnone size-medium wp-image-17969\" src=\"https:\/\/blogsaverroes.juntadeandalucia.es\/grancapitan\/files\/2023\/03\/IMG_20230223_202514-2-300x226.jpg\" alt=\"\" width=\"300\" height=\"226\" srcset=\"https:\/\/blogsaverroes.juntadeandalucia.es\/grancapitan\/files\/2023\/03\/IMG_20230223_202514-2-300x226.jpg 300w, https:\/\/blogsaverroes.juntadeandalucia.es\/grancapitan\/files\/2023\/03\/IMG_20230223_202514-2-1024x771.jpg 1024w, https:\/\/blogsaverroes.juntadeandalucia.es\/grancapitan\/files\/2023\/03\/IMG_20230223_202514-2-768x578.jpg 768w, https:\/\/blogsaverroes.juntadeandalucia.es\/grancapitan\/files\/2023\/03\/IMG_20230223_202514-2-1536x1157.jpg 1536w, https:\/\/blogsaverroes.juntadeandalucia.es\/grancapitan\/files\/2023\/03\/IMG_20230223_202514-2-2048x1542.jpg 2048w, https:\/\/blogsaverroes.juntadeandalucia.es\/grancapitan\/files\/2023\/03\/IMG_20230223_202514-2-700x527.jpg 700w, https:\/\/blogsaverroes.juntadeandalucia.es\/grancapitan\/files\/2023\/03\/IMG_20230223_202514-2-scaled.jpg 1600w\" sizes=\"(max-width: 300px) 100vw, 300px\" \/><\/a><\/p>\n<p>Pero,&#8230; \u00bfsabemos de verdad qu\u00e9 es eso de la huella de carbono? Hacemos una lluvia de ideas antes de investigar y &#8230; \u00bfCarbono no suena a carbonara? \u00a1Entonces es una pizza! &#8211; Se\u00f1o, has dibujado un pie, \u00a1eso es que respiramos por los pies!&nbsp;&nbsp;<\/p>\n<p>Nos re\u00edmos mucho, pero&#8230; tras ver un v\u00eddeo explicativo, nos damos cuenta que no est\u00e1bamos muy cerca de lo que es de verdad la huella de carbono. Ahora s\u00ed, volvemos a hacer la lluvia de ideas y ya nos acercamos muuuuucho m\u00e1s: contaminaci\u00f3n, transporte, di\u00f3xido de carbono,&#8230; son algunas de las palabras que ahora aparecen.<\/p>\n<p><a href=\"https:\/\/blogsaverroes.juntadeandalucia.es\/grancapitan\/files\/2023\/03\/IMG_6528.jpg\"><img loading=\"lazy\" decoding=\"async\" class=\"alignnone size-medium wp-image-17970\" src=\"https:\/\/blogsaverroes.juntadeandalucia.es\/grancapitan\/files\/2023\/03\/IMG_6528-300x225.jpg\" alt=\"\" width=\"300\" height=\"225\" srcset=\"https:\/\/blogsaverroes.juntadeandalucia.es\/grancapitan\/files\/2023\/03\/IMG_6528-300x225.jpg 300w, https:\/\/blogsaverroes.juntadeandalucia.es\/grancapitan\/files\/2023\/03\/IMG_6528.jpg 640w\" sizes=\"(max-width: 300px) 100vw, 300px\" \/><\/a> <a href=\"https:\/\/blogsaverroes.juntadeandalucia.es\/grancapitan\/files\/2023\/03\/IMG_6529.jpg\"><img loading=\"lazy\" decoding=\"async\" class=\"alignnone size-medium wp-image-17971\" src=\"https:\/\/blogsaverroes.juntadeandalucia.es\/grancapitan\/files\/2023\/03\/IMG_6529-300x225.jpg\" alt=\"\" width=\"300\" height=\"225\" srcset=\"https:\/\/blogsaverroes.juntadeandalucia.es\/grancapitan\/files\/2023\/03\/IMG_6529-300x225.jpg 300w, https:\/\/blogsaverroes.juntadeandalucia.es\/grancapitan\/files\/2023\/03\/IMG_6529.jpg 640w\" sizes=\"(max-width: 300px) 100vw, 300px\" \/><\/a><\/p>\n<p>Formamos peque\u00f1os grupos para investigar sobre c\u00f3mo y cu\u00e1nto contaminan los alimentos que consumimos diariamente en casa. Leemos etiquetas \u00a1no es tan f\u00e1cil! (lo ponen muy peque\u00f1ito y escondido). Y luego, usando Google Maps calculamos la distancia que hay entre el lugar de origen y el de destino (Montilla, C\u00f3rdoba).<\/p>\n<p><a href=\"https:\/\/blogsaverroes.juntadeandalucia.es\/grancapitan\/files\/2023\/03\/IMG_6551.jpg\"><img loading=\"lazy\" decoding=\"async\" class=\"alignnone size-medium wp-image-17972\" src=\"https:\/\/blogsaverroes.juntadeandalucia.es\/grancapitan\/files\/2023\/03\/IMG_6551-300x225.jpg\" alt=\"\" width=\"300\" height=\"225\" srcset=\"https:\/\/blogsaverroes.juntadeandalucia.es\/grancapitan\/files\/2023\/03\/IMG_6551-300x225.jpg 300w, https:\/\/blogsaverroes.juntadeandalucia.es\/grancapitan\/files\/2023\/03\/IMG_6551.jpg 640w\" sizes=\"(max-width: 300px) 100vw, 300px\" \/><\/a> <a href=\"https:\/\/blogsaverroes.juntadeandalucia.es\/grancapitan\/files\/2023\/03\/IMG_6530-rotated.jpg\"><img loading=\"lazy\" decoding=\"async\" class=\"size-medium wp-image-17973 alignleft\" src=\"https:\/\/blogsaverroes.juntadeandalucia.es\/grancapitan\/files\/2023\/03\/IMG_6530-225x300.jpg\" alt=\"\" width=\"225\" height=\"300\" srcset=\"https:\/\/blogsaverroes.juntadeandalucia.es\/grancapitan\/files\/2023\/03\/IMG_6530-225x300.jpg 225w, https:\/\/blogsaverroes.juntadeandalucia.es\/grancapitan\/files\/2023\/03\/IMG_6530-rotated.jpg 480w\" sizes=\"(max-width: 225px) 100vw, 225px\" \/><\/a><\/p>\n<p>&nbsp;<\/p>\n<p>&nbsp;<\/p>\n<p>Ya sabemos que vienen de todas partes del mundo. Vamos a ver en un mapa d\u00f3nde est\u00e1n pa\u00edses tan lejanos como Pakist\u00e1n o China. Otros no tanto, como B\u00e9lgica o Irlanda. y por \u00faltimo, algunos vienen de otras provincias espa\u00f1olas.<\/p>\n<p><a href=\"https:\/\/blogsaverroes.juntadeandalucia.es\/grancapitan\/files\/2023\/03\/IMG_6567.jpg\"><img loading=\"lazy\" decoding=\"async\" class=\"alignnone size-medium wp-image-17974\" src=\"https:\/\/blogsaverroes.juntadeandalucia.es\/grancapitan\/files\/2023\/03\/IMG_6567-300x225.jpg\" alt=\"\" width=\"300\" height=\"225\" srcset=\"https:\/\/blogsaverroes.juntadeandalucia.es\/grancapitan\/files\/2023\/03\/IMG_6567-300x225.jpg 300w, https:\/\/blogsaverroes.juntadeandalucia.es\/grancapitan\/files\/2023\/03\/IMG_6567.jpg 640w\" sizes=\"(max-width: 300px) 100vw, 300px\" \/><\/a> <a href=\"https:\/\/blogsaverroes.juntadeandalucia.es\/grancapitan\/files\/2023\/03\/IMG_6578.jpg\"><img loading=\"lazy\" decoding=\"async\" class=\"size-medium wp-image-17975 alignleft\" src=\"https:\/\/blogsaverroes.juntadeandalucia.es\/grancapitan\/files\/2023\/03\/IMG_6578-300x225.jpg\" alt=\"\" width=\"300\" height=\"225\" srcset=\"https:\/\/blogsaverroes.juntadeandalucia.es\/grancapitan\/files\/2023\/03\/IMG_6578-300x225.jpg 300w, https:\/\/blogsaverroes.juntadeandalucia.es\/grancapitan\/files\/2023\/03\/IMG_6578.jpg 640w\" sizes=\"(max-width: 300px) 100vw, 300px\" \/><\/a> <a href=\"https:\/\/blogsaverroes.juntadeandalucia.es\/grancapitan\/files\/2023\/03\/IMG_6570.jpg\"><img loading=\"lazy\" decoding=\"async\" class=\"size-medium wp-image-17976 alignleft\" src=\"https:\/\/blogsaverroes.juntadeandalucia.es\/grancapitan\/files\/2023\/03\/IMG_6570-300x225.jpg\" alt=\"\" width=\"300\" height=\"225\" srcset=\"https:\/\/blogsaverroes.juntadeandalucia.es\/grancapitan\/files\/2023\/03\/IMG_6570-300x225.jpg 300w, https:\/\/blogsaverroes.juntadeandalucia.es\/grancapitan\/files\/2023\/03\/IMG_6570.jpg 640w\" sizes=\"(max-width: 300px) 100vw, 300px\" \/><\/a><\/p>\n<p>Se\u00f1o \u00a1pero si no estamos en matem\u00e1ticas! Todo est\u00e1 interrelacionado y nos damos cuenta de que lo que aprendemos en unas \u00e1reas son de aplicaci\u00f3n en otras. A trav\u00e9s de una f\u00f3rmula, tenemos que calcular cu\u00e1nto CO<sub>2&nbsp;<\/sub>produce el transporte de cada alimento sabiendo cu\u00e1ntos kil\u00f3metros recorre, qu\u00e9 medio de transporte utiliza y cu\u00e1ntos kilogramos son transportados. Completamos nuestras fichas de trabajo y reflexionamos sobre los resultados.<\/p>\n<p><a href=\"https:\/\/blogsaverroes.juntadeandalucia.es\/grancapitan\/files\/2023\/03\/IMG_6573.jpg\"><img loading=\"lazy\" decoding=\"async\" class=\"size-medium wp-image-17977 alignright\" src=\"https:\/\/blogsaverroes.juntadeandalucia.es\/grancapitan\/files\/2023\/03\/IMG_6573-300x225.jpg\" alt=\"\" width=\"300\" height=\"225\" srcset=\"https:\/\/blogsaverroes.juntadeandalucia.es\/grancapitan\/files\/2023\/03\/IMG_6573-300x225.jpg 300w, https:\/\/blogsaverroes.juntadeandalucia.es\/grancapitan\/files\/2023\/03\/IMG_6573.jpg 640w\" sizes=\"(max-width: 300px) 100vw, 300px\" \/><\/a> <a href=\"https:\/\/blogsaverroes.juntadeandalucia.es\/grancapitan\/files\/2023\/03\/IMG_6626-rotated.jpg\"><img loading=\"lazy\" decoding=\"async\" class=\"size-medium wp-image-17978 alignleft\" src=\"https:\/\/blogsaverroes.juntadeandalucia.es\/grancapitan\/files\/2023\/03\/IMG_6626-225x300.jpg\" alt=\"\" width=\"225\" height=\"300\" srcset=\"https:\/\/blogsaverroes.juntadeandalucia.es\/grancapitan\/files\/2023\/03\/IMG_6626-225x300.jpg 225w, https:\/\/blogsaverroes.juntadeandalucia.es\/grancapitan\/files\/2023\/03\/IMG_6626-rotated.jpg 480w\" sizes=\"(max-width: 225px) 100vw, 225px\" \/><\/a><\/p>\n<p>&nbsp;<\/p>\n<p>&nbsp;<\/p>\n<p>&nbsp;<\/p>\n<p>&nbsp;<\/p>\n<p>&nbsp;<\/p>\n<p>&nbsp;<\/p>\n<p>&nbsp;<\/p>\n<p>&nbsp;<\/p>\n<p>&nbsp;<\/p>\n<p>Ya tenemos toda la informaci\u00f3n, es el momento de recopilar todo lo que sabemos: producto, lugar de origen, destino, kil\u00f3metros recorridos y CO<sub>2<\/sub> emitido.<\/p>\n<p>Preparamos en grupo una presentaci\u00f3n para el resto de compa\u00f1eros:<\/p>\n<p>\u00abOur product is &#8230;\u00bb&nbsp; &nbsp; &nbsp; &nbsp; \u00abIts place of origin is &#8230;\u00bb<\/p>\n<p>\u00abThe destination place is &#8230;\u00bb&nbsp; &nbsp; &nbsp; \u00abIt has travelled &#8230; kilometres\u00bb&nbsp; &nbsp; &nbsp; &nbsp; &nbsp;\u00abIt has emitted &#8230; g CO<sub>2&nbsp;<\/sub>\u00bb<\/p>\n<p>&nbsp;<\/p>\n<p><a href=\"https:\/\/blogsaverroes.juntadeandalucia.es\/grancapitan\/files\/2023\/03\/IMG_6724-rotated.jpg\"><img loading=\"lazy\" decoding=\"async\" class=\"size-medium wp-image-17984 alignleft\" src=\"https:\/\/blogsaverroes.juntadeandalucia.es\/grancapitan\/files\/2023\/03\/IMG_6724-225x300.jpg\" alt=\"\" width=\"225\" height=\"300\" srcset=\"https:\/\/blogsaverroes.juntadeandalucia.es\/grancapitan\/files\/2023\/03\/IMG_6724-225x300.jpg 225w, https:\/\/blogsaverroes.juntadeandalucia.es\/grancapitan\/files\/2023\/03\/IMG_6724-rotated.jpg 480w\" sizes=\"(max-width: 225px) 100vw, 225px\" \/><\/a> <a href=\"https:\/\/blogsaverroes.juntadeandalucia.es\/grancapitan\/files\/2023\/03\/IMG_6723-rotated.jpg\"><img loading=\"lazy\" decoding=\"async\" class=\"size-medium wp-image-17983 alignleft\" src=\"https:\/\/blogsaverroes.juntadeandalucia.es\/grancapitan\/files\/2023\/03\/IMG_6723-225x300.jpg\" alt=\"\" width=\"225\" height=\"300\" srcset=\"https:\/\/blogsaverroes.juntadeandalucia.es\/grancapitan\/files\/2023\/03\/IMG_6723-225x300.jpg 225w, https:\/\/blogsaverroes.juntadeandalucia.es\/grancapitan\/files\/2023\/03\/IMG_6723-rotated.jpg 480w\" sizes=\"(max-width: 225px) 100vw, 225px\" \/><\/a><\/p>\n<p>&nbsp;<\/p>\n<p>&nbsp;<\/p>\n<p><a href=\"https:\/\/blogsaverroes.juntadeandalucia.es\/grancapitan\/files\/2023\/03\/IMG_6630-1-rotated.jpg\"><img loading=\"lazy\" decoding=\"async\" class=\"size-medium wp-image-17985 alignleft\" src=\"https:\/\/blogsaverroes.juntadeandalucia.es\/grancapitan\/files\/2023\/03\/IMG_6630-1-225x300.jpg\" alt=\"\" width=\"225\" height=\"300\" srcset=\"https:\/\/blogsaverroes.juntadeandalucia.es\/grancapitan\/files\/2023\/03\/IMG_6630-1-225x300.jpg 225w, https:\/\/blogsaverroes.juntadeandalucia.es\/grancapitan\/files\/2023\/03\/IMG_6630-1-rotated.jpg 480w\" sizes=\"(max-width: 225px) 100vw, 225px\" \/><\/a><\/p>\n<p>&nbsp;<\/p>\n<p>&nbsp;<\/p>\n<p>&nbsp;<\/p>\n<p>&nbsp;<\/p>\n<p>&nbsp;<\/p>\n<p>&nbsp;<\/p>\n<p>&nbsp;<\/p>\n<p>&nbsp;<\/p>\n<p>&nbsp;<\/p>\n<p>&nbsp;<\/p>\n<p>&nbsp;<\/p>\n<p class=\"_04xlpA direction-ltr align-justify para-style-body\"><span class=\"S1PPyQ\">Y, una vez que ya somos conscientes, \u00bfqu\u00e9 podemos hacer para reducir nuestra huella de carbono y contribuir<\/span> <span class=\"S1PPyQ\">a los Objetivos de Desarrollo Sostenible propuestos por las Naciones Unidas?<\/span><\/p>\n<p><a href=\"https:\/\/blogsaverroes.juntadeandalucia.es\/grancapitan\/files\/2023\/03\/IMG_6631-1.jpg\"><img loading=\"lazy\" decoding=\"async\" class=\"size-medium wp-image-17980 alignleft\" src=\"https:\/\/blogsaverroes.juntadeandalucia.es\/grancapitan\/files\/2023\/03\/IMG_6631-1-300x225.jpg\" alt=\"\" width=\"300\" height=\"225\" srcset=\"https:\/\/blogsaverroes.juntadeandalucia.es\/grancapitan\/files\/2023\/03\/IMG_6631-1-300x225.jpg 300w, https:\/\/blogsaverroes.juntadeandalucia.es\/grancapitan\/files\/2023\/03\/IMG_6631-1.jpg 640w\" sizes=\"(max-width: 300px) 100vw, 300px\" \/><\/a> <a href=\"https:\/\/blogsaverroes.juntadeandalucia.es\/grancapitan\/files\/2023\/03\/IMG_6632-rotated.jpg\"><img loading=\"lazy\" decoding=\"async\" class=\"size-medium wp-image-17981 alignleft\" src=\"https:\/\/blogsaverroes.juntadeandalucia.es\/grancapitan\/files\/2023\/03\/IMG_6632-225x300.jpg\" alt=\"\" width=\"225\" height=\"300\" srcset=\"https:\/\/blogsaverroes.juntadeandalucia.es\/grancapitan\/files\/2023\/03\/IMG_6632-225x300.jpg 225w, https:\/\/blogsaverroes.juntadeandalucia.es\/grancapitan\/files\/2023\/03\/IMG_6632-rotated.jpg 480w\" sizes=\"(max-width: 225px) 100vw, 225px\" \/><\/a><\/p>\n<p>&nbsp;<\/p>\n<p>&nbsp;<\/p>\n<p>&nbsp;<\/p>\n<p>&nbsp;<\/p>\n<p>&nbsp;<\/p>\n<p>&nbsp;<\/p>\n<p>&nbsp;<\/p>\n<p>&nbsp;<\/p>\n<p class=\"_04xlpA direction-ltr align-justify para-style-body\"><span class=\"S1PPyQ\">Tenemos s\u00f3lo hasta el 2030 y a\u00fan queda mucho por hacer. Nosotros ya estamos en camino&#8230; \u00bfTe apuntas?<\/span><\/p>\n","protected":false},"excerpt":{"rendered":"<p>El nuevo proyecto Erasmus+ \u00abProponiendo h\u00e1bitos saludables para Europa\u00bb tiene como uno de sus objetivos la creaci\u00f3n de h\u00e1bitos de vida saludables con el medio&hellip;<\/p>\n","protected":false},"author":11982,"featured_media":17996,"comment_status":"open","ping_status":"open","sticky":false,"template":"","format":"standard","meta":{"ngg_post_thumbnail":0,"footnotes":""},"categories":[140,21040,415380],"tags":[1838438,217183,451473,21040],"aioseo_notices":[],"_links":{"self":[{"href":"https:\/\/blogsaverroes.juntadeandalucia.es\/grancapitan\/wp-json\/wp\/v2\/posts\/17967"}],"collection":[{"href":"https:\/\/blogsaverroes.juntadeandalucia.es\/grancapitan\/wp-json\/wp\/v2\/posts"}],"about":[{"href":"https:\/\/blogsaverroes.juntadeandalucia.es\/grancapitan\/wp-json\/wp\/v2\/types\/post"}],"author":[{"embeddable":true,"href":"https:\/\/blogsaverroes.juntadeandalucia.es\/grancapitan\/wp-json\/wp\/v2\/users\/11982"}],"replies":[{"embeddable":true,"href":"https:\/\/blogsaverroes.juntadeandalucia.es\/grancapitan\/wp-json\/wp\/v2\/comments?post=17967"}],"version-history":[{"count":11,"href":"https:\/\/blogsaverroes.juntadeandalucia.es\/grancapitan\/wp-json\/wp\/v2\/posts\/17967\/revisions"}],"predecessor-version":[{"id":17997,"href":"https:\/\/blogsaverroes.juntadeandalucia.es\/grancapitan\/wp-json\/wp\/v2\/posts\/17967\/revisions\/17997"}],"wp:featuredmedia":[{"embeddable":true,"href":"https:\/\/blogsaverroes.juntadeandalucia.es\/grancapitan\/wp-json\/wp\/v2\/media\/17996"}],"wp:attachment":[{"href":"https:\/\/blogsaverroes.juntadeandalucia.es\/grancapitan\/wp-json\/wp\/v2\/media?parent=17967"}],"wp:term":[{"taxonomy":"category","embeddable":true,"href":"https:\/\/blogsaverroes.juntadeandalucia.es\/grancapitan\/wp-json\/wp\/v2\/categories?post=17967"},{"taxonomy":"post_tag","embeddable":true,"href":"https:\/\/blogsaverroes.juntadeandalucia.es\/grancapitan\/wp-json\/wp\/v2\/tags?post=17967"}],"curies":[{"name":"wp","href":"https:\/\/api.w.org\/{rel}","templated":true}]}}