{"id":20516,"date":"2024-10-02T17:59:51","date_gmt":"2024-10-02T15:59:51","guid":{"rendered":"https:\/\/blogsaverroes.juntadeandalucia.es\/grancapitan\/?p=20516"},"modified":"2024-10-02T17:59:51","modified_gmt":"2024-10-02T15:59:51","slug":"welcome-vicky","status":"publish","type":"post","link":"https:\/\/blogsaverroes.juntadeandalucia.es\/grancapitan\/2024\/10\/02\/welcome-vicky\/","title":{"rendered":"Welcome Vicky!!!"},"content":{"rendered":"<p>Ayer martes 1 de octubre, dimos la bienvenida a nuestra auxiliar de conversaci\u00f3n de este nuevo a\u00f1o escolar. Se llama Vicky y viene de Manchester, aunque es irlandesa de nacimiento; ella lleva viviendo en Montilla desde el verano,\u00a0 as\u00ed que conoce un poquito el idioma. Vicky\u00a0 estar\u00e1 con\u00a0 nuestros Grandes Capitanes y Capitanas\u00a0 durante todo el curso escolar en las clases de Ciencias y de Ingl\u00e9s ayudando a nuestro alumnado a perfeccionar el idioma. \u00a1Espero que est\u00e9 muy\u00a0 a gusto en nuestro cole!<\/p>\n<p>Nuestra auxiliar del a\u00f1o pasado, Abby,\u00a0 tambi\u00e9n ha querido desearnos mucha suerte\u00a0 en este curso 24\/25. Ella est\u00e1 muy contenta en su pa\u00eds trabajando en un colegio \u00a1Se ve que le dejaron huellas nuestros ni\u00f1os y ni\u00f1as del Gran Capit\u00e1n!<\/p>\n<p>&nbsp;<\/p>\n<p>&nbsp;<\/p>\n<div style=\"width: 478px;\" class=\"wp-video\"><!--[if lt IE 9]><script>document.createElement('video');<\/script><![endif]-->\n<video class=\"wp-video-shortcode\" id=\"video-20516-1\" width=\"478\" height=\"850\" preload=\"metadata\" controls=\"controls\"><source type=\"video\/mp4\" src=\"https:\/\/blogsaverroes.juntadeandalucia.es\/grancapitan\/files\/2024\/10\/VID-20240911-WA0020.mp4?_=1\" \/><a href=\"https:\/\/blogsaverroes.juntadeandalucia.es\/grancapitan\/files\/2024\/10\/VID-20240911-WA0020.mp4\">https:\/\/blogsaverroes.juntadeandalucia.es\/grancapitan\/files\/2024\/10\/VID-20240911-WA0020.mp4<\/a><\/video><\/div>\n<p><a href=\"https:\/\/blogsaverroes.juntadeandalucia.es\/grancapitan\/files\/2024\/10\/20241001_132625.jpg\"><img loading=\"lazy\" decoding=\"async\" class=\"alignnone size-medium wp-image-20518\" src=\"https:\/\/blogsaverroes.juntadeandalucia.es\/grancapitan\/files\/2024\/10\/20241001_132625-300x176.jpg\" alt=\"\" width=\"300\" height=\"176\" srcset=\"https:\/\/blogsaverroes.juntadeandalucia.es\/grancapitan\/files\/2024\/10\/20241001_132625-300x176.jpg 300w, https:\/\/blogsaverroes.juntadeandalucia.es\/grancapitan\/files\/2024\/10\/20241001_132625-1024x600.jpg 1024w, https:\/\/blogsaverroes.juntadeandalucia.es\/grancapitan\/files\/2024\/10\/20241001_132625-768x450.jpg 768w, https:\/\/blogsaverroes.juntadeandalucia.es\/grancapitan\/files\/2024\/10\/20241001_132625-1536x900.jpg 1536w, https:\/\/blogsaverroes.juntadeandalucia.es\/grancapitan\/files\/2024\/10\/20241001_132625-2048x1200.jpg 2048w, https:\/\/blogsaverroes.juntadeandalucia.es\/grancapitan\/files\/2024\/10\/20241001_132625-700x410.jpg 700w, https:\/\/blogsaverroes.juntadeandalucia.es\/grancapitan\/files\/2024\/10\/20241001_132625.jpg 1600w\" sizes=\"(max-width: 300px) 100vw, 300px\" \/><\/a> <a href=\"https:\/\/blogsaverroes.juntadeandalucia.es\/grancapitan\/files\/2024\/10\/20241002_123245.jpg\"><img loading=\"lazy\" decoding=\"async\" class=\"alignnone size-medium wp-image-20520\" src=\"https:\/\/blogsaverroes.juntadeandalucia.es\/grancapitan\/files\/2024\/10\/20241002_123245-300x225.jpg\" alt=\"\" width=\"300\" height=\"225\" srcset=\"https:\/\/blogsaverroes.juntadeandalucia.es\/grancapitan\/files\/2024\/10\/20241002_123245-300x225.jpg 300w, https:\/\/blogsaverroes.juntadeandalucia.es\/grancapitan\/files\/2024\/10\/20241002_123245-1024x768.jpg 1024w, https:\/\/blogsaverroes.juntadeandalucia.es\/grancapitan\/files\/2024\/10\/20241002_123245-768x576.jpg 768w, https:\/\/blogsaverroes.juntadeandalucia.es\/grancapitan\/files\/2024\/10\/20241002_123245-1536x1152.jpg 1536w, https:\/\/blogsaverroes.juntadeandalucia.es\/grancapitan\/files\/2024\/10\/20241002_123245-2048x1536.jpg 2048w, https:\/\/blogsaverroes.juntadeandalucia.es\/grancapitan\/files\/2024\/10\/20241002_123245-700x525.jpg 700w, https:\/\/blogsaverroes.juntadeandalucia.es\/grancapitan\/files\/2024\/10\/20241002_123245.jpg 1600w\" sizes=\"(max-width: 300px) 100vw, 300px\" \/><\/a><\/p>\n","protected":false},"excerpt":{"rendered":"<p>Ayer martes 1 de octubre, dimos la bienvenida a nuestra auxiliar de conversaci\u00f3n de este nuevo a\u00f1o escolar. Se llama Vicky y viene de Manchester,&hellip;<\/p>\n","protected":false},"author":8360,"featured_media":20519,"comment_status":"open","ping_status":"open","sticky":false,"template":"","format":"standard","meta":{"ngg_post_thumbnail":0,"footnotes":""},"categories":[140,1838440],"tags":[1838483],"aioseo_notices":[],"_links":{"self":[{"href":"https:\/\/blogsaverroes.juntadeandalucia.es\/grancapitan\/wp-json\/wp\/v2\/posts\/20516"}],"collection":[{"href":"https:\/\/blogsaverroes.juntadeandalucia.es\/grancapitan\/wp-json\/wp\/v2\/posts"}],"about":[{"href":"https:\/\/blogsaverroes.juntadeandalucia.es\/grancapitan\/wp-json\/wp\/v2\/types\/post"}],"author":[{"embeddable":true,"href":"https:\/\/blogsaverroes.juntadeandalucia.es\/grancapitan\/wp-json\/wp\/v2\/users\/8360"}],"replies":[{"embeddable":true,"href":"https:\/\/blogsaverroes.juntadeandalucia.es\/grancapitan\/wp-json\/wp\/v2\/comments?post=20516"}],"version-history":[{"count":3,"href":"https:\/\/blogsaverroes.juntadeandalucia.es\/grancapitan\/wp-json\/wp\/v2\/posts\/20516\/revisions"}],"predecessor-version":[{"id":20523,"href":"https:\/\/blogsaverroes.juntadeandalucia.es\/grancapitan\/wp-json\/wp\/v2\/posts\/20516\/revisions\/20523"}],"wp:featuredmedia":[{"embeddable":true,"href":"https:\/\/blogsaverroes.juntadeandalucia.es\/grancapitan\/wp-json\/wp\/v2\/media\/20519"}],"wp:attachment":[{"href":"https:\/\/blogsaverroes.juntadeandalucia.es\/grancapitan\/wp-json\/wp\/v2\/media?parent=20516"}],"wp:term":[{"taxonomy":"category","embeddable":true,"href":"https:\/\/blogsaverroes.juntadeandalucia.es\/grancapitan\/wp-json\/wp\/v2\/categories?post=20516"},{"taxonomy":"post_tag","embeddable":true,"href":"https:\/\/blogsaverroes.juntadeandalucia.es\/grancapitan\/wp-json\/wp\/v2\/tags?post=20516"}],"curies":[{"name":"wp","href":"https:\/\/api.w.org\/{rel}","templated":true}]}}