{"id":21651,"date":"2025-04-09T19:57:42","date_gmt":"2025-04-09T17:57:42","guid":{"rendered":"https:\/\/blogsaverroes.juntadeandalucia.es\/grancapitan\/?p=21651"},"modified":"2025-04-09T19:57:43","modified_gmt":"2025-04-09T17:57:43","slug":"easter","status":"publish","type":"post","link":"https:\/\/blogsaverroes.juntadeandalucia.es\/grancapitan\/2025\/04\/09\/easter\/","title":{"rendered":"EASTER"},"content":{"rendered":"<p class=\"cvGsUA direction-ltr align-justify para-style-body\" style=\"text-align: left\"><span class=\"OYPEnA font-feature-liga-off font-feature-clig-off font-feature-calt-off text-decoration-none text-strikethrough-none\">Entre las diferentes versiones sobre el origen de la palabra Easter, hemos elegido como referencia la creencia de que esta palabra deriva del nombre anglosaj\u00f3n de la diosa <\/span><span class=\"OYPEnA font-feature-liga-off font-feature-clig-off font-feature-calt-off text-decoration-none text-strikethrough-none\">Eostre <\/span><span class=\"OYPEnA font-feature-liga-off font-feature-clig-off font-feature-calt-off text-decoration-none text-strikethrough-none\">cuya fiesta se celebraba cada primavera sobre esta fecha. Cuenta la leyenda c\u00f3mo la diosa\u00a0<\/span><\/p>\n<p style=\"text-align: left\"><a style=\"color: #d54e21;font-family: 'Open Sans', sans-serif;font-size: 15px;font-style: normal;font-weight: 400\" href=\"https:\/\/blogsaverroes.juntadeandalucia.es\/grancapitan\/files\/2025\/04\/20250404_092228.jpg\"><img loading=\"lazy\" decoding=\"async\" class=\"size-medium wp-image-21673 alignleft\" style=\"padding: 5.275px;background-color: #f0f0f0\" src=\"https:\/\/blogsaverroes.juntadeandalucia.es\/grancapitan\/files\/2025\/04\/20250404_092228-300x225.jpg\" alt=\"\" width=\"300\" height=\"225\" srcset=\"https:\/\/blogsaverroes.juntadeandalucia.es\/grancapitan\/files\/2025\/04\/20250404_092228-300x225.jpg 300w, https:\/\/blogsaverroes.juntadeandalucia.es\/grancapitan\/files\/2025\/04\/20250404_092228-1024x768.jpg 1024w, https:\/\/blogsaverroes.juntadeandalucia.es\/grancapitan\/files\/2025\/04\/20250404_092228-768x576.jpg 768w, https:\/\/blogsaverroes.juntadeandalucia.es\/grancapitan\/files\/2025\/04\/20250404_092228-700x525.jpg 700w, https:\/\/blogsaverroes.juntadeandalucia.es\/grancapitan\/files\/2025\/04\/20250404_092228.jpg 1333w\" sizes=\"(max-width: 300px) 100vw, 300px\" \/><\/a><\/p>\n<p class=\"cvGsUA direction-ltr align-justify para-style-body\" style=\"text-align: left\"><span class=\"OYPEnA font-feature-liga-off font-feature-clig-off font-feature-calt-off text-decoration-none text-strikethrough-none\">Eostre (ra\u00edz de la palabra Easter) se encontr\u00f3 un pajarito herido y lo convirti\u00f3 en conejito para que sobreviviera al duro invierno. Este conejo se sorprendi\u00f3 cuando descubri\u00f3 que pod\u00eda poner huevos. Cada primavera decoraba sus huevos para donarlos como ofrenda a la diosa Eostre que lo hab\u00eda salvado. Los huevos simbolizan la fertilidad, el nacimiento y el principio de la vida. <\/span><span class=\"OYPEnA font-feature-liga-off font-feature-clig-off font-feature-calt-off text-decoration-none text-strikethrough-none\">Los ni\u00f1os preparan nidos para que el conejito les deje huevos la noche del s\u00e1bado Santo. Esta tradici\u00f3n de los huevos de chocolate naci\u00f3 en Europa en el siglo XIX en Francia y Alemania.<\/span><\/p>\n<p style=\"text-align: left\"><span class=\"OYPEnA font-feature-liga-off font-feature-clig-off font-feature-calt-off text-decoration-none text-strikethrough-none\">Con motivo de que los alumnos y alumnas conozcan las tradiciones inglesas, Vicky ha<\/span><span class=\"OYPEnA font-feature-liga-off font-feature-clig-off font-feature-calt-off text-decoration-none text-strikethrough-none\">\u00a0realizado una presentaci\u00f3n muy interesante sobre esta festividad abordando temas tan interesantes como la comida t\u00edpica de estas fechas, el origen de la palabra Easter, las\u00a0<\/span><span class=\"OYPEnA font-feature-liga-off font-feature-clig-off font-feature-calt-off text-decoration-none text-strikethrough-none\">connotaciones religiosas&#8230; Aqu\u00ed ten\u00e9is el QR <\/span><span style=\"text-align: center\">para que le ech\u00e9is un vistazo. El alumnado del tercer ciclo ha realizado unas tarjetas para felicitar la Pascua a sus seres queridos con un<\/span><span class=\"OYPEnA font-feature-liga-off font-feature-clig-off font-feature-calt-off text-decoration-none text-strikethrough-none\">\u00a0mensaje en ingl\u00e9s, el primer y segundo ciclo ha decorado huevos (papel) y los hemos colgado<\/span> <span class=\"OYPEnA font-feature-liga-off font-feature-clig-off font-feature-calt-off text-decoration-none text-strikethrough-none\">en el hall del cole para dar la bienvenida a la primavera. Los peque\u00f1os tambi\u00e9n han deco<\/span><span class=\"OYPEnA font-feature-liga-off font-feature-clig-off font-feature-calt-off text-decoration-none text-strikethrough-none\">rado huevos pero con pintura de dedos<\/span> <span class=\"OYPEnA font-feature-liga-off font-feature-clig-off font-feature-calt-off text-decoration-none text-strikethrough-none\">y han hecho diferentes manualidades. \u00a1Todo ha quedado muy colorido!<\/span><\/p>\n<p class=\"cvGsUA direction-ltr align-justify para-style-body\"><span class=\"OYPEnA font-feature-liga-off font-feature-clig-off font-feature-calt-off text-decoration-none text-strikethrough-none\">En el Reino Unido, la \u2018Easter\u2019 es una de las festividades m\u00e1s importantes del a\u00f1o, junto con la<a style=\"color: #d54e21;font-family: 'Open Sans', sans-serif;font-size: 15px;font-style: normal;font-weight: 400\" href=\"https:\/\/blogsaverroes.juntadeandalucia.es\/grancapitan\/files\/2025\/04\/20250408_094728.jpg\"><img loading=\"lazy\" decoding=\"async\" class=\"size-medium wp-image-21678 alignright\" style=\"padding: 5.275px;background-color: #f0f0f0\" src=\"https:\/\/blogsaverroes.juntadeandalucia.es\/grancapitan\/files\/2025\/04\/20250408_094728-300x225.jpg\" alt=\"\" width=\"300\" height=\"225\" srcset=\"https:\/\/blogsaverroes.juntadeandalucia.es\/grancapitan\/files\/2025\/04\/20250408_094728-300x225.jpg 300w, https:\/\/blogsaverroes.juntadeandalucia.es\/grancapitan\/files\/2025\/04\/20250408_094728-1024x768.jpg 1024w, https:\/\/blogsaverroes.juntadeandalucia.es\/grancapitan\/files\/2025\/04\/20250408_094728-768x576.jpg 768w, https:\/\/blogsaverroes.juntadeandalucia.es\/grancapitan\/files\/2025\/04\/20250408_094728-1536x1152.jpg 1536w, https:\/\/blogsaverroes.juntadeandalucia.es\/grancapitan\/files\/2025\/04\/20250408_094728-2048x1536.jpg 2048w, https:\/\/blogsaverroes.juntadeandalucia.es\/grancapitan\/files\/2025\/04\/20250408_094728-700x525.jpg 700w, https:\/\/blogsaverroes.juntadeandalucia.es\/grancapitan\/files\/2025\/04\/20250408_094728.jpg 1600w\" sizes=\"(max-width: 300px) 100vw, 300px\" \/><\/a> Navidad. Las fechas de la Pascua var\u00edan, pero siempre se celebra el primer domingo despu\u00e9s<\/span>\u00a0de la primera luna llena de primavera.<\/p>\n<p class=\"cvGsUA direction-ltr align-justify para-style-body\">Existen muchas costumbres, folclore y gastronom\u00eda tradicional relacionados con la Pascua y, aunque es una festividad cristiana, hoy en d\u00eda, menos gente la celebra de forma religiosa. Muchos de los s\u00edmbolos y tradiciones de la Pascua que\u00a0vemos hoy en el Reino Unido est\u00e1n relacionados con la primavera, la nueva vida y la fertilidad, como los huevos, los pollitos y los conejos, que se vinculan m\u00e1s con los or\u00edgenes de la Pascua que con el cristianismo.<\/p>\n<p class=\"cvGsUA direction-ltr align-justify para-style-body\"><span class=\"OYPEnA font-feature-liga-off font-feature-clig-off font-feature-calt-off text-decoration-none text-strikethrough-none\">Esta presentaci\u00f3n explica el origen de la \u2018Easter\u2019 y detalla los s\u00edmbolos y tradiciones relacionados con ella en el Reino Unido. Estos incluyen los bollos de Pascua, los huevos de chocolate, el \u2018Easter Bunny\u2019 y la danza Morris, adem\u00e1s de las tradiciones cristianas. Puedes echar un vistazo siguiendo el c\u00f3digo QR aqu\u00ed.<a href=\"https:\/\/blogsaverroes.juntadeandalucia.es\/grancapitan\/files\/2025\/04\/Granca-News-No11.png\"><img loading=\"lazy\" decoding=\"async\" class=\"size-full wp-image-21682 aligncenter\" src=\"https:\/\/blogsaverroes.juntadeandalucia.es\/grancapitan\/files\/2025\/04\/Granca-News-No11.png\" alt=\"\" width=\"155\" height=\"155\" srcset=\"https:\/\/blogsaverroes.juntadeandalucia.es\/grancapitan\/files\/2025\/04\/Granca-News-No11.png 155w, https:\/\/blogsaverroes.juntadeandalucia.es\/grancapitan\/files\/2025\/04\/Granca-News-No11-150x150.png 150w\" sizes=\"(max-width: 155px) 100vw, 155px\" \/><\/a><\/span><\/p>\n<p>&nbsp;<\/p>\n<p><a href=\"https:\/\/blogsaverroes.juntadeandalucia.es\/grancapitan\/files\/2025\/04\/20250407_103916.jpg\"><img loading=\"lazy\" decoding=\"async\" class=\"alignnone size-medium wp-image-21670\" src=\"https:\/\/blogsaverroes.juntadeandalucia.es\/grancapitan\/files\/2025\/04\/20250407_103916-300x225.jpg\" alt=\"\" width=\"300\" height=\"225\" srcset=\"https:\/\/blogsaverroes.juntadeandalucia.es\/grancapitan\/files\/2025\/04\/20250407_103916-300x225.jpg 300w, https:\/\/blogsaverroes.juntadeandalucia.es\/grancapitan\/files\/2025\/04\/20250407_103916-1024x768.jpg 1024w, https:\/\/blogsaverroes.juntadeandalucia.es\/grancapitan\/files\/2025\/04\/20250407_103916-768x576.jpg 768w, https:\/\/blogsaverroes.juntadeandalucia.es\/grancapitan\/files\/2025\/04\/20250407_103916-1536x1152.jpg 1536w, https:\/\/blogsaverroes.juntadeandalucia.es\/grancapitan\/files\/2025\/04\/20250407_103916-2048x1536.jpg 2048w, https:\/\/blogsaverroes.juntadeandalucia.es\/grancapitan\/files\/2025\/04\/20250407_103916-700x525.jpg 700w, https:\/\/blogsaverroes.juntadeandalucia.es\/grancapitan\/files\/2025\/04\/20250407_103916.jpg 1600w\" sizes=\"(max-width: 300px) 100vw, 300px\" \/><\/a> <a href=\"https:\/\/blogsaverroes.juntadeandalucia.es\/grancapitan\/files\/2025\/04\/20250404_092237.jpg\"><img loading=\"lazy\" decoding=\"async\" class=\"alignnone size-medium wp-image-21671\" src=\"https:\/\/blogsaverroes.juntadeandalucia.es\/grancapitan\/files\/2025\/04\/20250404_092237-300x225.jpg\" alt=\"\" width=\"300\" height=\"225\" srcset=\"https:\/\/blogsaverroes.juntadeandalucia.es\/grancapitan\/files\/2025\/04\/20250404_092237-300x225.jpg 300w, https:\/\/blogsaverroes.juntadeandalucia.es\/grancapitan\/files\/2025\/04\/20250404_092237-1024x768.jpg 1024w, https:\/\/blogsaverroes.juntadeandalucia.es\/grancapitan\/files\/2025\/04\/20250404_092237-768x576.jpg 768w, https:\/\/blogsaverroes.juntadeandalucia.es\/grancapitan\/files\/2025\/04\/20250404_092237-700x525.jpg 700w, https:\/\/blogsaverroes.juntadeandalucia.es\/grancapitan\/files\/2025\/04\/20250404_092237.jpg 1333w\" sizes=\"(max-width: 300px) 100vw, 300px\" \/><\/a> <a href=\"https:\/\/blogsaverroes.juntadeandalucia.es\/grancapitan\/files\/2025\/04\/20250407_103906.jpg\"><img loading=\"lazy\" decoding=\"async\" class=\"alignnone size-medium wp-image-21672\" src=\"https:\/\/blogsaverroes.juntadeandalucia.es\/grancapitan\/files\/2025\/04\/20250407_103906-300x225.jpg\" alt=\"\" width=\"300\" height=\"225\" srcset=\"https:\/\/blogsaverroes.juntadeandalucia.es\/grancapitan\/files\/2025\/04\/20250407_103906-300x225.jpg 300w, https:\/\/blogsaverroes.juntadeandalucia.es\/grancapitan\/files\/2025\/04\/20250407_103906-1024x768.jpg 1024w, https:\/\/blogsaverroes.juntadeandalucia.es\/grancapitan\/files\/2025\/04\/20250407_103906-768x576.jpg 768w, https:\/\/blogsaverroes.juntadeandalucia.es\/grancapitan\/files\/2025\/04\/20250407_103906-1536x1152.jpg 1536w, https:\/\/blogsaverroes.juntadeandalucia.es\/grancapitan\/files\/2025\/04\/20250407_103906-2048x1536.jpg 2048w, https:\/\/blogsaverroes.juntadeandalucia.es\/grancapitan\/files\/2025\/04\/20250407_103906-700x525.jpg 700w, https:\/\/blogsaverroes.juntadeandalucia.es\/grancapitan\/files\/2025\/04\/20250407_103906.jpg 1600w\" sizes=\"(max-width: 300px) 100vw, 300px\" \/><\/a> <a href=\"https:\/\/blogsaverroes.juntadeandalucia.es\/grancapitan\/files\/2025\/04\/20250404_092216.jpg\"><img loading=\"lazy\" decoding=\"async\" class=\"alignnone size-medium wp-image-21674\" src=\"https:\/\/blogsaverroes.juntadeandalucia.es\/grancapitan\/files\/2025\/04\/20250404_092216-300x225.jpg\" alt=\"\" width=\"300\" height=\"225\" srcset=\"https:\/\/blogsaverroes.juntadeandalucia.es\/grancapitan\/files\/2025\/04\/20250404_092216-300x225.jpg 300w, https:\/\/blogsaverroes.juntadeandalucia.es\/grancapitan\/files\/2025\/04\/20250404_092216-1024x768.jpg 1024w, https:\/\/blogsaverroes.juntadeandalucia.es\/grancapitan\/files\/2025\/04\/20250404_092216-768x576.jpg 768w, https:\/\/blogsaverroes.juntadeandalucia.es\/grancapitan\/files\/2025\/04\/20250404_092216-700x525.jpg 700w, https:\/\/blogsaverroes.juntadeandalucia.es\/grancapitan\/files\/2025\/04\/20250404_092216.jpg 1333w\" sizes=\"(max-width: 300px) 100vw, 300px\" \/><\/a> <a href=\"https:\/\/blogsaverroes.juntadeandalucia.es\/grancapitan\/files\/2025\/04\/20250404_090925.jpg\"><img loading=\"lazy\" decoding=\"async\" class=\"alignnone size-medium wp-image-21675\" src=\"https:\/\/blogsaverroes.juntadeandalucia.es\/grancapitan\/files\/2025\/04\/20250404_090925-300x225.jpg\" alt=\"\" width=\"300\" height=\"225\" srcset=\"https:\/\/blogsaverroes.juntadeandalucia.es\/grancapitan\/files\/2025\/04\/20250404_090925-300x225.jpg 300w, https:\/\/blogsaverroes.juntadeandalucia.es\/grancapitan\/files\/2025\/04\/20250404_090925-1024x768.jpg 1024w, https:\/\/blogsaverroes.juntadeandalucia.es\/grancapitan\/files\/2025\/04\/20250404_090925-768x576.jpg 768w, https:\/\/blogsaverroes.juntadeandalucia.es\/grancapitan\/files\/2025\/04\/20250404_090925-700x525.jpg 700w, https:\/\/blogsaverroes.juntadeandalucia.es\/grancapitan\/files\/2025\/04\/20250404_090925.jpg 1333w\" sizes=\"(max-width: 300px) 100vw, 300px\" \/><\/a><a href=\"https:\/\/blogsaverroes.juntadeandalucia.es\/grancapitan\/files\/2025\/04\/20250408_090000.jpg\"><img loading=\"lazy\" decoding=\"async\" class=\"alignnone size-medium wp-image-21677\" src=\"https:\/\/blogsaverroes.juntadeandalucia.es\/grancapitan\/files\/2025\/04\/20250408_090000-300x199.jpg\" alt=\"\" width=\"300\" height=\"199\" srcset=\"https:\/\/blogsaverroes.juntadeandalucia.es\/grancapitan\/files\/2025\/04\/20250408_090000-300x199.jpg 300w, https:\/\/blogsaverroes.juntadeandalucia.es\/grancapitan\/files\/2025\/04\/20250408_090000-1024x678.jpg 1024w, https:\/\/blogsaverroes.juntadeandalucia.es\/grancapitan\/files\/2025\/04\/20250408_090000-768x508.jpg 768w, https:\/\/blogsaverroes.juntadeandalucia.es\/grancapitan\/files\/2025\/04\/20250408_090000-1536x1017.jpg 1536w, https:\/\/blogsaverroes.juntadeandalucia.es\/grancapitan\/files\/2025\/04\/20250408_090000-2048x1355.jpg 2048w, https:\/\/blogsaverroes.juntadeandalucia.es\/grancapitan\/files\/2025\/04\/20250408_090000-700x463.jpg 700w, https:\/\/blogsaverroes.juntadeandalucia.es\/grancapitan\/files\/2025\/04\/20250408_090000.jpg 1600w\" sizes=\"(max-width: 300px) 100vw, 300px\" \/><\/a> <a href=\"https:\/\/blogsaverroes.juntadeandalucia.es\/grancapitan\/files\/2025\/04\/20250408_132233.jpg\"><img loading=\"lazy\" decoding=\"async\" class=\"alignnone size-medium wp-image-21679\" src=\"https:\/\/blogsaverroes.juntadeandalucia.es\/grancapitan\/files\/2025\/04\/20250408_132233-300x225.jpg\" alt=\"\" width=\"300\" height=\"225\" srcset=\"https:\/\/blogsaverroes.juntadeandalucia.es\/grancapitan\/files\/2025\/04\/20250408_132233-300x225.jpg 300w, https:\/\/blogsaverroes.juntadeandalucia.es\/grancapitan\/files\/2025\/04\/20250408_132233-1024x768.jpg 1024w, https:\/\/blogsaverroes.juntadeandalucia.es\/grancapitan\/files\/2025\/04\/20250408_132233-768x576.jpg 768w, https:\/\/blogsaverroes.juntadeandalucia.es\/grancapitan\/files\/2025\/04\/20250408_132233-1536x1152.jpg 1536w, https:\/\/blogsaverroes.juntadeandalucia.es\/grancapitan\/files\/2025\/04\/20250408_132233-2048x1536.jpg 2048w, https:\/\/blogsaverroes.juntadeandalucia.es\/grancapitan\/files\/2025\/04\/20250408_132233-700x525.jpg 700w\" sizes=\"(max-width: 300px) 100vw, 300px\" \/><\/a> <a href=\"https:\/\/blogsaverroes.juntadeandalucia.es\/grancapitan\/files\/2025\/04\/20250408_132249.jpg\"><img loading=\"lazy\" decoding=\"async\" class=\"alignnone size-medium wp-image-21680\" src=\"https:\/\/blogsaverroes.juntadeandalucia.es\/grancapitan\/files\/2025\/04\/20250408_132249-300x225.jpg\" alt=\"\" width=\"300\" height=\"225\" srcset=\"https:\/\/blogsaverroes.juntadeandalucia.es\/grancapitan\/files\/2025\/04\/20250408_132249-300x225.jpg 300w, https:\/\/blogsaverroes.juntadeandalucia.es\/grancapitan\/files\/2025\/04\/20250408_132249-1024x768.jpg 1024w, https:\/\/blogsaverroes.juntadeandalucia.es\/grancapitan\/files\/2025\/04\/20250408_132249-768x576.jpg 768w, https:\/\/blogsaverroes.juntadeandalucia.es\/grancapitan\/files\/2025\/04\/20250408_132249-1536x1152.jpg 1536w, https:\/\/blogsaverroes.juntadeandalucia.es\/grancapitan\/files\/2025\/04\/20250408_132249-2048x1536.jpg 2048w, https:\/\/blogsaverroes.juntadeandalucia.es\/grancapitan\/files\/2025\/04\/20250408_132249-700x525.jpg 700w, https:\/\/blogsaverroes.juntadeandalucia.es\/grancapitan\/files\/2025\/04\/20250408_132249.jpg 1600w\" sizes=\"(max-width: 300px) 100vw, 300px\" \/><\/a><\/p>\n<p><a href=\"https:\/\/blogsaverroes.juntadeandalucia.es\/grancapitan\/files\/2025\/04\/20250409_101334-rotated.jpg\"><img loading=\"lazy\" decoding=\"async\" class=\"alignnone size-medium wp-image-21685\" src=\"https:\/\/blogsaverroes.juntadeandalucia.es\/grancapitan\/files\/2025\/04\/20250409_101334-225x300.jpg\" alt=\"\" width=\"225\" height=\"300\" srcset=\"https:\/\/blogsaverroes.juntadeandalucia.es\/grancapitan\/files\/2025\/04\/20250409_101334-225x300.jpg 225w, https:\/\/blogsaverroes.juntadeandalucia.es\/grancapitan\/files\/2025\/04\/20250409_101334-768x1024.jpg 768w, https:\/\/blogsaverroes.juntadeandalucia.es\/grancapitan\/files\/2025\/04\/20250409_101334-1152x1536.jpg 1152w, https:\/\/blogsaverroes.juntadeandalucia.es\/grancapitan\/files\/2025\/04\/20250409_101334-1536x2048.jpg 1536w, https:\/\/blogsaverroes.juntadeandalucia.es\/grancapitan\/files\/2025\/04\/20250409_101334-700x933.jpg 700w\" sizes=\"(max-width: 225px) 100vw, 225px\" \/><\/a> <a href=\"https:\/\/blogsaverroes.juntadeandalucia.es\/grancapitan\/files\/2025\/04\/20250409_104321.jpg\"><img loading=\"lazy\" decoding=\"async\" class=\"alignnone size-medium wp-image-21686\" src=\"https:\/\/blogsaverroes.juntadeandalucia.es\/grancapitan\/files\/2025\/04\/20250409_104321-300x225.jpg\" alt=\"\" width=\"300\" height=\"225\" srcset=\"https:\/\/blogsaverroes.juntadeandalucia.es\/grancapitan\/files\/2025\/04\/20250409_104321-300x225.jpg 300w, https:\/\/blogsaverroes.juntadeandalucia.es\/grancapitan\/files\/2025\/04\/20250409_104321-1024x768.jpg 1024w, https:\/\/blogsaverroes.juntadeandalucia.es\/grancapitan\/files\/2025\/04\/20250409_104321-768x576.jpg 768w, https:\/\/blogsaverroes.juntadeandalucia.es\/grancapitan\/files\/2025\/04\/20250409_104321-1536x1152.jpg 1536w, https:\/\/blogsaverroes.juntadeandalucia.es\/grancapitan\/files\/2025\/04\/20250409_104321-2048x1536.jpg 2048w, https:\/\/blogsaverroes.juntadeandalucia.es\/grancapitan\/files\/2025\/04\/20250409_104321-700x525.jpg 700w, https:\/\/blogsaverroes.juntadeandalucia.es\/grancapitan\/files\/2025\/04\/20250409_104321.jpg 1600w\" sizes=\"(max-width: 300px) 100vw, 300px\" \/><\/a> <a href=\"https:\/\/blogsaverroes.juntadeandalucia.es\/grancapitan\/files\/2025\/04\/20250409_121710.jpg\"><img loading=\"lazy\" decoding=\"async\" class=\"alignnone size-medium wp-image-21687\" src=\"https:\/\/blogsaverroes.juntadeandalucia.es\/grancapitan\/files\/2025\/04\/20250409_121710-300x225.jpg\" alt=\"\" width=\"300\" height=\"225\" srcset=\"https:\/\/blogsaverroes.juntadeandalucia.es\/grancapitan\/files\/2025\/04\/20250409_121710-300x225.jpg 300w, https:\/\/blogsaverroes.juntadeandalucia.es\/grancapitan\/files\/2025\/04\/20250409_121710-1024x768.jpg 1024w, https:\/\/blogsaverroes.juntadeandalucia.es\/grancapitan\/files\/2025\/04\/20250409_121710-768x576.jpg 768w, https:\/\/blogsaverroes.juntadeandalucia.es\/grancapitan\/files\/2025\/04\/20250409_121710-1536x1152.jpg 1536w, https:\/\/blogsaverroes.juntadeandalucia.es\/grancapitan\/files\/2025\/04\/20250409_121710-2048x1536.jpg 2048w, https:\/\/blogsaverroes.juntadeandalucia.es\/grancapitan\/files\/2025\/04\/20250409_121710-700x525.jpg 700w\" sizes=\"(max-width: 300px) 100vw, 300px\" \/><\/a> <a href=\"https:\/\/blogsaverroes.juntadeandalucia.es\/grancapitan\/files\/2025\/04\/20250409_122709-rotated.jpg\"><img loading=\"lazy\" decoding=\"async\" class=\"alignnone size-medium wp-image-21688\" src=\"https:\/\/blogsaverroes.juntadeandalucia.es\/grancapitan\/files\/2025\/04\/20250409_122709-225x300.jpg\" alt=\"\" width=\"225\" height=\"300\" srcset=\"https:\/\/blogsaverroes.juntadeandalucia.es\/grancapitan\/files\/2025\/04\/20250409_122709-225x300.jpg 225w, https:\/\/blogsaverroes.juntadeandalucia.es\/grancapitan\/files\/2025\/04\/20250409_122709-768x1024.jpg 768w, https:\/\/blogsaverroes.juntadeandalucia.es\/grancapitan\/files\/2025\/04\/20250409_122709-1152x1536.jpg 1152w, https:\/\/blogsaverroes.juntadeandalucia.es\/grancapitan\/files\/2025\/04\/20250409_122709-1536x2048.jpg 1536w, https:\/\/blogsaverroes.juntadeandalucia.es\/grancapitan\/files\/2025\/04\/20250409_122709-700x933.jpg 700w, https:\/\/blogsaverroes.juntadeandalucia.es\/grancapitan\/files\/2025\/04\/20250409_122709-rotated.jpg 1200w\" sizes=\"(max-width: 225px) 100vw, 225px\" \/><\/a> <a href=\"https:\/\/blogsaverroes.juntadeandalucia.es\/grancapitan\/files\/2025\/04\/20250409_123526-rotated.jpg\"><img loading=\"lazy\" decoding=\"async\" class=\"alignnone size-medium wp-image-21689\" src=\"https:\/\/blogsaverroes.juntadeandalucia.es\/grancapitan\/files\/2025\/04\/20250409_123526-225x300.jpg\" alt=\"\" width=\"225\" height=\"300\" srcset=\"https:\/\/blogsaverroes.juntadeandalucia.es\/grancapitan\/files\/2025\/04\/20250409_123526-225x300.jpg 225w, https:\/\/blogsaverroes.juntadeandalucia.es\/grancapitan\/files\/2025\/04\/20250409_123526-768x1024.jpg 768w, https:\/\/blogsaverroes.juntadeandalucia.es\/grancapitan\/files\/2025\/04\/20250409_123526-1152x1536.jpg 1152w, https:\/\/blogsaverroes.juntadeandalucia.es\/grancapitan\/files\/2025\/04\/20250409_123526-1536x2048.jpg 1536w, https:\/\/blogsaverroes.juntadeandalucia.es\/grancapitan\/files\/2025\/04\/20250409_123526-700x933.jpg 700w\" sizes=\"(max-width: 225px) 100vw, 225px\" \/><\/a> <a href=\"https:\/\/blogsaverroes.juntadeandalucia.es\/grancapitan\/files\/2025\/04\/IMG-20250409-WA0016-1.jpg\"><img loading=\"lazy\" decoding=\"async\" class=\"alignnone size-medium wp-image-21690\" src=\"https:\/\/blogsaverroes.juntadeandalucia.es\/grancapitan\/files\/2025\/04\/IMG-20250409-WA0016-1-225x300.jpg\" alt=\"\" width=\"225\" height=\"300\" srcset=\"https:\/\/blogsaverroes.juntadeandalucia.es\/grancapitan\/files\/2025\/04\/IMG-20250409-WA0016-1-225x300.jpg 225w, https:\/\/blogsaverroes.juntadeandalucia.es\/grancapitan\/files\/2025\/04\/IMG-20250409-WA0016-1-768x1024.jpg 768w, https:\/\/blogsaverroes.juntadeandalucia.es\/grancapitan\/files\/2025\/04\/IMG-20250409-WA0016-1-1152x1536.jpg 1152w, https:\/\/blogsaverroes.juntadeandalucia.es\/grancapitan\/files\/2025\/04\/IMG-20250409-WA0016-1-700x933.jpg 700w, https:\/\/blogsaverroes.juntadeandalucia.es\/grancapitan\/files\/2025\/04\/IMG-20250409-WA0016-1.jpg 1200w\" sizes=\"(max-width: 225px) 100vw, 225px\" \/><\/a><\/p>\n","protected":false},"excerpt":{"rendered":"<p>Entre las diferentes versiones sobre el origen de la palabra Easter, hemos elegido como referencia la creencia de que esta palabra deriva del nombre anglosaj\u00f3n&hellip;<\/p>\n","protected":false},"author":8360,"featured_media":21667,"comment_status":"open","ping_status":"open","sticky":false,"template":"","format":"standard","meta":{"ngg_post_thumbnail":0,"footnotes":""},"categories":[140,28259],"tags":[451473,1838499],"aioseo_notices":[],"_links":{"self":[{"href":"https:\/\/blogsaverroes.juntadeandalucia.es\/grancapitan\/wp-json\/wp\/v2\/posts\/21651"}],"collection":[{"href":"https:\/\/blogsaverroes.juntadeandalucia.es\/grancapitan\/wp-json\/wp\/v2\/posts"}],"about":[{"href":"https:\/\/blogsaverroes.juntadeandalucia.es\/grancapitan\/wp-json\/wp\/v2\/types\/post"}],"author":[{"embeddable":true,"href":"https:\/\/blogsaverroes.juntadeandalucia.es\/grancapitan\/wp-json\/wp\/v2\/users\/8360"}],"replies":[{"embeddable":true,"href":"https:\/\/blogsaverroes.juntadeandalucia.es\/grancapitan\/wp-json\/wp\/v2\/comments?post=21651"}],"version-history":[{"count":4,"href":"https:\/\/blogsaverroes.juntadeandalucia.es\/grancapitan\/wp-json\/wp\/v2\/posts\/21651\/revisions"}],"predecessor-version":[{"id":21692,"href":"https:\/\/blogsaverroes.juntadeandalucia.es\/grancapitan\/wp-json\/wp\/v2\/posts\/21651\/revisions\/21692"}],"wp:featuredmedia":[{"embeddable":true,"href":"https:\/\/blogsaverroes.juntadeandalucia.es\/grancapitan\/wp-json\/wp\/v2\/media\/21667"}],"wp:attachment":[{"href":"https:\/\/blogsaverroes.juntadeandalucia.es\/grancapitan\/wp-json\/wp\/v2\/media?parent=21651"}],"wp:term":[{"taxonomy":"category","embeddable":true,"href":"https:\/\/blogsaverroes.juntadeandalucia.es\/grancapitan\/wp-json\/wp\/v2\/categories?post=21651"},{"taxonomy":"post_tag","embeddable":true,"href":"https:\/\/blogsaverroes.juntadeandalucia.es\/grancapitan\/wp-json\/wp\/v2\/tags?post=21651"}],"curies":[{"name":"wp","href":"https:\/\/api.w.org\/{rel}","templated":true}]}}