{"id":4551,"date":"2017-06-27T23:39:38","date_gmt":"2017-06-27T22:39:38","guid":{"rendered":"http:\/\/blogsaverroes.juntadeandalucia.es\/grancapitan\/?p=4551"},"modified":"2017-06-27T23:53:01","modified_gmt":"2017-06-27T22:53:01","slug":"nos-preparamos-para-nuestro-erasmus","status":"publish","type":"post","link":"https:\/\/blogsaverroes.juntadeandalucia.es\/grancapitan\/2017\/06\/27\/nos-preparamos-para-nuestro-erasmus\/","title":{"rendered":"Nos preparamos para nuestro Erasmus"},"content":{"rendered":"<p>Hola a todos y todas de nuevo!<\/p>\n<p style=\"text-align: justify\">Como ya sab\u00e9is volvimos a conseguir que nos concedieran un proyecto Erasmus +, pero lo que quiz\u00e1 no sep\u00e1is es que solo han sido siete los proyectos seleccionados en la provincia de C\u00f3rdoba y por supuesto el \u00fanico de Montilla. Este es un aspecto m\u00e1s por el que sentirnos orgullosos de nuestro centro.<\/p>\n<p style=\"text-align: justify\">Este \u00faltima semana de junio , nuestro coordinador el proyecto, ha asistido a las jornadas que organiz\u00f3 el SEPIE (organismo espa\u00f1ol para la internacionalizaci\u00f3n de la educaci\u00f3n) en Valladolid.<\/p>\n<p><img loading=\"lazy\" decoding=\"async\" class=\"alignnone size-medium wp-image-4552 aligncenter\" src=\"https:\/\/blogsaverroes.juntadeandalucia.es\/grancapitan\/files\/2017\/06\/20170626_095609-300x169.jpg\" alt=\"\" width=\"300\" height=\"169\" srcset=\"https:\/\/blogsaverroes.juntadeandalucia.es\/grancapitan\/files\/2017\/06\/20170626_095609-300x169.jpg 300w, https:\/\/blogsaverroes.juntadeandalucia.es\/grancapitan\/files\/2017\/06\/20170626_095609-768x432.jpg 768w, https:\/\/blogsaverroes.juntadeandalucia.es\/grancapitan\/files\/2017\/06\/20170626_095609-1024x576.jpg 1024w, https:\/\/blogsaverroes.juntadeandalucia.es\/grancapitan\/files\/2017\/06\/20170626_095609-700x393.jpg 700w, https:\/\/blogsaverroes.juntadeandalucia.es\/grancapitan\/files\/2017\/06\/20170626_095609-24x14.jpg 24w, https:\/\/blogsaverroes.juntadeandalucia.es\/grancapitan\/files\/2017\/06\/20170626_095609-36x20.jpg 36w, https:\/\/blogsaverroes.juntadeandalucia.es\/grancapitan\/files\/2017\/06\/20170626_095609-48x27.jpg 48w, https:\/\/blogsaverroes.juntadeandalucia.es\/grancapitan\/files\/2017\/06\/20170626_095609.jpg 1600w\" sizes=\"(max-width: 300px) 100vw, 300px\" \/> <img loading=\"lazy\" decoding=\"async\" class=\"alignnone size-medium wp-image-4555 aligncenter\" src=\"https:\/\/blogsaverroes.juntadeandalucia.es\/grancapitan\/files\/2017\/06\/20170626_095915-300x169.jpg\" alt=\"\" width=\"300\" height=\"169\" srcset=\"https:\/\/blogsaverroes.juntadeandalucia.es\/grancapitan\/files\/2017\/06\/20170626_095915-300x169.jpg 300w, https:\/\/blogsaverroes.juntadeandalucia.es\/grancapitan\/files\/2017\/06\/20170626_095915-768x432.jpg 768w, https:\/\/blogsaverroes.juntadeandalucia.es\/grancapitan\/files\/2017\/06\/20170626_095915-1024x576.jpg 1024w, https:\/\/blogsaverroes.juntadeandalucia.es\/grancapitan\/files\/2017\/06\/20170626_095915-700x393.jpg 700w, https:\/\/blogsaverroes.juntadeandalucia.es\/grancapitan\/files\/2017\/06\/20170626_095915-24x14.jpg 24w, https:\/\/blogsaverroes.juntadeandalucia.es\/grancapitan\/files\/2017\/06\/20170626_095915-36x20.jpg 36w, https:\/\/blogsaverroes.juntadeandalucia.es\/grancapitan\/files\/2017\/06\/20170626_095915-48x27.jpg 48w, https:\/\/blogsaverroes.juntadeandalucia.es\/grancapitan\/files\/2017\/06\/20170626_095915.jpg 1600w\" sizes=\"(max-width: 300px) 100vw, 300px\" \/><\/p>\n<p style=\"text-align: justify\">Durante el lunes y el martes hemos asistido a diferentes conferencias donde nos han explicado los pasos que deberemos seguir a partir de este momento para conseguir un buen desarrollo de nuestro proyecto. De todos estos momentos de formaci\u00f3n me quedo con los encuentros en grupos de trabajo donde hemos establecido contacto con centros de toda la geograf\u00eda espa\u00f1ola, muchos de ellos con gran experiencia en proyectos europeos, y con los que hemos quedado en mantener una estrecha colaboraci\u00f3n.<\/p>\n<p><img loading=\"lazy\" decoding=\"async\" class=\"alignnone size-medium wp-image-4556 aligncenter\" src=\"https:\/\/blogsaverroes.juntadeandalucia.es\/grancapitan\/files\/2017\/06\/20170626_144810-300x169.jpg\" alt=\"\" width=\"300\" height=\"169\" srcset=\"https:\/\/blogsaverroes.juntadeandalucia.es\/grancapitan\/files\/2017\/06\/20170626_144810-300x169.jpg 300w, https:\/\/blogsaverroes.juntadeandalucia.es\/grancapitan\/files\/2017\/06\/20170626_144810-768x432.jpg 768w, https:\/\/blogsaverroes.juntadeandalucia.es\/grancapitan\/files\/2017\/06\/20170626_144810-1024x576.jpg 1024w, https:\/\/blogsaverroes.juntadeandalucia.es\/grancapitan\/files\/2017\/06\/20170626_144810-700x393.jpg 700w, https:\/\/blogsaverroes.juntadeandalucia.es\/grancapitan\/files\/2017\/06\/20170626_144810-24x14.jpg 24w, https:\/\/blogsaverroes.juntadeandalucia.es\/grancapitan\/files\/2017\/06\/20170626_144810-36x20.jpg 36w, https:\/\/blogsaverroes.juntadeandalucia.es\/grancapitan\/files\/2017\/06\/20170626_144810-48x27.jpg 48w, https:\/\/blogsaverroes.juntadeandalucia.es\/grancapitan\/files\/2017\/06\/20170626_144810.jpg 1600w\" sizes=\"(max-width: 300px) 100vw, 300px\" \/><\/p>\n<p style=\"text-align: justify\">Pero no voy a deciros que solo ha sido trabajo, \u00a1no soy un mentirosillo!. En la tarde del lunes pudimos realizar una visita guiada en esta maravillosa ciudad y m\u00e1s tarde disfrutar de su m\u00e1s que deliciosa&nbsp;gastronom\u00eda. Si no la conoc\u00e9is no dej\u00e9is de visitarla.<\/p>\n<p>&nbsp;<\/p>\n<p><img loading=\"lazy\" decoding=\"async\" class=\"alignnone size-medium wp-image-4557 aligncenter\" src=\"https:\/\/blogsaverroes.juntadeandalucia.es\/grancapitan\/files\/2017\/06\/20170626_193939-300x169.jpg\" alt=\"\" width=\"300\" height=\"169\" srcset=\"https:\/\/blogsaverroes.juntadeandalucia.es\/grancapitan\/files\/2017\/06\/20170626_193939-300x169.jpg 300w, https:\/\/blogsaverroes.juntadeandalucia.es\/grancapitan\/files\/2017\/06\/20170626_193939-768x432.jpg 768w, https:\/\/blogsaverroes.juntadeandalucia.es\/grancapitan\/files\/2017\/06\/20170626_193939-1024x576.jpg 1024w, https:\/\/blogsaverroes.juntadeandalucia.es\/grancapitan\/files\/2017\/06\/20170626_193939-700x393.jpg 700w, https:\/\/blogsaverroes.juntadeandalucia.es\/grancapitan\/files\/2017\/06\/20170626_193939-24x14.jpg 24w, https:\/\/blogsaverroes.juntadeandalucia.es\/grancapitan\/files\/2017\/06\/20170626_193939-36x20.jpg 36w, https:\/\/blogsaverroes.juntadeandalucia.es\/grancapitan\/files\/2017\/06\/20170626_193939-48x27.jpg 48w, https:\/\/blogsaverroes.juntadeandalucia.es\/grancapitan\/files\/2017\/06\/20170626_193939.jpg 1600w\" sizes=\"(max-width: 300px) 100vw, 300px\" \/>&nbsp; &nbsp; &nbsp; &nbsp; &nbsp;<img loading=\"lazy\" decoding=\"async\" class=\"alignnone  wp-image-4566\" src=\"https:\/\/blogsaverroes.juntadeandalucia.es\/grancapitan\/files\/2017\/06\/Logo-tendiendo-puentes-300x300.jpg\" alt=\"\" width=\"124\" height=\"124\"\/>&nbsp;<img loading=\"lazy\" decoding=\"async\" class=\"alignnone  wp-image-4321\" src=\"https:\/\/blogsaverroes.juntadeandalucia.es\/grancapitan\/files\/2017\/05\/logo-300x73.png\" alt=\"\" width=\"493\" height=\"120\"\/><\/p>\n<p>&nbsp;<\/p>\n","protected":false},"excerpt":{"rendered":"<p>Hola a todos y todas de nuevo! Como ya sab\u00e9is volvimos a conseguir que nos concedieran un proyecto Erasmus +, pero lo que quiz\u00e1 no&hellip;<\/p>\n","protected":false},"author":3368,"featured_media":4560,"comment_status":"open","ping_status":"open","sticky":false,"template":"","format":"standard","meta":{"ngg_post_thumbnail":0,"footnotes":""},"categories":[21040,28259],"tags":[],"aioseo_notices":[],"_links":{"self":[{"href":"https:\/\/blogsaverroes.juntadeandalucia.es\/grancapitan\/wp-json\/wp\/v2\/posts\/4551"}],"collection":[{"href":"https:\/\/blogsaverroes.juntadeandalucia.es\/grancapitan\/wp-json\/wp\/v2\/posts"}],"about":[{"href":"https:\/\/blogsaverroes.juntadeandalucia.es\/grancapitan\/wp-json\/wp\/v2\/types\/post"}],"author":[{"embeddable":true,"href":"https:\/\/blogsaverroes.juntadeandalucia.es\/grancapitan\/wp-json\/wp\/v2\/users\/3368"}],"replies":[{"embeddable":true,"href":"https:\/\/blogsaverroes.juntadeandalucia.es\/grancapitan\/wp-json\/wp\/v2\/comments?post=4551"}],"version-history":[{"count":3,"href":"https:\/\/blogsaverroes.juntadeandalucia.es\/grancapitan\/wp-json\/wp\/v2\/posts\/4551\/revisions"}],"predecessor-version":[{"id":4567,"href":"https:\/\/blogsaverroes.juntadeandalucia.es\/grancapitan\/wp-json\/wp\/v2\/posts\/4551\/revisions\/4567"}],"wp:featuredmedia":[{"embeddable":true,"href":"https:\/\/blogsaverroes.juntadeandalucia.es\/grancapitan\/wp-json\/wp\/v2\/media\/4560"}],"wp:attachment":[{"href":"https:\/\/blogsaverroes.juntadeandalucia.es\/grancapitan\/wp-json\/wp\/v2\/media?parent=4551"}],"wp:term":[{"taxonomy":"category","embeddable":true,"href":"https:\/\/blogsaverroes.juntadeandalucia.es\/grancapitan\/wp-json\/wp\/v2\/categories?post=4551"},{"taxonomy":"post_tag","embeddable":true,"href":"https:\/\/blogsaverroes.juntadeandalucia.es\/grancapitan\/wp-json\/wp\/v2\/tags?post=4551"}],"curies":[{"name":"wp","href":"https:\/\/api.w.org\/{rel}","templated":true}]}}