{"id":4595,"date":"2017-08-21T23:59:01","date_gmt":"2017-08-21T22:59:01","guid":{"rendered":"http:\/\/blogsaverroes.juntadeandalucia.es\/grancapitan\/?p=4595"},"modified":"2017-08-21T23:59:01","modified_gmt":"2017-08-21T22:59:01","slug":"a-nuestro-querido-alfonso","status":"publish","type":"post","link":"https:\/\/blogsaverroes.juntadeandalucia.es\/grancapitan\/2017\/08\/21\/a-nuestro-querido-alfonso\/","title":{"rendered":"A NUESTRO QUERIDO ALFONSO"},"content":{"rendered":"<p>Cuando crees que puedes soportar cualquier cosa, por desagradable que sea, que la vida te reserve, se va una persona querid\u00edsima por todos que desde hace once a\u00f1os comparti\u00f3 sus d\u00edas con nosotros.<\/p>\n<p>No se encuentran palabras que expresen el dolor que se siente y la sensaci\u00f3n de incredulidad ante la noticia.<\/p>\n<p>Los maestros y maestras que&nbsp; te conocimos, te recordaremos como un alumno educado, amable y querido y respetado por todos de una forma muy especial.<\/p>\n<p>&nbsp;Toda la comunidad educativa del CEIP Gran Capit\u00e1n comparte&nbsp; el sentimiento de dolor con tu hermano Jose y tus padres.<\/p>\n<p>Siempre estar\u00e1s en nuestra memoria.<\/p>\n<p>Descansa en paz Alfonso.<\/p>\n","protected":false},"excerpt":{"rendered":"<p>Cuando crees que puedes soportar cualquier cosa, por desagradable que sea, que la vida te reserve, se va una persona querid\u00edsima por todos que desde&hellip;<\/p>\n","protected":false},"author":3287,"featured_media":4594,"comment_status":"open","ping_status":"open","sticky":false,"template":"","format":"standard","meta":{"ngg_post_thumbnail":0,"footnotes":""},"categories":[11909],"tags":[],"aioseo_notices":[],"_links":{"self":[{"href":"https:\/\/blogsaverroes.juntadeandalucia.es\/grancapitan\/wp-json\/wp\/v2\/posts\/4595"}],"collection":[{"href":"https:\/\/blogsaverroes.juntadeandalucia.es\/grancapitan\/wp-json\/wp\/v2\/posts"}],"about":[{"href":"https:\/\/blogsaverroes.juntadeandalucia.es\/grancapitan\/wp-json\/wp\/v2\/types\/post"}],"author":[{"embeddable":true,"href":"https:\/\/blogsaverroes.juntadeandalucia.es\/grancapitan\/wp-json\/wp\/v2\/users\/3287"}],"replies":[{"embeddable":true,"href":"https:\/\/blogsaverroes.juntadeandalucia.es\/grancapitan\/wp-json\/wp\/v2\/comments?post=4595"}],"version-history":[{"count":1,"href":"https:\/\/blogsaverroes.juntadeandalucia.es\/grancapitan\/wp-json\/wp\/v2\/posts\/4595\/revisions"}],"predecessor-version":[{"id":4596,"href":"https:\/\/blogsaverroes.juntadeandalucia.es\/grancapitan\/wp-json\/wp\/v2\/posts\/4595\/revisions\/4596"}],"wp:featuredmedia":[{"embeddable":true,"href":"https:\/\/blogsaverroes.juntadeandalucia.es\/grancapitan\/wp-json\/wp\/v2\/media\/4594"}],"wp:attachment":[{"href":"https:\/\/blogsaverroes.juntadeandalucia.es\/grancapitan\/wp-json\/wp\/v2\/media?parent=4595"}],"wp:term":[{"taxonomy":"category","embeddable":true,"href":"https:\/\/blogsaverroes.juntadeandalucia.es\/grancapitan\/wp-json\/wp\/v2\/categories?post=4595"},{"taxonomy":"post_tag","embeddable":true,"href":"https:\/\/blogsaverroes.juntadeandalucia.es\/grancapitan\/wp-json\/wp\/v2\/tags?post=4595"}],"curies":[{"name":"wp","href":"https:\/\/api.w.org\/{rel}","templated":true}]}}