{"id":7331,"date":"2018-09-03T11:43:53","date_gmt":"2018-09-03T10:43:53","guid":{"rendered":"https:\/\/blogsaverroes.juntadeandalucia.es\/grancapitan\/?p=7331"},"modified":"2018-09-03T11:43:53","modified_gmt":"2018-09-03T10:43:53","slug":"comunicado-de-bienvenida","status":"publish","type":"post","link":"https:\/\/blogsaverroes.juntadeandalucia.es\/grancapitan\/2018\/09\/03\/comunicado-de-bienvenida\/","title":{"rendered":"Comunicado de bienvenida"},"content":{"rendered":"<p align=\"justify\"><span style=\"font-family: Arial, sans-serif\">Queridas familias:<\/span><\/p>\n<p align=\"justify\"><span style=\"font-family: Arial, sans-serif\">Deseando que hay\u00e1is pasado un verano reparador, os comunico que el Claustro del colegio est\u00e1 preparado para comenzar un nuevo curso con ilusi\u00f3n y ganas de recibir de nuevo a nuestro alumnado, a los veteranos\/as y a aquellos\/as que se incorporan por primera vez..<\/span><\/p>\n<p align=\"justify\"><span style=\"font-family: Arial, sans-serif\">Os informo de que el d\u00eda 10 de septiembre no funcionar\u00e1 el servicio de Aula Matinal porque el horario de entrada ser\u00e1 a las <strong>11: 00 horas para Primaria e Infantil de 4 y 5 a\u00f1os y 11:30 horas para Infantil de 3 a\u00f1os, terminando la jornada para todos\/as a las 13:45 horas.<\/strong><\/span><\/p>\n<p align=\"justify\"><span style=\"font-family: Arial, sans-serif\">El servicio de Comedor funcionar\u00e1 con normalidad desde el d\u00eda 10 de septiembre y el Aula Matinal a partir del d\u00eda 11.<\/span><\/p>\n<p align=\"justify\"><span style=\"font-family: Arial, sans-serif\">Deseando vuestra colaboraci\u00f3n como hasta ahora, me despido hasta vernos en el Colegio.<\/span><\/p>\n<p align=\"justify\"><span style=\"font-family: Arial, sans-serif\">Un afectuoso saludo.<\/span><\/p>\n<p align=\"justify\"><span style=\"font-family: Arial, sans-serif\">La Directora: Aurora Gar\u00e9s<\/span><\/p>\n","protected":false},"excerpt":{"rendered":"<p>Queridas familias: Deseando que hay\u00e1is pasado un verano reparador, os comunico que el Claustro del colegio est\u00e1 preparado para comenzar un nuevo curso con ilusi\u00f3n&hellip;<\/p>\n","protected":false},"author":3287,"featured_media":0,"comment_status":"open","ping_status":"open","sticky":false,"template":"","format":"standard","meta":{"ngg_post_thumbnail":0,"footnotes":""},"categories":[11909],"tags":[],"aioseo_notices":[],"_links":{"self":[{"href":"https:\/\/blogsaverroes.juntadeandalucia.es\/grancapitan\/wp-json\/wp\/v2\/posts\/7331"}],"collection":[{"href":"https:\/\/blogsaverroes.juntadeandalucia.es\/grancapitan\/wp-json\/wp\/v2\/posts"}],"about":[{"href":"https:\/\/blogsaverroes.juntadeandalucia.es\/grancapitan\/wp-json\/wp\/v2\/types\/post"}],"author":[{"embeddable":true,"href":"https:\/\/blogsaverroes.juntadeandalucia.es\/grancapitan\/wp-json\/wp\/v2\/users\/3287"}],"replies":[{"embeddable":true,"href":"https:\/\/blogsaverroes.juntadeandalucia.es\/grancapitan\/wp-json\/wp\/v2\/comments?post=7331"}],"version-history":[{"count":1,"href":"https:\/\/blogsaverroes.juntadeandalucia.es\/grancapitan\/wp-json\/wp\/v2\/posts\/7331\/revisions"}],"predecessor-version":[{"id":7332,"href":"https:\/\/blogsaverroes.juntadeandalucia.es\/grancapitan\/wp-json\/wp\/v2\/posts\/7331\/revisions\/7332"}],"wp:attachment":[{"href":"https:\/\/blogsaverroes.juntadeandalucia.es\/grancapitan\/wp-json\/wp\/v2\/media?parent=7331"}],"wp:term":[{"taxonomy":"category","embeddable":true,"href":"https:\/\/blogsaverroes.juntadeandalucia.es\/grancapitan\/wp-json\/wp\/v2\/categories?post=7331"},{"taxonomy":"post_tag","embeddable":true,"href":"https:\/\/blogsaverroes.juntadeandalucia.es\/grancapitan\/wp-json\/wp\/v2\/tags?post=7331"}],"curies":[{"name":"wp","href":"https:\/\/api.w.org\/{rel}","templated":true}]}}